{"id":68735,"date":"2025-02-18T09:43:45","date_gmt":"2025-02-18T11:43:45","guid":{"rendered":"https:\/\/www2.comunitaria.com.br\/?p=68735"},"modified":"2025-02-18T09:43:45","modified_gmt":"2025-02-18T11:43:45","slug":"donos-de-agencia-de-turismo-no-rs-sao-indiciados-por-estelionato","status":"publish","type":"post","link":"https:\/\/www2.comunitaria.com.br\/en\/donos-de-agencia-de-turismo-no-rs-sao-indiciados-por-estelionato\/","title":{"rendered":"Donos de ag\u00eancia de turismo no RS s\u00e3o indiciados por estelionato"},"content":{"rendered":"<div id=\"chunk-382p5\">\n<div class=\"mc-column content-text active-extra-styles\" data-block-type=\"unstyled\" data-block-weight=\"59\" data-block-id=\"3\">\n<p class=\"content-text__container\" style=\"text-align: justify;\" data-track-category=\"Link no Texto\" data-track-links=\"\" data-mrf-recirculation=\"Mat\u00e9ria - Links no Texto\">Os&nbsp;<strong>donos de uma ag\u00eancia de turismo<\/strong>&nbsp;de&nbsp;Viam\u00e3o, na Regi\u00e3o Metropolitana de&nbsp;Porto Alegre, foram indiciados pela Pol\u00edcia Civil por&nbsp;<span class=\"highlight highlighted\">estelionato e crime contra as rela\u00e7\u00f5es de consumo<\/span>.&nbsp;Segundo a pol\u00edcia<strong>, Luana Rocha Gomes<\/strong>&nbsp;e&nbsp;<strong>Diego Ferreira Souza eram<\/strong>&nbsp;investigados por&nbsp;<strong>suspeita de golpes contra clientes<\/strong>, que compravam pacotes de viagens, por\u00e9m n\u00e3o recebiam o servi\u00e7o.<\/p>\n<\/div>\n<\/div>\n<div class=\"wall protected-content\">\n<div id=\"chunk-v5ri\" style=\"text-align: justify;\">\n<div class=\"mc-column content-text active-extra-styles\" data-block-type=\"unstyled\" data-block-weight=\"37\" data-block-id=\"5\">\n<p class=\"content-text__container\" data-track-category=\"Link no Texto\" data-track-links=\"\" data-mrf-recirculation=\"Mat\u00e9ria - Links no Texto\">Os empres\u00e1rios respons\u00e1veis pela Orange Travel foram&nbsp;presos no in\u00edcio de janeiro. Conforme a Pol\u00edcia,&nbsp;<strong>Diego Ferreira segue preso preventivamente<\/strong>, e a propriet\u00e1ria&nbsp;<strong>Luana Rocha est\u00e1 em pris\u00e3o domiciliar<\/strong>, com tornozeleira eletr\u00f4nica desde a \u00faltima sexta-feira (14).<\/p>\n<\/div>\n<\/div>\n<div id=\"chunk-2aoat\" style=\"text-align: justify;\">\n<div class=\"mc-column content-text active-extra-styles\" data-block-type=\"unstyled\" data-block-weight=\"34\" data-block-id=\"7\">\n<p class=\"content-text__container\" data-track-category=\"Link no Texto\" data-track-links=\"\" data-mrf-recirculation=\"Mat\u00e9ria - Links no Texto\">O&nbsp;<a class=\"\" href=\"https:\/\/g1.globo.com\/rs\/rio-grande-do-sul\/\" data-mrf-link=\"https:\/\/g1.globo.com\/rs\/rio-grande-do-sul\/\"><strong>g1<\/strong><\/a>&nbsp;tentou contato com a defesa dos indiciados. A defesa de Diego Ferreira afirma que &#8220;sempre se manteve \u00e0 disposi\u00e7\u00e3o das autoridades para colaborar com a elucida\u00e7\u00e3o dos fatos&#8221;.&nbsp;<em>Leia abaixo na \u00edntegra.<\/em><\/p>\n<\/div>\n<\/div>\n<div id=\"chunk-2a6ub\" style=\"text-align: justify;\">\n<div class=\"mc-column content-text active-extra-styles\" data-block-type=\"unstyled\" data-block-weight=\"36\" data-block-id=\"8\">\n<p class=\"content-text__container\" data-track-category=\"Link no Texto\" data-track-links=\"\" data-mrf-recirculation=\"Mat\u00e9ria - Links no Texto\">A defesa de Luana afirma que &#8220;a prioridade neste momento, para a defesa t\u00e9cnica criminal, \u00e9 demonstrar a viabilidade de indeniza\u00e7\u00e3o das v\u00edtimas dos cancelamentos atrav\u00e9s de um plano de recupera\u00e7\u00e3o judicial&#8221;.&nbsp;<em>Confira nota completa abaixo.<\/em><\/p>\n<\/div>\n<\/div>\n<div id=\"chunk-e92tc\" style=\"text-align: justify;\">\n<div class=\"mc-column content-text active-extra-styles\" data-block-type=\"unstyled\" data-block-weight=\"49\" data-block-id=\"9\">\n<p class=\"content-text__container\" data-track-category=\"Link no Texto\" data-track-links=\"\" data-mrf-recirculation=\"Mat\u00e9ria - Links no Texto\">De acordo com a delegada Jeiselaure de Souza, a primeira fase da investiga\u00e7\u00e3o indiciou a dupla por danos a&nbsp;<strong><span class=\"highlight highlighted\">96 v\u00edtimas, que tiveram preju\u00edzo de quase R$ 400 mil<\/span><\/strong>. A investiga\u00e7\u00e3o segue, tendo em vista que a empresa teria lesado centenas de pessoas no Brasil e no exterior.<\/p>\n<\/div>\n<\/div>\n<div id=\"chunk-dolu7\">\n<div class=\"mc-column content-text active-extra-styles\" data-block-type=\"unstyled\" data-block-weight=\"23\" data-block-id=\"10\">\n<p class=\"content-text__container\" style=\"text-align: justify;\" data-track-category=\"Link no Texto\" data-track-links=\"\" data-mrf-recirculation=\"Mat\u00e9ria - Links no Texto\">Segundo a pol\u00edcia, h\u00e1 uma estimativa inicial de mais de 500 ocorr\u00eancias policiais registradas, e um preju\u00edzo superior a R$ 2 milh\u00f5es.<\/p>\n<div id=\"chunk-fvd8f\" style=\"text-align: justify;\">\n<div class=\"mc-column content-text active-extra-styles\" data-block-type=\"raw\" data-block-weight=\"3\" data-block-id=\"13\">\n<div class=\"content-intertitle\">\n<h2>Relembre o caso<\/h2>\n<\/div>\n<\/div>\n<\/div>\n<div id=\"chunk-euq3t\" style=\"text-align: justify;\">\n<div class=\"mc-column content-text active-extra-styles\" data-block-type=\"unstyled\" data-block-weight=\"42\" data-block-id=\"14\">\n<p class=\"content-text__container\" data-track-category=\"Link no Texto\" data-track-links=\"\" data-mrf-recirculation=\"Mat\u00e9ria - Links no Texto\">Clientes de uma ag\u00eancia de turismo em Viam\u00e3o passaram a se organizar em grupos de conversa por aplicativo de celular e a procurar a policia e o Procon relatando que pacotes de viagens eram cancelados sem qualquer perspectiva de reembolso.<\/p>\n<\/div>\n<\/div>\n<div id=\"chunk-7e84j\">\n<div class=\"mc-column content-text active-extra-styles\" data-block-type=\"unstyled\" data-block-weight=\"37\" data-block-id=\"15\">\n<p class=\"content-text__container\" style=\"text-align: justify;\" data-track-category=\"Link no Texto\" data-track-links=\"\" data-mrf-recirculation=\"Mat\u00e9ria - Links no Texto\">A 1\u00aa Delegacia de Pol\u00edcia de Viam\u00e3o iniciou a investiga\u00e7\u00e3o sob a suspeita de estelionato por parte da ag\u00eancia. A investiga\u00e7\u00e3o come\u00e7ou ap\u00f3s uma onda de den\u00fancias e relatos de v\u00edtimas que come\u00e7aram a comparar suas experi\u00eancias.<\/p>\n<div id=\"chunk-4d2v2\" style=\"text-align: justify;\">\n<div class=\"mc-column content-text active-extra-styles\" data-block-type=\"raw\" data-block-weight=\"6\" data-block-id=\"17\">\n<div class=\"content-intertitle\">\n<h2>Hist\u00f3rico da ag\u00eancia e primeiras den\u00fancias<\/h2>\n<\/div>\n<\/div>\n<\/div>\n<div id=\"chunk-4to3f\" style=\"text-align: justify;\">\n<div class=\"mc-column content-text active-extra-styles\" data-block-type=\"unstyled\" data-block-weight=\"33\" data-block-id=\"18\">\n<p class=\"content-text__container\" data-track-category=\"Link no Texto\" data-track-links=\"\" data-mrf-recirculation=\"Mat\u00e9ria - Links no Texto\">No meio do ano passado, quando chegaram as primeiras den\u00fancias, a propriet\u00e1ria da ag\u00eancia de viagens teria alegado dificuldades financeiras causadas pela pandemia, justificando o cancelamento dos pacotes e o atraso nos reembolsos.<\/p>\n<\/div>\n<\/div>\n<div id=\"chunk-326dl\" style=\"text-align: justify;\">\n<div class=\"content-ads content-ads--reveal\" data-block-type=\"ads\" data-block-id=\"19\">&nbsp;<\/div>\n<\/div>\n<div id=\"chunk-1lhhs\" style=\"text-align: justify;\">\n<div class=\"mc-column content-text active-extra-styles\" data-block-type=\"unstyled\" data-block-weight=\"44\" data-block-id=\"20\">\n<p class=\"content-text__container\" data-track-category=\"Link no Texto\" data-track-links=\"\" data-mrf-recirculation=\"Mat\u00e9ria - Links no Texto\">Na \u00e9poca, a delegada Jeiselaure havia acreditado que n\u00e3o tinha inten\u00e7\u00e3o de lesar os clientes, j\u00e1 que a propriet\u00e1ria apresentou documentos que mostravam sua tentativa de ressarcir os prejudicados. A promessa de indeniza\u00e7\u00e3o era de que os reembolsos seriam feitos at\u00e9 julho de 2025.<\/p>\n<\/div>\n<\/div>\n<div id=\"chunk-boasj\" style=\"text-align: justify;\">\n<div class=\"mc-column content-text active-extra-styles\" data-block-type=\"raw\" data-block-weight=\"27\" data-block-id=\"21\">\n<p class=\"content-text__container\" data-mrf-recirculation=\"Mat\u00e9ria - Links no Texto\">&nbsp;<\/p>\n<blockquote class=\"content-blockquote theme-border-color-primary-before\"><p>&#8220;Naquele primeiro momento da investiga\u00e7\u00e3o, n\u00e3o restou comprovado que esta propriet\u00e1ria da empresa queria lesar as v\u00edtimas e auferia alguma vantagem patrimonial com isso&#8221;, explica a delegada.<\/p><\/blockquote>\n<p>&nbsp;<\/p>\n<\/div>\n<\/div>\n<div id=\"chunk-8q90j\" style=\"text-align: justify;\">\n<div class=\"mc-column content-text active-extra-styles\" data-block-type=\"unstyled\" data-block-weight=\"49\" data-block-id=\"22\">\n<p class=\"content-text__container\" data-track-category=\"Link no Texto\" data-track-links=\"\" data-mrf-recirculation=\"Mat\u00e9ria - Links no Texto\">No entanto, com o surgimento de novas den\u00fancias, as autoridades come\u00e7aram a questionar a vers\u00e3o apresentada pela empres\u00e1ria. Relatos mais detalhados indicam que, ap\u00f3s o pagamento de pacotes via PIX, os clientes teriam visto suas viagens serem canceladas em quest\u00e3o de horas, sem qualquer justificativa plaus\u00edvel ou aviso pr\u00e9vio.<\/p>\n<\/div>\n<\/div>\n<div id=\"chunk-39ft7\" style=\"text-align: justify;\">\n<div class=\"mc-column content-text active-extra-styles\" data-block-type=\"raw\" data-block-weight=\"6\" data-block-id=\"23\">\n<p class=\"content-text__container\" data-mrf-recirculation=\"Mat\u00e9ria - Links no Texto\">&nbsp;<\/p>\n<div class=\"content-intertitle\">\n<h2>Nota de defesa de Diego Ferreira<\/h2>\n<\/div>\n<\/div>\n<\/div>\n<div id=\"chunk-de09b\" style=\"text-align: justify;\">\n<div class=\"mc-column content-text active-extra-styles\" data-block-type=\"unstyled\" data-block-weight=\"40\" data-block-id=\"24\">\n<p class=\"content-text__container\" data-track-category=\"Link no Texto\" data-track-links=\"\" data-mrf-recirculation=\"Mat\u00e9ria - Links no Texto\"><em>&#8220;A defesa do investigado informa que teve acesso ao inqu\u00e9rito policial, j\u00e1 conclu\u00eddo e atualmente em an\u00e1lise pelo Minist\u00e9rio P\u00fablico. O advogado destaca a import\u00e2ncia de uma apura\u00e7\u00e3o rigorosa para que a verdade prevale\u00e7a e a Justi\u00e7a seja devidamente aplicada.<\/em><\/p>\n<\/div>\n<\/div>\n<div id=\"chunk-7etbk\" style=\"text-align: justify;\">\n<div class=\"mc-column content-text active-extra-styles\" data-block-type=\"unstyled\" data-block-weight=\"23\" data-block-id=\"25\">\n<p class=\"content-text__container\" data-track-category=\"Link no Texto\" data-track-links=\"\" data-mrf-recirculation=\"Mat\u00e9ria - Links no Texto\"><em>Reafirma-se a confian\u00e7a no trabalho das autoridades competentes, acreditando que uma an\u00e1lise t\u00e9cnica e imparcial permitir\u00e1 o correto esclarecimento das circunst\u00e2ncias do caso.<\/em><\/p>\n<\/div>\n<\/div>\n<div id=\"chunk-4krgl\" style=\"text-align: justify;\">\n<div class=\"mc-column content-text active-extra-styles\" data-block-type=\"unstyled\" data-block-weight=\"33\" data-block-id=\"26\">\n<p class=\"content-text__container\" data-track-category=\"Link no Texto\" data-track-links=\"\" data-mrf-recirculation=\"Mat\u00e9ria - Links no Texto\"><em>A defesa sempre se manteve \u00e0 disposi\u00e7\u00e3o das autoridades para colaborar com a elucida\u00e7\u00e3o dos fatos, reafirmando o compromisso com o devido processo legal e os princ\u00edpios do contradit\u00f3rio e da ampla defesa.<\/em><\/p>\n<\/div>\n<\/div>\n<div id=\"chunk-bm92h\" style=\"text-align: justify;\">\n<div class=\"content-ads content-ads--reveal\" data-block-type=\"ads\" data-block-id=\"27\">&nbsp;<\/div>\n<\/div>\n<div id=\"chunk-bnc24\" style=\"text-align: justify;\">\n<div class=\"mc-column content-text active-extra-styles\" data-block-type=\"unstyled\" data-block-weight=\"6\" data-block-id=\"28\">\n<p class=\"content-text__container\" data-track-category=\"Link no Texto\" data-track-links=\"\" data-mrf-recirculation=\"Mat\u00e9ria - Links no Texto\"><em>Guilherme Michelotto B\u00f6es \u2013 Advogado criminalista.&#8221;<\/em><\/p>\n<\/div>\n<\/div>\n<div id=\"chunk-9t9n3\" style=\"text-align: justify;\">\n<div class=\"mc-column content-text active-extra-styles\" data-block-type=\"raw\" data-block-weight=\"6\" data-block-id=\"29\">\n<p class=\"content-text__container\" data-mrf-recirculation=\"Mat\u00e9ria - Links no Texto\">&nbsp;<\/p>\n<div class=\"content-intertitle\">\n<h2><strong>Nota de defesa de Luana Rocha<\/strong><\/h2>\n<\/div>\n<\/div>\n<\/div>\n<div id=\"chunk-13gea\" style=\"text-align: justify;\">\n<div class=\"mc-column content-text active-extra-styles\" data-block-type=\"unstyled\" data-block-weight=\"34\" data-block-id=\"30\">\n<p class=\"content-text__container\" data-track-category=\"Link no Texto\" data-track-links=\"\" data-mrf-recirculation=\"Mat\u00e9ria - Links no Texto\"><em>&#8220;A defesa da s\u00f3cia da empresa Orange Travel, representada pelas advogadas Deise Dutra e Thais Constantin, tomou conhecimento, nesta segunda-feira (17), sobre a conclus\u00e3o parcial do inqu\u00e9rito policial, com o consequente indiciamento da investigada.<\/em><\/p>\n<\/div>\n<\/div>\n<div id=\"chunk-fsa7d\" style=\"text-align: justify;\">\n<div class=\"mc-column content-text active-extra-styles\" data-block-type=\"unstyled\" data-block-weight=\"33\" data-block-id=\"31\">\n<p class=\"content-text__container\" data-track-category=\"Link no Texto\" data-track-links=\"\" data-mrf-recirculation=\"Mat\u00e9ria - Links no Texto\"><em>A partir da midiatiza\u00e7\u00e3o dada ao caso, o indiciamento n\u00e3o fora recebido com surpresa pela defesa, considerando que in\u00fameras den\u00fancias foram realizadas, a partir da inseguran\u00e7a jur\u00eddica causada pela publicidade dos atos investigativos.<\/em><\/p>\n<\/div>\n<\/div>\n<div id=\"chunk-ak4rl\">\n<div class=\"mc-column content-text active-extra-styles\" data-block-type=\"unstyled\" data-block-weight=\"49\" data-block-id=\"32\">\n<p class=\"content-text__container\" style=\"text-align: justify;\" data-track-category=\"Link no Texto\" data-track-links=\"\" data-mrf-recirculation=\"Mat\u00e9ria - Links no Texto\"><em>A prioridade neste momento, para a defesa t\u00e9cnica criminal, \u00e9 demonstrar a viabilidade de indeniza\u00e7\u00e3o das v\u00edtimas dos cancelamentos atrav\u00e9s de um plano de recupera\u00e7\u00e3o judicial. A equipe passa a contar com a assessoria do advogado especializado em Direito Empresarial, Rafael Carissimi, e o pedido deve ser judicializado nos&nbsp;pr\u00f3ximos&nbsp;dias.&#8221;<\/em><\/p>\n<p style=\"text-align: justify;\" data-track-category=\"Link no Texto\" data-track-links=\"\" data-mrf-recirculation=\"Mat\u00e9ria - Links no Texto\"><em>Fonte: g1 RS<\/em><\/p>\n<p style=\"text-align: justify;\" data-track-category=\"Link no Texto\" data-track-links=\"\" data-mrf-recirculation=\"Mat\u00e9ria - Links no Texto\"><em>Foto: Reprodu\u00e7\u00e3o\/RBS TV<\/em><\/p>\n<\/div>\n<\/div>\n<\/div>\n<\/div>\n<\/div>\n<\/div>\n<\/div>","protected":false},"excerpt":{"rendered":"<p>Os&nbsp;donos de uma ag\u00eancia de turismo&nbsp;de&nbsp;Viam\u00e3o, na Regi\u00e3o Metropolitana de&nbsp;Porto Alegre, foram indiciados pela Pol\u00edcia Civil por&nbsp;estelionato e crime contra as rela\u00e7\u00f5es de consumo.&nbsp;Segundo a pol\u00edcia, Luana Rocha Gomes&nbsp;e&nbsp;Diego Ferreira Souza eram&nbsp;investigados por&nbsp;suspeita de golpes contra clientes, que compravam pacotes de viagens, por\u00e9m n\u00e3o recebiam o servi\u00e7o. Os empres\u00e1rios respons\u00e1veis pela Orange Travel foram&nbsp;presos no<\/p>\n<div class=\"read-more-wrapper\"><a class=\"read-more\" href=\"https:\/\/www2.comunitaria.com.br\/en\/donos-de-agencia-de-turismo-no-rs-sao-indiciados-por-estelionato\/\" title=\"Read More\"> <span class=\"button\">Read More<\/span><\/a><\/div>","protected":false},"author":2,"featured_media":68736,"comment_status":"closed","ping_status":"closed","sticky":false,"template":"","format":"standard","meta":{"ngg_post_thumbnail":0,"footnotes":""},"categories":[46,28,33,36,43],"tags":[7234,3102,1325],"class_list":["post-68735","post","type-post","status-publish","format-standard","has-post-thumbnail","hentry","category-estado","category-destaque","category-noticias","category-policia","category-regiao","tag-agencia-de-turismo","tag-estelionato","tag-viamao"],"amp_enabled":true,"_links":{"self":[{"href":"https:\/\/www2.comunitaria.com.br\/en\/wp-json\/wp\/v2\/posts\/68735","targetHints":{"allow":["GET"]}}],"collection":[{"href":"https:\/\/www2.comunitaria.com.br\/en\/wp-json\/wp\/v2\/posts"}],"about":[{"href":"https:\/\/www2.comunitaria.com.br\/en\/wp-json\/wp\/v2\/types\/post"}],"author":[{"embeddable":true,"href":"https:\/\/www2.comunitaria.com.br\/en\/wp-json\/wp\/v2\/users\/2"}],"replies":[{"embeddable":true,"href":"https:\/\/www2.comunitaria.com.br\/en\/wp-json\/wp\/v2\/comments?post=68735"}],"version-history":[{"count":0,"href":"https:\/\/www2.comunitaria.com.br\/en\/wp-json\/wp\/v2\/posts\/68735\/revisions"}],"wp:featuredmedia":[{"embeddable":true,"href":"https:\/\/www2.comunitaria.com.br\/en\/wp-json\/wp\/v2\/media\/68736"}],"wp:attachment":[{"href":"https:\/\/www2.comunitaria.com.br\/en\/wp-json\/wp\/v2\/media?parent=68735"}],"wp:term":[{"taxonomy":"category","embeddable":true,"href":"https:\/\/www2.comunitaria.com.br\/en\/wp-json\/wp\/v2\/categories?post=68735"},{"taxonomy":"post_tag","embeddable":true,"href":"https:\/\/www2.comunitaria.com.br\/en\/wp-json\/wp\/v2\/tags?post=68735"}],"curies":[{"name":"wp","href":"https:\/\/api.w.org\/{rel}","templated":true}]}}