{"id":68712,"date":"2025-02-17T10:22:07","date_gmt":"2025-02-17T12:22:07","guid":{"rendered":"https:\/\/www2.comunitaria.com.br\/?p=68712"},"modified":"2025-02-17T10:22:07","modified_gmt":"2025-02-17T12:22:07","slug":"agricultores-realizam-manifestacao-em-fw-nesta-segunda-feira","status":"publish","type":"post","link":"https:\/\/www2.comunitaria.com.br\/en\/agricultores-realizam-manifestacao-em-fw-nesta-segunda-feira\/","title":{"rendered":"Agricultores realizam manifesta\u00e7\u00e3o em FW nesta segunda-feira"},"content":{"rendered":"<p>Acontece nesta segunda-feira, 17, uma mobiliza\u00e7\u00e3o regional em defesa da agricultura familiar. O ato \u00e9 organizado pelo Sindicato dos Trabalhadores Rurais e conta com o apoio da Associa\u00e7\u00e3o dos Sindicatos dos Trabalhadores Rurais do M\u00e9dio Alto Uruguai (Astrmau), abrangendo 23 munic\u00edpios da regi\u00e3o. A manifesta\u00e7\u00e3o ocorre simultaneamente em outras 16 regionais do Rio Grande do Sul e na sede da Federa\u00e7\u00e3o dos Trabalhadores na Agricultura (Fetag), em Porto Alegre.<\/p>\n<p>Segundo o presidente do Sindicato dos Trabalhadores Rurais de Frederico Westphalen, Amarildo Manfio, a mobiliza\u00e7\u00e3o visa chamar aten\u00e7\u00e3o para os desafios enfrentados pelo setor.<\/p>\n<p>\u2013 Nos \u00faltimos quatro anos, tivemos tr\u00eas estiagens severas e agora enfrentamos mais uma, al\u00e9m de enchentes e chuvaradas. Isso impacta diretamente o agricultor familiar, que j\u00e1 encontra dificuldades para acessar cr\u00e9dito devido a resolu\u00e7\u00f5es do governo e do Conselho Monet\u00e1rio Nacional \u2013, destacou.<\/p>\n<p>O evento teve in\u00edcio \u00e0s 8h30, em frente ao Sindicato dos Trabalhadores Rurais, e depois os agricultores seguir\u00e3o para a frente do Banco do Brasil, onde permanecer\u00e3o at\u00e9 o meio-dia. A presen\u00e7a de maquin\u00e1rios agr\u00edcolas, como tratores, ser\u00e1 incentivada para refor\u00e7ar a mobiliza\u00e7\u00e3o.<\/p>\n<p>Entre as principais reivindica\u00e7\u00f5es do movimento est\u00e1 a flexibiliza\u00e7\u00e3o das regras de cr\u00e9dito e de seguridade agr\u00edcola, como o acesso ao Programa de Garantia da Atividade Agropecu\u00e1ria (Proagro).<\/p>\n<p>\u2013 N\u00e3o faz sentido estabelecer janelas de plantio r\u00edgidas se o agricultor depende de condi\u00e7\u00f5es clim\u00e1ticas para plantar. O seguro agr\u00edcola precisa se adaptar \u00e0 realidade do campo \u2013, afirmou Manfio.<\/p>\n<p>Outro ponto destacado pelo presidente \u00e9 o endividamento rural, agravado pelas perdas sucessivas. &#8220;Os agricultores querem pagar suas d\u00edvidas, mas \u00e9 necess\u00e1rio um prazo maior e juros acess\u00edveis. Quando a quebra de safra ocorre de forma repetida, como nos \u00faltimos anos, muitos produtores t\u00eam dificuldades em se reerguer&#8221;, explicou.&nbsp;A mobiliza\u00e7\u00e3o tamb\u00e9m visa sensibilizar a popula\u00e7\u00e3o e o setor comercial para a import\u00e2ncia da agricultura familiar.<\/p>\n<p>\u2013 O alimento que chega \u00e0 mesa de todos vem do pequeno produtor. Precisamos do apoio da comunidade para garantir condi\u00e7\u00f5es dignas de trabalho e produ\u00e7\u00e3o \u2013, refor\u00e7ou Manfio.<\/p>\n<p>Os sindicatos esperam uma grande ades\u00e3o ao ato, refor\u00e7ando a necessidade de pol\u00edticas p\u00fablicas mais eficazes para o setor. &#8220;O agricultor \u00e9 resiliente, mas n\u00e3o pode enfrentar sozinho essas adversidades. Essa mobiliza\u00e7\u00e3o \u00e9 um pedido por condi\u00e7\u00f5es justas para continuar produzindo&#8221;, finalizou o presidente.<\/p>","protected":false},"excerpt":{"rendered":"<p>Acontece nesta segunda-feira, 17, uma mobiliza\u00e7\u00e3o regional em defesa da agricultura familiar. O ato \u00e9 organizado pelo Sindicato dos Trabalhadores Rurais e conta com o apoio da Associa\u00e7\u00e3o dos Sindicatos&#8230;<\/p>","protected":false},"author":2,"featured_media":68713,"comment_status":"closed","ping_status":"closed","sticky":false,"template":"","format":"standard","meta":{"ngg_post_thumbnail":0,"footnotes":""},"categories":[6254,6255,46,42,28,33,43,45],"tags":[1007,82],"class_list":["post-68712","post","type-post","status-publish","format-standard","has-post-thumbnail","hentry","category-agricultura","category-agricultura-familiar","category-estado","category-fred-west","category-destaque","category-noticias","category-regiao","category-rural","tag-agricultura-familiar","tag-frederico-westphalen"],"amp_enabled":true,"_links":{"self":[{"href":"https:\/\/www2.comunitaria.com.br\/en\/wp-json\/wp\/v2\/posts\/68712","targetHints":{"allow":["GET"]}}],"collection":[{"href":"https:\/\/www2.comunitaria.com.br\/en\/wp-json\/wp\/v2\/posts"}],"about":[{"href":"https:\/\/www2.comunitaria.com.br\/en\/wp-json\/wp\/v2\/types\/post"}],"author":[{"embeddable":true,"href":"https:\/\/www2.comunitaria.com.br\/en\/wp-json\/wp\/v2\/users\/2"}],"replies":[{"embeddable":true,"href":"https:\/\/www2.comunitaria.com.br\/en\/wp-json\/wp\/v2\/comments?post=68712"}],"version-history":[{"count":0,"href":"https:\/\/www2.comunitaria.com.br\/en\/wp-json\/wp\/v2\/posts\/68712\/revisions"}],"wp:featuredmedia":[{"embeddable":true,"href":"https:\/\/www2.comunitaria.com.br\/en\/wp-json\/wp\/v2\/media\/68713"}],"wp:attachment":[{"href":"https:\/\/www2.comunitaria.com.br\/en\/wp-json\/wp\/v2\/media?parent=68712"}],"wp:term":[{"taxonomy":"category","embeddable":true,"href":"https:\/\/www2.comunitaria.com.br\/en\/wp-json\/wp\/v2\/categories?post=68712"},{"taxonomy":"post_tag","embeddable":true,"href":"https:\/\/www2.comunitaria.com.br\/en\/wp-json\/wp\/v2\/tags?post=68712"}],"curies":[{"name":"wp","href":"https:\/\/api.w.org\/{rel}","templated":true}]}}