{"id":68639,"date":"2025-02-11T12:12:07","date_gmt":"2025-02-11T14:12:07","guid":{"rendered":"https:\/\/www2.comunitaria.com.br\/?p=68639"},"modified":"2025-02-11T12:12:07","modified_gmt":"2025-02-11T14:12:07","slug":"rio-grande-do-sul-esta-entre-os-11-estados-sob-risco-de-apagao-por-excesso-de-carga-segundo-estudo","status":"publish","type":"post","link":"https:\/\/www2.comunitaria.com.br\/en\/rio-grande-do-sul-esta-entre-os-11-estados-sob-risco-de-apagao-por-excesso-de-carga-segundo-estudo\/","title":{"rendered":"Rio Grande do Sul est\u00e1 entre os 11 Estados sob risco de apag\u00e3o por excesso de carga, segundo estudo"},"content":{"rendered":"<div class=\"article-paragraph\">\n<p style=\"text-align: justify;\">O&nbsp;<strong>Rio Grande do Sul figura entre os 11 Estados sob risco de apag\u00e3o no m\u00e9dio prazo devido \u00e0 sobrecarga na rede el\u00e9trica<\/strong>, segundo estudo do Operador Nacional do Sistema El\u00e9trico (ONS). Esse&nbsp;<strong>risco \u00e9 impulsionado pela gera\u00e7\u00e3o excedente de energia solar<\/strong>, um fen\u00f4meno conhecido como &#8220;fluxo reverso&#8221;, que ocorre quando a energia n\u00e3o consumida \u00e9 devolvida ao sistema, podendo resultar em apag\u00f5es.<\/p>\n<\/div>\n<div class=\"article-paragraph\" style=\"text-align: justify;\">\n<p>Al\u00e9m do Rio Grande do Sul, Estados como Bahia, Goi\u00e1s, Mato Grosso, Minas Gerais, Para\u00edba, Pernambuco, Piau\u00ed, Rio Grande do Norte, Roraima e S\u00e3o Paulo enfrentam situa\u00e7\u00f5es cr\u00edticas.&nbsp;<strong>Para mitigar esse desafio, o ONS prop\u00f5e um plano de opera\u00e7\u00e3o para o per\u00edodo de 2025 a 2029<\/strong>, ressaltando a import\u00e2ncia da coordena\u00e7\u00e3o entre distribuidoras e produtores de energia solar.<\/p>\n<\/div>\n<div class=\"article-paragraph\">\n<p style=\"text-align: justify;\">Atualmente, o&nbsp;<strong>Brasil produz 33 gigawatts de energia por meio de Micro e Minigera\u00e7\u00e3o Distribu\u00edda, com a expectativa de alcan\u00e7ar 50 GW at\u00e9 2029<\/strong>. A maior contribui\u00e7\u00e3o vem de pain\u00e9is solares fotovoltaicos. O&nbsp;<strong>crescimento da energia solar transformou o fluxo de eletricidade em uma via de m\u00e3o dupla<\/strong>, desafiando a capacidade das subesta\u00e7\u00f5es de gerenciar a distribui\u00e7\u00e3o de energia.<\/p>\n<div class=\"article-paragraph\" style=\"text-align: justify;\">\n<p>O&nbsp;<a href=\"https:\/\/www.ons.org.br\/AcervoDigitalDocumentosEPublicacoes\/Revista%20PARPEL%20_2024_VF_27.12.24.pdf#search=Plano%20da%20Opera%C3%A7%C3%A3o%20El%C3%A9trica%20de%20M%C3%A9dio%20Prazo%20do%20SIN%20%28PAR%2FPEL%29\" target=\"_blank\" rel=\"noopener\"><strong>Plano de Opera\u00e7\u00e3o El\u00e9trica de M\u00e9dio Prazo do Sistema Interligado Nacional 2024<\/strong><\/a>&nbsp;destaca a necessidade de estrat\u00e9gias para uma opera\u00e7\u00e3o eficiente diante da descentraliza\u00e7\u00e3o da gera\u00e7\u00e3o de energia. Entre as sugest\u00f5es apontadas pelo estudo, investimentos em tecnologias de armazenamento e aprimoramento das redes.<\/p>\n<\/div>\n<div class=\"article-paragraph\" style=\"text-align: justify;\">\n<p>A&nbsp;<strong>sobrecarga pode causar danos aos equipamentos ligados \u00e0 rede e afetar a qualidade do fornecimento de energia<\/strong>, impactando a economia local.<\/p>\n<\/div>\n<div class=\"article-paragraph\" style=\"text-align: justify;\">\n<h2>ONS diz que risco n\u00e3o \u00e9 iminente&nbsp;<\/h2>\n<\/div>\n<div class=\"article-paragraph\" style=\"text-align: justify;\">\n<p>Em nota, o ONS assegura que o risco de apag\u00e3o n\u00e3o \u00e9 imediato, e que o estudo, produzido anualmente, procura apontar cen\u00e1rios num horizonte de cinco anos:<\/p>\n<\/div>\n<div class=\"article-paragraph\">\n<p style=\"text-align: justify;\">&#8220;<em>O Operador Nacional do Sistema El\u00e9trico (ONS) esclarece que o Plano da Opera\u00e7\u00e3o El\u00e9trica de M\u00e9dio Prazo do SIN (PAR\/PEL) n\u00e3o aponta risco iminente de apag\u00e3o no Brasil. O documento, produzido anualmente, apresenta avalia\u00e7\u00f5es do desempenho el\u00e9trico do Sistema Interligado Nacional (SIN) num horizonte de cinco anos \u00e0 frente, de modo que a opera\u00e7\u00e3o futura ocorra com qualidade e equil\u00edbrio entre seguran\u00e7a e custo. O mais recente foi publicado nos canais oficiais do Operador, em dezembro de 2024, e divulgado \u00e0 imprensa em todo o pa\u00eds.<\/p>\n<p>O Sum\u00e1rio Executivo do PAR\/PEL sinaliza os poss\u00edveis desafios operativos e recomenda\u00e7\u00f5es para fortalecer o sistema el\u00e9trico diante da evolu\u00e7\u00e3o do setor, incluindo o crescimento da gera\u00e7\u00e3o distribu\u00edda e das fontes renov\u00e1veis. O papel do ONS \u00e9 antecipar cen\u00e1rios, avaliar impactos e propor solu\u00e7\u00f5es para garantir a confiabilidade e seguran\u00e7a do Sistema Interligado Nacional (SIN).<\/p>\n<p>O aumento da gera\u00e7\u00e3o distribu\u00edda e a invers\u00e3o de fluxo de pot\u00eancia em algumas subesta\u00e7\u00f5es s\u00e3o fen\u00f4menos t\u00e9cnicos mapeados e que est\u00e3o sendo tratados pelo ONS, que trabalha em conjunto com a Empresa de Pesquisa Energ\u00e9tica (EPE), Minist\u00e9rio de Minas e Energia (MME) e Ag\u00eancia Nacional de Energia El\u00e9trica (ANEEL) para garantir a moderniza\u00e7\u00e3o da infraestrutura da rede el\u00e9trica. O PAR\/PEL aponta solu\u00e7\u00f5es como refor\u00e7os na rede de transmiss\u00e3o, aprimoramento dos requisitos t\u00e9cnicos para conex\u00e3o ao SIN e a instala\u00e7\u00e3o de equipamentos que aumentam a seguran\u00e7a e estabilidade do sistema. Essas medidas garantem que o sistema el\u00e9trico brasileiro continue operando de forma segura e confi\u00e1vel.<\/p>\n<p>Al\u00e9m disso, o ONS adota medidas operativas que s\u00e3o a\u00e7\u00f5es preventivas para mitigar riscos e evitar, por exemplo, sobrecargas em equipamentos, al\u00e9m de outros fen\u00f4menos el\u00e9tricos que possam comprometer a seguran\u00e7a do sistema.<\/p>\n<p>O sistema el\u00e9trico brasileiro \u00e9 robusto e segue operando com seguran\u00e7a, e os desafios apontados no Plano da Opera\u00e7\u00e3o El\u00e9trica de M\u00e9dio Prazo do SIN (PAR\/PEL) s\u00e3o parte de um processo cont\u00ednuo de moderniza\u00e7\u00e3o e adapta\u00e7\u00e3o do setor. O ONS refor\u00e7a seu compromisso com a transpar\u00eancia e com a ado\u00e7\u00e3o das melhores pr\u00e1ticas para garantir um sistema el\u00e9trico cada vez mais seguro e eficiente.<\/em>&#8220;<\/p>\n<p style=\"text-align: justify;\"><em>Fonte: Zero Hora<\/em><\/p>\n<p style=\"text-align: justify;\"><em>Foto: Andr\u00e9 \u00c1vila\/Ag\u00eancia RBS<a href=\"https:\/\/www2.comunitaria.com.br\/en\/rio-grande-do-sul-esta-entre-os-11-estados-sob-risco-de-apagao-por-excesso-de-carga-segundo-estudo\/4797794_5115eac7c7ecfa4\/\" rel=\"attachment wp-att-68640\"><img loading=\"lazy\" decoding=\"async\" class=\"aligncenter size-full wp-image-68640\" src=\"http:\/\/www2.comunitaria.com.br\/wp-content\/uploads\/2025\/02\/4797794_5115eac7c7ecfa4.jpg\" alt=\"\" width=\"600\" height=\"400\" srcset=\"https:\/\/www2.comunitaria.com.br\/wp-content\/uploads\/2025\/02\/4797794_5115eac7c7ecfa4.jpg 600w, https:\/\/www2.comunitaria.com.br\/wp-content\/uploads\/2025\/02\/4797794_5115eac7c7ecfa4-300x200.jpg 300w\" sizes=\"auto, (max-width: 600px) 100vw, 600px\" \/><\/a><\/em><\/p>\n<\/div>\n<\/div>","protected":false},"excerpt":{"rendered":"<p>O&nbsp;Rio Grande do Sul figura entre os 11 Estados sob risco de apag\u00e3o no m\u00e9dio prazo devido \u00e0 sobrecarga na rede el\u00e9trica, segundo estudo do Operador Nacional do Sistema El\u00e9trico&#8230;<\/p>","protected":false},"author":2,"featured_media":68640,"comment_status":"closed","ping_status":"closed","sticky":false,"template":"","format":"standard","meta":{"ngg_post_thumbnail":0,"footnotes":""},"categories":[46,28,33],"tags":[1192],"class_list":["post-68639","post","type-post","status-publish","format-standard","has-post-thumbnail","hentry","category-estado","category-destaque","category-noticias","tag-rio-grande-do-sul"],"amp_enabled":true,"_links":{"self":[{"href":"https:\/\/www2.comunitaria.com.br\/en\/wp-json\/wp\/v2\/posts\/68639","targetHints":{"allow":["GET"]}}],"collection":[{"href":"https:\/\/www2.comunitaria.com.br\/en\/wp-json\/wp\/v2\/posts"}],"about":[{"href":"https:\/\/www2.comunitaria.com.br\/en\/wp-json\/wp\/v2\/types\/post"}],"author":[{"embeddable":true,"href":"https:\/\/www2.comunitaria.com.br\/en\/wp-json\/wp\/v2\/users\/2"}],"replies":[{"embeddable":true,"href":"https:\/\/www2.comunitaria.com.br\/en\/wp-json\/wp\/v2\/comments?post=68639"}],"version-history":[{"count":0,"href":"https:\/\/www2.comunitaria.com.br\/en\/wp-json\/wp\/v2\/posts\/68639\/revisions"}],"wp:featuredmedia":[{"embeddable":true,"href":"https:\/\/www2.comunitaria.com.br\/en\/wp-json\/wp\/v2\/media\/68640"}],"wp:attachment":[{"href":"https:\/\/www2.comunitaria.com.br\/en\/wp-json\/wp\/v2\/media?parent=68639"}],"wp:term":[{"taxonomy":"category","embeddable":true,"href":"https:\/\/www2.comunitaria.com.br\/en\/wp-json\/wp\/v2\/categories?post=68639"},{"taxonomy":"post_tag","embeddable":true,"href":"https:\/\/www2.comunitaria.com.br\/en\/wp-json\/wp\/v2\/tags?post=68639"}],"curies":[{"name":"wp","href":"https:\/\/api.w.org\/{rel}","templated":true}]}}