{"id":68623,"date":"2025-02-11T11:00:43","date_gmt":"2025-02-11T13:00:43","guid":{"rendered":"https:\/\/www2.comunitaria.com.br\/?p=68623"},"modified":"2025-02-11T11:00:44","modified_gmt":"2025-02-11T13:00:44","slug":"midr-reconhece-situacao-de-emergencia-em-seis-cidades-gauchas-afetadas-pela-estiagem","status":"publish","type":"post","link":"https:\/\/www2.comunitaria.com.br\/en\/midr-reconhece-situacao-de-emergencia-em-seis-cidades-gauchas-afetadas-pela-estiagem\/","title":{"rendered":"MIDR reconhece situa\u00e7\u00e3o de emerg\u00eancia em seis cidades ga\u00fachas afetadas pela estiagem"},"content":{"rendered":"<p style=\"text-align: justify;\" data-pm-slice=\"0 0 []\">Bras\u00edlia (DF) &#8211; O Minist\u00e9rio da Integra\u00e7\u00e3o e do Desenvolvimento Regional (MIDR), por meio da Defesa Civil Nacional, reconheceu, nesta segunda-feira (10), a situa\u00e7\u00e3o de emerg\u00eancia em seis cidades ga\u00fachas afetadas pela estiagem. A portaria com os reconhecimentos foi publicada no Di\u00e1rio Oficial da Uni\u00e3o (DOU). Confira mais detalhes abaixo.<\/p>\n<p class=\"callout\" style=\"text-align: justify;\"><a class=\"external-link\" title=\"\" href=\"http:\/\/www.in.gov.br\/en\/web\/dou\/-\/portaria-n-362-de-7-de-fevereiro-de-2025-611617344\" target=\"_blank\" rel=\"noopener\" data-tippreview-enabled=\"false\" data-tippreview-image=\"\" data-tippreview-title=\"\">Portaria n\u00ba 362<\/a>&nbsp;<\/p>\n<p style=\"text-align: justify;\">Est\u00e3o na lista os munic\u00edpios de Cap\u00e3o do Cip\u00f3, Independ\u00eancia, Ma\u00e7ambar\u00e1, Porto Lucena, Toropi e Tupanciret\u00e3.<\/p>\n<p style=\"text-align: justify;\">Agora, as prefeituras&nbsp;j\u00e1 podem solicitar recursos do Governo Federal para a\u00e7\u00f5es de defesa civil, como compra de cestas b\u00e1sicas, \u00e1gua mineral, refei\u00e7\u00e3o para trabalhadores e volunt\u00e1rios, kits de limpeza de resid\u00eancia, higiene pessoal e dormit\u00f3rio, entre outros.<\/p>\n<p style=\"text-align: justify;\">At\u00e9 o momento, o Rio Grande do Sul tem 37 reconhecimentos vigentes, dos quais 15 por chuvas intensas, 13 por estiagem, cinco por queda de granizo e quatro por vendaval.<\/p>\n<p style=\"text-align: justify;\"><strong>Como solicitar recursos<\/strong><\/p>\n<p style=\"text-align: justify;\">Cidades com o reconhecimento federal de situa\u00e7\u00e3o de emerg\u00eancia ou de estado de calamidade p\u00fablica podem solicitar ao MIDR recursos para a\u00e7\u00f5es de defesa civil. A solicita\u00e7\u00e3o pelos munic\u00edpios em situa\u00e7\u00e3o de emerg\u00eancia deve ser feita por meio do&nbsp;Sistema Integrado de Informa\u00e7\u00f5es sobre Desastres (S2iD). Com base nas informa\u00e7\u00f5es enviadas nos planos de trabalho, a equipe t\u00e9cnica da Defesa Civil Nacional avalia as metas e os valores solicitados. Com a aprova\u00e7\u00e3o, \u00e9 publicada portaria no DOU com o valor a ser liberado.<\/p>\n<p style=\"text-align: justify;\"><strong>Capacita\u00e7\u00f5es da Defesa Civil Nacional<\/strong><\/p>\n<p style=\"text-align: justify;\">A Defesa Civil Nacional oferece uma s\u00e9rie de cursos a dist\u00e2ncia para habilitar e qualificar agentes municipais e estaduais para o uso do S2iD. As capacita\u00e7\u00f5es t\u00eam como foco os agentes de prote\u00e7\u00e3o e defesa civil nas tr\u00eas esferas de governo. Confira&nbsp;<a class=\"external-link\" title=\"\" href=\"http:\/\/www.gov.br\/mdr\/pt-br\/assuntos\/protecao-e-defesa-civil\/capacitacoes\/cursos-em-andamento\" target=\"_blank\" rel=\"noopener\" data-tippreview-enabled=\"false\" data-tippreview-image=\"\" data-tippreview-title=\"\">neste link<\/a>&nbsp;a lista completa dos cursos.<\/p>\n<p><a href=\"https:\/\/www2.comunitaria.com.br\/en\/midr-reconhece-situacao-de-emergencia-em-seis-cidades-gauchas-afetadas-pela-estiagem\/0eb70cf9-e1ad-46e5-89ba-f964d488fd97\/\" rel=\"attachment wp-att-68624\"><img loading=\"lazy\" decoding=\"async\" class=\"aligncenter size-full wp-image-68624\" src=\"http:\/\/www2.comunitaria.com.br\/wp-content\/uploads\/2025\/02\/0eb70cf9-e1ad-46e5-89ba-f964d488fd97.jpeg\" alt=\"\" width=\"768\" height=\"558\" srcset=\"https:\/\/www2.comunitaria.com.br\/wp-content\/uploads\/2025\/02\/0eb70cf9-e1ad-46e5-89ba-f964d488fd97.jpeg 768w, https:\/\/www2.comunitaria.com.br\/wp-content\/uploads\/2025\/02\/0eb70cf9-e1ad-46e5-89ba-f964d488fd97-300x218.jpeg 300w\" sizes=\"auto, (max-width: 768px) 100vw, 768px\" \/><\/a><\/p>","protected":false},"excerpt":{"rendered":"<p>Bras\u00edlia (DF) &#8211; O Minist\u00e9rio da Integra\u00e7\u00e3o e do Desenvolvimento Regional (MIDR), por meio da Defesa Civil Nacional, reconheceu, nesta segunda-feira (10), a situa\u00e7\u00e3o de emerg\u00eancia em seis cidades ga\u00fachas afetadas pela estiagem. A portaria com os reconhecimentos foi publicada no Di\u00e1rio Oficial da Uni\u00e3o (DOU). Confira mais detalhes abaixo. Portaria n\u00ba 362&nbsp; Est\u00e3o na<\/p>\n<div class=\"read-more-wrapper\"><a class=\"read-more\" href=\"https:\/\/www2.comunitaria.com.br\/en\/midr-reconhece-situacao-de-emergencia-em-seis-cidades-gauchas-afetadas-pela-estiagem\/\" title=\"Read More\"> <span class=\"button\">Read More<\/span><\/a><\/div>","protected":false},"author":2,"featured_media":68624,"comment_status":"closed","ping_status":"closed","sticky":false,"template":"","format":"standard","meta":{"ngg_post_thumbnail":0,"footnotes":""},"categories":[39,46,3615,28,33,145,43],"tags":[4528,1192,3921],"class_list":["post-68623","post","type-post","status-publish","format-standard","has-post-thumbnail","hentry","category-economia","category-estado","category-meio-ambiente","category-destaque","category-noticias","category-previsao-do-tempo","category-regiao","tag-estiagem","tag-rio-grande-do-sul","tag-situacao-de-emergencia"],"amp_enabled":true,"_links":{"self":[{"href":"https:\/\/www2.comunitaria.com.br\/en\/wp-json\/wp\/v2\/posts\/68623","targetHints":{"allow":["GET"]}}],"collection":[{"href":"https:\/\/www2.comunitaria.com.br\/en\/wp-json\/wp\/v2\/posts"}],"about":[{"href":"https:\/\/www2.comunitaria.com.br\/en\/wp-json\/wp\/v2\/types\/post"}],"author":[{"embeddable":true,"href":"https:\/\/www2.comunitaria.com.br\/en\/wp-json\/wp\/v2\/users\/2"}],"replies":[{"embeddable":true,"href":"https:\/\/www2.comunitaria.com.br\/en\/wp-json\/wp\/v2\/comments?post=68623"}],"version-history":[{"count":0,"href":"https:\/\/www2.comunitaria.com.br\/en\/wp-json\/wp\/v2\/posts\/68623\/revisions"}],"wp:featuredmedia":[{"embeddable":true,"href":"https:\/\/www2.comunitaria.com.br\/en\/wp-json\/wp\/v2\/media\/68624"}],"wp:attachment":[{"href":"https:\/\/www2.comunitaria.com.br\/en\/wp-json\/wp\/v2\/media?parent=68623"}],"wp:term":[{"taxonomy":"category","embeddable":true,"href":"https:\/\/www2.comunitaria.com.br\/en\/wp-json\/wp\/v2\/categories?post=68623"},{"taxonomy":"post_tag","embeddable":true,"href":"https:\/\/www2.comunitaria.com.br\/en\/wp-json\/wp\/v2\/tags?post=68623"}],"curies":[{"name":"wp","href":"https:\/\/api.w.org\/{rel}","templated":true}]}}