{"id":68591,"date":"2025-02-07T17:08:52","date_gmt":"2025-02-07T19:08:52","guid":{"rendered":"https:\/\/www2.comunitaria.com.br\/?p=68591"},"modified":"2025-02-10T17:11:08","modified_gmt":"2025-02-10T19:11:08","slug":"escola-sepe-tiaraju-recebe-verba-para-construcao-de-cobertura-de-quadra-esportiva","status":"publish","type":"post","link":"https:\/\/www2.comunitaria.com.br\/en\/escola-sepe-tiaraju-recebe-verba-para-construcao-de-cobertura-de-quadra-esportiva\/","title":{"rendered":"Escola Sep\u00e9 Tiaraju recebe verba para constru\u00e7\u00e3o de cobertura de quadra esportiva"},"content":{"rendered":"<p>Na sexta-feira, 7, a deputada estadual Silvana Covatti (Progressistas) esteve, em Frederico Westphalen,<br \/>\nnas quais realizou a entrega simb\u00f3lica de R$ 50 mil \u00e0 Escola Estadual de Educa\u00e7\u00e3o B\u00e1sica Sep\u00e9 Tiaraju.<br \/>\nEste valor representar\u00e1 o in\u00edcio da execu\u00e7\u00e3o de um projeto muito aguardado pela comunidade escolar,<br \/>\nque visa a constru\u00e7\u00e3o de uma cobertura para a quadra de esportes, um espa\u00e7o que, com a nova<br \/>\nestrutura, proporcionar\u00e1 mais conforto e seguran\u00e7a para os alunos durante as atividades esportivas e<br \/>\neventos realizados no local.<\/p>\n<p>Durante sua visita, a deputada destacou a import\u00e2ncia do investimento na educa\u00e7\u00e3o como forma de<br \/>\ngarantir um futuro melhor para as novas gera\u00e7\u00f5es e falou sobre o significado pessoal dessa contribui\u00e7\u00e3o,<br \/>\numa vez que foi nesta escola onde ela foi alfabetizada e passou boa parte da sua inf\u00e2ncia. \u201cVoltar aqui \u00e9<br \/>\nmuito especial. Esta escola fez parte da minha hist\u00f3ria e, agora, tenho a alegria de contribuir para que<br \/>\nsiga formando novas gera\u00e7\u00f5es\u201d, afirmou Silvana Covatti.<br \/>\nA comitiva que acompanhou a entrega foi recebida pela diretora Rosangela Szatkoski, al\u00e9m de um grupo<br \/>\nde professores, e contou com a presen\u00e7a do coordenador regional de Educa\u00e7\u00e3o da 20\u00aa Coordenadoria<br \/>\nRegional de Educa\u00e7\u00e3o (20\u00aa CRE), Jo\u00e3o Souza, e do vereador de Palmeira das Miss\u00f5es, Rodrigo Chagas.<br \/>\nA deputada aproveitou a oportunidade para reafirmar seu compromisso de seguir destinando recursos<br \/>\npara \u00e1reas essenciais como educa\u00e7\u00e3o e assist\u00eancia social, com o objetivo de garantir mais oportunidades<br \/>\ne bem-estar para a popula\u00e7\u00e3o. \u201cInvestir na educa\u00e7\u00e3o e na inclus\u00e3o social \u00e9 construir um futuro melhor<br \/>\npara a nossa gente\u201d, finalizou.<\/p>","protected":false},"excerpt":{"rendered":"<p>Na sexta-feira, 7, a deputada estadual Silvana Covatti (Progressistas) esteve, em Frederico Westphalen, nas quais realizou a entrega simb\u00f3lica de R$ 50 mil \u00e0 Escola Estadual de Educa\u00e7\u00e3o B\u00e1sica Sep\u00e9&#8230;<\/p>","protected":false},"author":2,"featured_media":68592,"comment_status":"closed","ping_status":"closed","sticky":false,"template":"","format":"standard","meta":{"ngg_post_thumbnail":0,"footnotes":""},"categories":[33],"tags":[],"class_list":["post-68591","post","type-post","status-publish","format-standard","has-post-thumbnail","hentry","category-noticias"],"amp_enabled":true,"_links":{"self":[{"href":"https:\/\/www2.comunitaria.com.br\/en\/wp-json\/wp\/v2\/posts\/68591","targetHints":{"allow":["GET"]}}],"collection":[{"href":"https:\/\/www2.comunitaria.com.br\/en\/wp-json\/wp\/v2\/posts"}],"about":[{"href":"https:\/\/www2.comunitaria.com.br\/en\/wp-json\/wp\/v2\/types\/post"}],"author":[{"embeddable":true,"href":"https:\/\/www2.comunitaria.com.br\/en\/wp-json\/wp\/v2\/users\/2"}],"replies":[{"embeddable":true,"href":"https:\/\/www2.comunitaria.com.br\/en\/wp-json\/wp\/v2\/comments?post=68591"}],"version-history":[{"count":0,"href":"https:\/\/www2.comunitaria.com.br\/en\/wp-json\/wp\/v2\/posts\/68591\/revisions"}],"wp:featuredmedia":[{"embeddable":true,"href":"https:\/\/www2.comunitaria.com.br\/en\/wp-json\/wp\/v2\/media\/68592"}],"wp:attachment":[{"href":"https:\/\/www2.comunitaria.com.br\/en\/wp-json\/wp\/v2\/media?parent=68591"}],"wp:term":[{"taxonomy":"category","embeddable":true,"href":"https:\/\/www2.comunitaria.com.br\/en\/wp-json\/wp\/v2\/categories?post=68591"},{"taxonomy":"post_tag","embeddable":true,"href":"https:\/\/www2.comunitaria.com.br\/en\/wp-json\/wp\/v2\/tags?post=68591"}],"curies":[{"name":"wp","href":"https:\/\/api.w.org\/{rel}","templated":true}]}}