{"id":68518,"date":"2025-02-06T16:45:50","date_gmt":"2025-02-06T18:45:50","guid":{"rendered":"https:\/\/www2.comunitaria.com.br\/?p=68518"},"modified":"2025-02-06T16:45:50","modified_gmt":"2025-02-06T18:45:50","slug":"mais-de-73-mil-motoristas-estao-com-o-exame-toxicologico-vencido-no-rs","status":"publish","type":"post","link":"https:\/\/www2.comunitaria.com.br\/en\/mais-de-73-mil-motoristas-estao-com-o-exame-toxicologico-vencido-no-rs\/","title":{"rendered":"Mais de 73 mil motoristas est\u00e3o com o exame toxicol\u00f3gico vencido no RS"},"content":{"rendered":"<p><strong>Mais de 73 mil motoristas<\/strong>&nbsp;do Rio Grande do Sul est\u00e3o circulando com o&nbsp;<span class=\"highlight highlighted\">exame toxicol\u00f3gico vencido<\/span>, uma exig\u00eancia&nbsp;<strong>obrigat\u00f3ria&nbsp;<\/strong>para condutores habilitados nas categorias<strong>&nbsp;C, D e E<\/strong>. A informa\u00e7\u00e3o \u00e9 da Secretaria Nacional de Tr\u00e2nsito (Senatran).<\/p>\n<div id=\"chunk-8cmv8\">\n<div class=\"mc-column content-text active-extra-styles\" data-block-type=\"unstyled\" data-block-weight=\"51\" data-block-id=\"5\">\n<p class=\"content-text__container\" data-track-category=\"Link no Texto\" data-track-links=\"\" data-mrf-recirculation=\"Mat\u00e9ria - Links no Texto\">O teste, que&nbsp;<span class=\"highlight highlighted\">detecta o uso de subst\u00e2ncias qu\u00edmicas<\/span>, como drogas e certos medicamentos,&nbsp;<strong>deve ser realizado a cada dois anos e meio<\/strong>. O descumprimento da regra pode resultar em uma&nbsp;<span class=\"highlight highlighted\">multa de R$ 1.467,35, sete pontos na carteira de habilita\u00e7\u00e3o e at\u00e9 tr\u00eas meses de suspens\u00e3o do direito de dirigir<\/span>.<\/p>\n<div id=\"chunk-iqb2\">\n<div class=\"mc-column content-text active-extra-styles\" data-block-type=\"unstyled\" data-block-weight=\"31\" data-block-id=\"9\">\n<p class=\"content-text__container\" data-track-category=\"Link no Texto\" data-track-links=\"\" data-mrf-recirculation=\"Mat\u00e9ria - Links no Texto\">O exame toxicol\u00f3gico analisa<strong>&nbsp;amostras de cabelos, pelos ou unhas<\/strong>&nbsp;para identificar o uso de subst\u00e2ncias nos \u00faltimos&nbsp;<strong>90 a 180 dias<\/strong>. Mesmo assim, muitos motoristas ignoram o prazo de renova\u00e7\u00e3o.<\/p>\n<\/div>\n<\/div>\n<div id=\"chunk-u2ch\">\n<div class=\"mc-column content-text active-extra-styles\" data-block-type=\"raw\" data-block-weight=\"36\" data-block-id=\"10\">\n<p class=\"content-text__container\" data-mrf-recirculation=\"Mat\u00e9ria - Links no Texto\">&nbsp;<\/p>\n<blockquote class=\"content-blockquote theme-border-color-primary-before\"><p>&#8220;\u00c9 um exame extremamente sens\u00edvel para a pesquisa dessas subst\u00e2ncias, ent\u00e3o n\u00e3o h\u00e1 forma da pessoa tentar burlar o exame. Teve um contato, o exame vai dar positivo&#8221;, explica o m\u00e9dico toxicologista e patologista Alvaro Pulchineli.<\/p><\/blockquote>\n<\/div>\n<div id=\"chunk-7aid8\">\n<div class=\"mc-column content-text active-extra-styles\" data-block-type=\"unstyled\" data-block-weight=\"52\" data-block-id=\"13\">\n<p class=\"content-text__container\" data-track-category=\"Link no Texto\" data-track-links=\"\" data-mrf-recirculation=\"Mat\u00e9ria - Links no Texto\">Segundo o chefe da Divis\u00e3o de Habilita\u00e7\u00e3o do Detran-RS, Eg\u00eddio Neri Nunes, cerca de&nbsp;<strong>54 mil condutores j\u00e1 foram autuados por estarem com o teste vencido<\/strong>. O Detran emite notifica\u00e7\u00f5es aos motoristas, mas isso s\u00f3 ocorre se o condutor tiver autorizado o recebimento de mensagens durante o processo de renova\u00e7\u00e3o da CNH.<\/p>\n<\/div>\n<\/div>\n<div id=\"chunk-16g9b\">\n<div class=\"mc-column content-text active-extra-styles\" data-block-type=\"unstyled\" data-block-weight=\"49\" data-block-id=\"14\">\n<p class=\"content-text__container\" data-track-category=\"Link no Texto\" data-track-links=\"\" data-mrf-recirculation=\"Mat\u00e9ria - Links no Texto\">Em 2023, a Pol\u00edcia Rodovi\u00e1ria Federal (PRF)&nbsp;<strong>fiscalizou mais de 108 mil ve\u00edculos de carga<\/strong>&nbsp;nas rodovias federais ga\u00fachas, aplicando&nbsp;<strong>235 multas por exame toxicol\u00f3gico vencido<\/strong>. Para o coordenador do programa SOS Estradas, Rodolfo Rizzotto, o alto n\u00famero de motoristas em situa\u00e7\u00e3o irregular \u00e9 reflexo das condi\u00e7\u00f5es de trabalho.<\/p>\n<\/div>\n<\/div>\n<div id=\"chunk-8l0im\">\n<div class=\"mc-column content-text active-extra-styles\" data-block-type=\"raw\" data-block-weight=\"40\" data-block-id=\"15\">\n<p class=\"content-text__container\" data-mrf-recirculation=\"Mat\u00e9ria - Links no Texto\">&nbsp;<\/p>\n<blockquote class=\"content-blockquote theme-border-color-primary-before\"><p>&#8220;Alguns at\u00e9 que fizeram exame e posteriormente passaram a usar drogas em fun\u00e7\u00e3o do regime de explora\u00e7\u00e3o. Ele usa pra se manter acordada, pra suportar a jornada, pra cumprir as exig\u00eancias da transportadora de carga ou de passageiros&#8221;, comenta Rizzotto.<\/p><\/blockquote>\n<p>&nbsp;<\/p>\n<\/div>\n<\/div>\n<div id=\"chunk-70o3n\">\n<div class=\"mc-column content-text active-extra-styles\" data-block-type=\"unstyled\" data-block-weight=\"19\" data-block-id=\"16\">\n<p class=\"content-text__container\" data-track-category=\"Link no Texto\" data-track-links=\"\" data-mrf-recirculation=\"Mat\u00e9ria - Links no Texto\">O delegado da Pol\u00edcia Federal, Ronaldo Reis, destaca que dirigir com o exame vencido caracteriza descaso com a profiss\u00e3o:<\/p>\n<\/div>\n<\/div>\n<div id=\"chunk-3me90\">\n<div class=\"mc-column content-text active-extra-styles\" data-block-type=\"unstyled\" data-block-weight=\"43\" data-block-id=\"17\">\n<p class=\"content-text__container\" data-track-category=\"Link no Texto\" data-track-links=\"\" data-mrf-recirculation=\"Mat\u00e9ria - Links no Texto\">\u201cO exame toxicol\u00f3gico vencido, a alta velocidade com que ele trafegava e a embriaguez que ele apresentava no momento do acidente, conduzem a uma indiferen\u00e7a \u00e0 produ\u00e7\u00e3o do resultado. Conduzem, na verdade, num indicativo de que ele assumia o risco daquele resultado&#8221;, diz.<\/p>\n<\/div>\n<\/div>\n<div id=\"chunk-3r287\">\n<div class=\"mc-column content-text active-extra-styles\" data-block-type=\"raw\" data-block-weight=\"3\" data-block-id=\"20\">\n<div class=\"content-intertitle\">\n<h2>Perigo nas estradas<\/h2>\n<\/div>\n<p>&nbsp;<\/p>\n<\/div>\n<\/div>\n<div id=\"chunk-34akh\">\n<div class=\"mc-column content-text active-extra-styles\" data-block-type=\"unstyled\" data-block-weight=\"16\" data-block-id=\"21\">\n<p class=\"content-text__container\" data-track-category=\"Link no Texto\" data-track-links=\"\" data-mrf-recirculation=\"Mat\u00e9ria - Links no Texto\">O uso de drogas e \u00e1lcool altera o comportamento ao volante, aumentando o risco de acidentes.<\/p>\n<\/div>\n<\/div>\n<div id=\"chunk-daqrf\">\n<div class=\"mc-column content-text active-extra-styles\" data-block-type=\"raw\" data-block-weight=\"50\" data-block-id=\"22\">\n<p class=\"content-text__container\" data-mrf-recirculation=\"Mat\u00e9ria - Links no Texto\">&nbsp;<\/p>\n<blockquote class=\"content-blockquote theme-border-color-primary-before\"><p>&#8220;Muitas vezes, ele (o motorista) perde o controle da dire\u00e7\u00e3o veicular, ele se torna mais agressivo na dire\u00e7\u00e3o veicular, utilizando do excesso de velocidade, que \u00e9 um dos maiores causadores de sinistros de acidente de tr\u00e2nsito&#8221;, alerta Ricardo Hegele, presidente da Associa\u00e7\u00e3o Brasileira de Medicina de Tr\u00e1fego no RS (Abramet-RS).<\/p><\/blockquote>\n<p>&nbsp;<\/p>\n<\/div>\n<\/div>\n<div id=\"chunk-cpro6\">\n<div class=\"mc-column content-text active-extra-styles\" data-block-type=\"unstyled\" data-block-weight=\"43\" data-block-id=\"23\">\n<p class=\"content-text__container\" data-track-category=\"Link no Texto\" data-track-links=\"\" data-mrf-recirculation=\"Mat\u00e9ria - Links no Texto\">Em novembro do ano passado, por exemplo, um&nbsp;<a class=\"\" href=\"https:\/\/g1.globo.com\/rs\/rio-grande-do-sul\/noticia\/2024\/11\/23\/policial-e-passageiro-de-caminhao-morrem-em-acidente-em-rodovia-no-rs-motorista-estava-embriagado-diz-prf.ghtml\" data-mrf-link=\"https:\/\/g1.globo.com\/rs\/rio-grande-do-sul\/noticia\/2024\/11\/23\/policial-e-passageiro-de-caminhao-morrem-em-acidente-em-rodovia-no-rs-motorista-estava-embriagado-diz-prf.ghtml\">acidente na BR-293<\/a>, em Candiota, no Sul do RS, exp\u00f4s as consequ\u00eancias desse descaso. Um motorista&nbsp;<strong>embriagado<\/strong>&nbsp;e com o&nbsp;<strong>exame toxicol\u00f3gico vencido&nbsp;<\/strong>bateu de frente em uma viatura da PRF e em outro caminh\u00e3o.<\/p>\n<\/div>\n<\/div>\n<div id=\"chunk-3h31h\">\n<div class=\"mc-column content-text active-extra-styles\" data-block-type=\"unstyled\" data-block-weight=\"43\" data-block-id=\"26\">\n<p class=\"content-text__container\" data-track-category=\"Link no Texto\" data-track-links=\"\" data-mrf-recirculation=\"Mat\u00e9ria - Links no Texto\">O impacto causou a morte do policial Carlos Edvar Espinosa da Silva, de 56 anos, e do passageiro do caminh\u00e3o, de 25 anos. O condutor foi preso em flagrante, mas liberado posteriormente. Ele teve a CNH suspensa e foi indiciado por&nbsp;<a class=\"\" href=\"https:\/\/g1.globo.com\/rs\/rio-grande-do-sul\/noticia\/2024\/11\/24\/motorista-carreta-acidente-br293-indiciado-por-homicidio-doloso.ghtml\" data-mrf-link=\"https:\/\/g1.globo.com\/rs\/rio-grande-do-sul\/noticia\/2024\/11\/24\/motorista-carreta-acidente-br293-indiciado-por-homicidio-doloso.ghtml\">homic\u00eddio doloso<\/a>.<\/p>\n<\/div>\n<\/div>\n<div id=\"chunk-378tj\">\n<div class=\"mc-column content-text active-extra-styles\" data-block-type=\"unstyled\" data-block-weight=\"18\" data-block-id=\"27\">\n<p class=\"content-text__container\" data-track-category=\"Link no Texto\" data-track-links=\"\" data-mrf-recirculation=\"Mat\u00e9ria - Links no Texto\">Para motoristas profissionais, como o caminhoneiro D\u00eddimo Martins, manter o exame em dia \u00e9 uma quest\u00e3o de responsabilidade.<\/p>\n<\/div>\n<\/div>\n<div id=\"chunk-b7spk\">\n<div class=\"mc-column content-text active-extra-styles\" data-block-type=\"raw\" data-block-weight=\"17\" data-block-id=\"28\">\n<p class=\"content-text__container\" data-mrf-recirculation=\"Mat\u00e9ria - Links no Texto\">&nbsp;<\/p>\n<blockquote class=\"content-blockquote theme-border-color-primary-before\"><p>\u201cTem que ficar controlando para n\u00e3o deixar vencer. Se vencer, o guarda pega e j\u00e1 era\u201d, conta.<\/p><\/blockquote>\n<\/div>\n<\/div>\n<p><em>Fonte: g1 RS<\/em><\/div>\n<div><em>Foto: Reprodu\u00e7\u00e3o\/RBS TV<a href=\"https:\/\/www2.comunitaria.com.br\/en\/mais-de-73-mil-motoristas-estao-com-o-exame-toxicologico-vencido-no-rs\/exame-toxicologico-frame-2157\/\" rel=\"attachment wp-att-68519\"><img loading=\"lazy\" decoding=\"async\" class=\"aligncenter size-full wp-image-68519\" src=\"http:\/\/www2.comunitaria.com.br\/wp-content\/uploads\/2025\/02\/exame-toxicologico-frame-2157.avif\" alt=\"\" width=\"640\" height=\"360\"><\/a><\/em><\/div>\n<\/div>\n<\/div>\n<div id=\"chunk-fq2tv\">\n<div class=\"mc-column content-text active-extra-styles\" data-block-type=\"unstyled\" data-block-weight=\"2\" data-block-id=\"6\">&nbsp;<\/div>\n<\/div>\n<p>&nbsp;<\/p>","protected":false},"excerpt":{"rendered":"<p>Mais de 73 mil motoristas&nbsp;do Rio Grande do Sul est\u00e3o circulando com o&nbsp;exame toxicol\u00f3gico vencido, uma exig\u00eancia&nbsp;obrigat\u00f3ria&nbsp;para condutores habilitados nas categorias&nbsp;C, D e E. A informa\u00e7\u00e3o \u00e9 da Secretaria Nacional de Tr\u00e2nsito (Senatran). O teste, que&nbsp;detecta o uso de subst\u00e2ncias qu\u00edmicas, como drogas e certos medicamentos,&nbsp;deve ser realizado a cada dois anos e meio. O<\/p>\n<div class=\"read-more-wrapper\"><a class=\"read-more\" href=\"https:\/\/www2.comunitaria.com.br\/en\/mais-de-73-mil-motoristas-estao-com-o-exame-toxicologico-vencido-no-rs\/\" title=\"Read More\"> <span class=\"button\">Read More<\/span><\/a><\/div>","protected":false},"author":2,"featured_media":68519,"comment_status":"closed","ping_status":"closed","sticky":false,"template":"","format":"standard","meta":{"ngg_post_thumbnail":0,"footnotes":""},"categories":[46,28,33],"tags":[1192,7207],"class_list":["post-68518","post","type-post","status-publish","format-standard","has-post-thumbnail","hentry","category-estado","category-destaque","category-noticias","tag-rio-grande-do-sul","tag-senatran"],"amp_enabled":true,"_links":{"self":[{"href":"https:\/\/www2.comunitaria.com.br\/en\/wp-json\/wp\/v2\/posts\/68518","targetHints":{"allow":["GET"]}}],"collection":[{"href":"https:\/\/www2.comunitaria.com.br\/en\/wp-json\/wp\/v2\/posts"}],"about":[{"href":"https:\/\/www2.comunitaria.com.br\/en\/wp-json\/wp\/v2\/types\/post"}],"author":[{"embeddable":true,"href":"https:\/\/www2.comunitaria.com.br\/en\/wp-json\/wp\/v2\/users\/2"}],"replies":[{"embeddable":true,"href":"https:\/\/www2.comunitaria.com.br\/en\/wp-json\/wp\/v2\/comments?post=68518"}],"version-history":[{"count":0,"href":"https:\/\/www2.comunitaria.com.br\/en\/wp-json\/wp\/v2\/posts\/68518\/revisions"}],"wp:featuredmedia":[{"embeddable":true,"href":"https:\/\/www2.comunitaria.com.br\/en\/wp-json\/wp\/v2\/media\/68519"}],"wp:attachment":[{"href":"https:\/\/www2.comunitaria.com.br\/en\/wp-json\/wp\/v2\/media?parent=68518"}],"wp:term":[{"taxonomy":"category","embeddable":true,"href":"https:\/\/www2.comunitaria.com.br\/en\/wp-json\/wp\/v2\/categories?post=68518"},{"taxonomy":"post_tag","embeddable":true,"href":"https:\/\/www2.comunitaria.com.br\/en\/wp-json\/wp\/v2\/tags?post=68518"}],"curies":[{"name":"wp","href":"https:\/\/api.w.org\/{rel}","templated":true}]}}