{"id":68387,"date":"2025-01-27T11:43:52","date_gmt":"2025-01-27T13:43:52","guid":{"rendered":"https:\/\/www2.comunitaria.com.br\/?p=68387"},"modified":"2025-01-27T11:43:53","modified_gmt":"2025-01-27T13:43:53","slug":"creluz-realiza-assembleia-geral-ordinaria-em-palmeira-das-missoes","status":"publish","type":"post","link":"https:\/\/www2.comunitaria.com.br\/en\/creluz-realiza-assembleia-geral-ordinaria-em-palmeira-das-missoes\/","title":{"rendered":"Creluz realiza assembleia geral ordin\u00e1ria em Palmeira das Miss\u00f5es"},"content":{"rendered":"<p><span style=\"font-weight: 400;\">No dia 24 de janeiro de 2025, a Creluz realizou sua Assembleia Geral Ordin\u00e1ria (AGO) de presta\u00e7\u00e3o de contas do exerc\u00edcio de 2024. O evento aconteceu no Parque de Exposi\u00e7\u00f5es Telmo Jos\u00e9 Schardong, em Palmeira das Miss\u00f5es, reunindo aproximadamente 1.000 associados.<\/span><\/p>\n<p><span style=\"font-weight: 400;\">A assembleia aprovou por unanimidade o relat\u00f3rio da administra\u00e7\u00e3o, que incluiu demonstra\u00e7\u00f5es cont\u00e1beis, pareceres do conselho fiscal e a destina\u00e7\u00e3o das sobras a disposi\u00e7\u00e3o da AGO, que alcan\u00e7aram o montante de R$ 7,47 milh\u00f5es. Esses recursos ser\u00e3o aplicados no Fundo de Gera\u00e7\u00e3o de Energia e Desenvolvimento, fortalecendo iniciativas sustent\u00e1veis e cooperativas. Durante o ano de 2024, a Creluz investiu expressivos R$ 36 milh\u00f5es nos segmentos de gera\u00e7\u00e3o e distribui\u00e7\u00e3o de energia, consolidando-se como uma protagonista na infraestrutura energ\u00e9tica da regi\u00e3o.<\/span><\/p>\n<p><span style=\"font-weight: 400;\">Um dos principais destaques da assembleia foi o an\u00fancio do plano de investimentos para os pr\u00f3ximos anos com destaque para 2025, que refor\u00e7a o compromisso da Creluz em levar energia limpa, descentralizada e de qualidade aos cooperados. Entre as iniciativas est\u00e3o:<\/span><\/p>\n<ul>\n<li><span style=\"font-weight: 400;\"> Conclus\u00e3o da Subesta\u00e7\u00e3o Caminho dos Tropeiros, em Dois Irm\u00e3os das Miss\u00f5es: um projeto essencial voltado para a qualidade e a confiabilidade do fornecimento de energia e para possibilitar a integra\u00e7\u00e3o de novos recursos energ\u00e9ticos distribu\u00eddos, atendendo \u00e0 crescente demanda.<\/span><\/li>\n<li><span style=\"font-weight: 400;\"> Finaliza\u00e7\u00e3o da usina solar Sol da Uni\u00e3o, em Frederico Westphalen: uma importante expans\u00e3o no uso de fontes renov\u00e1veis, destacando-se como marco no avan\u00e7o da gera\u00e7\u00e3o de energia limpa na regi\u00e3o.<\/span><\/li>\n<li><span style=\"font-weight: 400;\"> Progresso na constru\u00e7\u00e3o de duas futuras subesta\u00e7\u00f5es: a subesta\u00e7\u00e3o Villa Faguense, em Frederico Westphalen, e a subesta\u00e7\u00e3o Rota dos Cristais, em Ametista do Sul, ambas projetadas para atender \u00e0 expans\u00e3o da infraestrutura energ\u00e9tica em \u00e1reas estrat\u00e9gicas.<\/span><\/li>\n<\/ul>\n<p><span style=\"font-weight: 400;\">Outro ponto de destaque foi a apresenta\u00e7\u00e3o do relat\u00f3rio de gest\u00e3o e dos indicadores gerenciais. Em 2024, a comercializadora Creluz Mercado Livre garantiu energia limpa e renov\u00e1vel a pre\u00e7os competitivos. A Creluz tamb\u00e9m gerou R$ 32 milh\u00f5es em valor adicionado por meio de encargos e tributos, refor\u00e7ando seu papel como motor econ\u00f4mico local.<\/span><\/p>\n<p><span style=\"font-weight: 400;\">A cooperativa foi reconhecida com o primeiro lugar no Pr\u00eamio SomosCoop Melhores do Ano, promovido pelo Sistema OCB, na categoria Intercoopera\u00e7\u00e3o. O pr\u00eamio \u00e9 fruto do apoio prestado pela Creluz \u00e0s coirm\u00e3s atingidas pelas enchentes de maio de 2024 no Rio Grande do Sul.<\/span><\/p>\n<p><span style=\"font-weight: 400;\">O evento tamb\u00e9m foi marcado pela elei\u00e7\u00e3o dos conselhos Fiscal e de Administra\u00e7\u00e3o e pelo discurso inspirador do presidente da cooperativa, Sr. Elemar Battisti. Em sua fala, Battisti destacou os desafios enfrentados pela Creluz em um cen\u00e1rio de mudan\u00e7as clim\u00e1ticas, exig\u00eancias regulat\u00f3rias cada vez mais rigorosas e a transi\u00e7\u00e3o energ\u00e9tica global. Ele refor\u00e7ou a import\u00e2ncia da identidade cooperativa como um diferencial estrat\u00e9gico para enfrentar essas adversidades e avan\u00e7ar no setor.<\/span><\/p>\n<p><span style=\"font-weight: 400;\">\u2018Seguiremos investindo de forma ousada e respons\u00e1vel, com o compromisso de promover um desenvolvimento descentralizado e sustent\u00e1vel, al\u00e9m de garantir energia limpa, acess\u00edvel e de alta qualidade aos nossos cooperados\u2019, afirmou Battisti.<\/span><\/p>\n<p><span style=\"font-weight: 400;\">A Assembleia Geral 2025 da Creluz foi mais do que uma presta\u00e7\u00e3o de contas. O evento reafirmou os valores cooperativistas, destacando a participa\u00e7\u00e3o coletiva e a aprova\u00e7\u00e3o un\u00e2nime de investimentos estrat\u00e9gicos. A sinergia entre a cooperativa e seus associados demonstra o compromisso da Creluz em construir um futuro mais sustent\u00e1vel, comprovado por meio de a\u00e7\u00f5es sociais e ambientais realizadas ao longo do ano.<\/span><\/p>\n<p>&nbsp;<\/p>\n<p><em><span style=\"font-weight: 400;\">Fonte: Creluz\/Divulga\u00e7\u00e3o<\/span><\/em><\/p>\n<p><a href=\"https:\/\/www2.comunitaria.com.br\/en\/creluz-realiza-assembleia-geral-ordinaria-em-palmeira-das-missoes\/imagem_1006448993\/\" rel=\"attachment wp-att-68388\"><img loading=\"lazy\" decoding=\"async\" class=\"aligncenter size-full wp-image-68388\" src=\"http:\/\/www2.comunitaria.com.br\/wp-content\/uploads\/2025\/01\/imagem_1006448993.jpg\" alt=\"\" width=\"1680\" height=\"1120\" srcset=\"https:\/\/www2.comunitaria.com.br\/wp-content\/uploads\/2025\/01\/imagem_1006448993.jpg 1680w, https:\/\/www2.comunitaria.com.br\/wp-content\/uploads\/2025\/01\/imagem_1006448993-300x200.jpg 300w, https:\/\/www2.comunitaria.com.br\/wp-content\/uploads\/2025\/01\/imagem_1006448993-1024x683.jpg 1024w, https:\/\/www2.comunitaria.com.br\/wp-content\/uploads\/2025\/01\/imagem_1006448993-768x512.jpg 768w, https:\/\/www2.comunitaria.com.br\/wp-content\/uploads\/2025\/01\/imagem_1006448993-1536x1024.jpg 1536w, https:\/\/www2.comunitaria.com.br\/wp-content\/uploads\/2025\/01\/imagem_1006448993-1200x800.jpg 1200w\" sizes=\"auto, (max-width: 1680px) 100vw, 1680px\" \/><\/a><\/p>","protected":false},"excerpt":{"rendered":"<p>No dia 24 de janeiro de 2025, a Creluz realizou sua Assembleia Geral Ordin\u00e1ria (AGO) de presta\u00e7\u00e3o de contas do exerc\u00edcio de 2024. O evento aconteceu no Parque de Exposi\u00e7\u00f5es&#8230;<\/p>","protected":false},"author":2,"featured_media":68388,"comment_status":"closed","ping_status":"closed","sticky":false,"template":"","format":"standard","meta":{"ngg_post_thumbnail":0,"footnotes":""},"categories":[46,28,33],"tags":[203],"class_list":["post-68387","post","type-post","status-publish","format-standard","has-post-thumbnail","hentry","category-estado","category-destaque","category-noticias","tag-creluz"],"amp_enabled":true,"_links":{"self":[{"href":"https:\/\/www2.comunitaria.com.br\/en\/wp-json\/wp\/v2\/posts\/68387","targetHints":{"allow":["GET"]}}],"collection":[{"href":"https:\/\/www2.comunitaria.com.br\/en\/wp-json\/wp\/v2\/posts"}],"about":[{"href":"https:\/\/www2.comunitaria.com.br\/en\/wp-json\/wp\/v2\/types\/post"}],"author":[{"embeddable":true,"href":"https:\/\/www2.comunitaria.com.br\/en\/wp-json\/wp\/v2\/users\/2"}],"replies":[{"embeddable":true,"href":"https:\/\/www2.comunitaria.com.br\/en\/wp-json\/wp\/v2\/comments?post=68387"}],"version-history":[{"count":0,"href":"https:\/\/www2.comunitaria.com.br\/en\/wp-json\/wp\/v2\/posts\/68387\/revisions"}],"wp:featuredmedia":[{"embeddable":true,"href":"https:\/\/www2.comunitaria.com.br\/en\/wp-json\/wp\/v2\/media\/68388"}],"wp:attachment":[{"href":"https:\/\/www2.comunitaria.com.br\/en\/wp-json\/wp\/v2\/media?parent=68387"}],"wp:term":[{"taxonomy":"category","embeddable":true,"href":"https:\/\/www2.comunitaria.com.br\/en\/wp-json\/wp\/v2\/categories?post=68387"},{"taxonomy":"post_tag","embeddable":true,"href":"https:\/\/www2.comunitaria.com.br\/en\/wp-json\/wp\/v2\/tags?post=68387"}],"curies":[{"name":"wp","href":"https:\/\/api.w.org\/{rel}","templated":true}]}}