{"id":68372,"date":"2025-01-24T12:22:17","date_gmt":"2025-01-24T14:22:17","guid":{"rendered":"https:\/\/www2.comunitaria.com.br\/?p=68372"},"modified":"2025-01-24T12:22:17","modified_gmt":"2025-01-24T14:22:17","slug":"policia-diz-que-frigorifico-maquiou-carne-estragada-do-rs-e-reembalou-como-produto-nobre-do-uruguai","status":"publish","type":"post","link":"https:\/\/www2.comunitaria.com.br\/en\/policia-diz-que-frigorifico-maquiou-carne-estragada-do-rs-e-reembalou-como-produto-nobre-do-uruguai\/","title":{"rendered":"Pol\u00edcia diz que frigor\u00edfico &#8216;maquiou&#8217; carne estragada do RS e reembalou como produto nobre do Uruguai"},"content":{"rendered":"<div id=\"chunk-6qn5c\">\n<div class=\"mc-column content-text active-extra-styles\" data-block-type=\"unstyled\" data-block-weight=\"41\" data-block-id=\"3\">\n<p class=\"content-text__container\" style=\"text-align: justify;\" data-track-category=\"Link no Texto\" data-track-links=\"\" data-mrf-recirculation=\"Mat\u00e9ria - Links no Texto\">A investiga\u00e7\u00e3o sobre o caso das toneladas de carnes que ficaram submersas&nbsp;durante a enchente hist\u00f3rica do Rio Grande do Sul&nbsp;aponta que a empresa Tem Di Tudo Salvados vendeu pe\u00e7as estragadas como se fossem nobres e vindas do Uruguai.<\/p>\n<\/div>\n<\/div>\n<div class=\"wall protected-content\">\n<div id=\"chunk-9lcoe\" style=\"text-align: justify;\">\n<div class=\"mc-column content-text active-extra-styles\" data-block-type=\"unstyled\" data-block-weight=\"56\" data-block-id=\"4\">\n<p class=\"content-text__container\" data-track-category=\"Link no Texto\" data-track-links=\"\" data-mrf-recirculation=\"Mat\u00e9ria - Links no Texto\">A empresa, que \u00e9 de&nbsp;Tr\u00eas Rios, no RJ,&nbsp;acabou repassando carnes para o mesmo frigor\u00edfico que vendeu as 800 toneladas do material podre&nbsp;&#8211; que deveria ter sido transformado em ra\u00e7\u00e3o de animal. Essa carne, segundo a pol\u00edcia, foi lavada para retirar os res\u00edduos de lama e colocada nas caixas que simulam marca uruguaia.<\/p>\n<\/div>\n<\/div>\n<div id=\"chunk-90oqd\" style=\"text-align: justify;\">\n<div class=\"mc-column content-text active-extra-styles\" data-block-type=\"unstyled\" data-block-weight=\"36\" data-block-id=\"5\">\n<p class=\"content-text__container\" data-track-category=\"Link no Texto\" data-track-links=\"\" data-mrf-recirculation=\"Mat\u00e9ria - Links no Texto\">Uma pe\u00e7a de picanha, do mesmo lote, ainda estava sendo comercializada nesta quarta (22) na empresa investigada. A investiga\u00e7\u00e3o mostrou que a carne foi maquiada e vendida como pr\u00f3pria para consumo. Quatro pessoas foram presas.<\/p>\n<\/div>\n<\/div>\n<div id=\"chunk-ks5j\">\n<div class=\"mc-column content-text active-extra-styles\" data-block-type=\"unstyled\" data-block-weight=\"35\" data-block-id=\"7\">\n<p class=\"content-text__container\" style=\"text-align: justify;\" data-track-category=\"Link no Texto\" data-track-links=\"\" data-mrf-recirculation=\"Mat\u00e9ria - Links no Texto\">As investiga\u00e7\u00f5es come\u00e7aram depois que a empresa que realizou a venda procurou a pol\u00edcia para dizer que notou ter&nbsp;comprado a carne estragada de volta como se estivesse boa e pr\u00f3pria&nbsp;para consumo humano.<\/p>\n<div id=\"chunk-agh1o\" style=\"text-align: justify;\">\n<div class=\"mc-column content-text active-extra-styles\" data-block-type=\"unstyled\" data-block-weight=\"46\" data-block-id=\"11\">\n<p class=\"content-text__container\" data-track-category=\"Link no Texto\" data-track-links=\"\" data-mrf-recirculation=\"Mat\u00e9ria - Links no Texto\">Segundo a pol\u00edcia, essa pe\u00e7a em quest\u00e3o foi vendida para um frigor\u00edfico de Nova Igua\u00e7u, que por sua vez revendeu para empresas de Minas Gerais. Por uma coincid\u00eancia, a carne acabou sendo oferecida de volta para o produtor de Canoas, onde tinha ficado meses debaixo d&#8217;\u00e1gua.<\/p>\n<\/div>\n<\/div>\n<div id=\"chunk-7pbp5\" style=\"text-align: justify;\">\n<div class=\"mc-column content-text active-extra-styles\" data-block-type=\"unstyled\" data-block-weight=\"33\" data-block-id=\"13\">\n<p class=\"content-text__container\" data-track-category=\"Link no Texto\" data-track-links=\"\" data-mrf-recirculation=\"Mat\u00e9ria - Links no Texto\">Fotos mostram que o produto chegou ao Rio Grande do Sul com aspecto de podre. Pelos lotes nas embalagens, o produtor que tinha perdido a carne notou se tratar do mesmo material.<\/p>\n<\/div>\n<\/div>\n<div id=\"chunk-cpk5g\" style=\"text-align: justify;\">\n<div class=\"mc-column content-text active-extra-styles\" data-block-type=\"unstyled\" data-block-weight=\"38\" data-block-id=\"14\">\n<p class=\"content-text__container\" data-track-category=\"Link no Texto\" data-track-links=\"\" data-mrf-recirculation=\"Mat\u00e9ria - Links no Texto\">Agora, a pol\u00edcia tenta localizar as outras empresas que compraram a carne sem saber que era um produto impr\u00f3prio. O rastreio est\u00e1 sendo feito atrav\u00e9s de notas fiscais apreendidas no frigor\u00edfico para encontrar poss\u00edveis compradores do material.<\/p>\n<\/div>\n<\/div>\n<div id=\"chunk-96ts9\">\n<div class=\"mc-column content-text active-extra-styles\" data-block-type=\"unstyled\" data-block-weight=\"42\" data-block-id=\"15\">\n<p class=\"content-text__container\" style=\"text-align: justify;\" data-track-category=\"Link no Texto\" data-track-links=\"\" data-mrf-recirculation=\"Mat\u00e9ria - Links no Texto\">No com\u00e9rcio investigado, a pol\u00edcia encontrou ainda centenas de caixas de medicamentos e teste de Covid vencidos, al\u00e9m de cigarros e at\u00e9 produtos de beleza na mesma situa\u00e7\u00e3o. Todo o material foi inutilizado com cloro e entregue \u00e0 companhia de limpeza.<\/p>\n<div id=\"chunk-dt8ri\" style=\"text-align: justify;\">\n<div class=\"mc-column content-text active-extra-styles\" data-block-type=\"unstyled\" data-block-weight=\"26\" data-block-id=\"18\">\n<p class=\"content-text__container\" data-track-category=\"Link no Texto\" data-track-links=\"\" data-mrf-recirculation=\"Mat\u00e9ria - Links no Texto\">A Tem Di Tudo&nbsp;<span class=\"highlight highlighted\">\u00e9 autorizada a fazer o reaproveitamento de produtos vencidos<\/span>&nbsp;e alegou aos produtores ga\u00fachos que a mercadoria&nbsp;<span class=\"highlight highlighted\">seria transformada em ra\u00e7\u00e3o animal<\/span>.<\/p>\n<\/div>\n<\/div>\n<div id=\"chunk-f3tic\" style=\"text-align: justify;\">\n<div class=\"mc-column content-text active-extra-styles\" data-block-type=\"unstyled\" data-block-weight=\"58\" data-block-id=\"19\">\n<p class=\"content-text__container\" data-track-category=\"Link no Texto\" data-track-links=\"\" data-mrf-recirculation=\"Mat\u00e9ria - Links no Texto\">Mas a Decon apurou que pacotes de&nbsp;<strong>carnes bovina, su\u00edna e de aves estragadas<\/strong>&nbsp;foram postos \u00e0 venda&nbsp;<span class=\"highlight highlighted\">para a\u00e7ougues e mercados de todo o pa\u00eds<\/span>. \u201cTemos informa\u00e7\u00f5es de que&nbsp;<span class=\"highlight highlighted\">a carne foi maquiada para esconder a deteriora\u00e7\u00e3o<\/span> provocada pela lama e pela \u00e1gua que ficaram acumuladas l\u00e1 no frigor\u00edfico da capital ga\u00facha\u201d, explicou o delegado Wellington Vieira.<\/p>\n<\/div>\n<\/div>\n<div id=\"chunk-3nram\" style=\"text-align: justify;\">\n<div class=\"mc-column content-text active-extra-styles\" data-block-type=\"raw\" data-block-weight=\"33\" data-block-id=\"20\">\n<blockquote class=\"content-blockquote theme-border-color-primary-before\"><p>\u201cAt\u00e9 onde a gente sabe pelas investiga\u00e7\u00f5es, a carne foi transportada para diversos outros compradores que n\u00e3o sabiam da proced\u00eancia. Foram 32 carretas que sa\u00edram do Sul para diversos destinos do Brasil\u201d, afirmou.<\/p><\/blockquote>\n<\/div>\n<\/div>\n<div id=\"chunk-7ct08\" style=\"text-align: justify;\">\n<div class=\"mc-column content-text active-extra-styles\" data-block-type=\"unstyled\" data-block-weight=\"30\" data-block-id=\"21\">\n<p class=\"content-text__container\" data-track-category=\"Link no Texto\" data-track-links=\"\" data-mrf-recirculation=\"Mat\u00e9ria - Links no Texto\">\u201cTodas as pessoas que consumiram essa carne&nbsp;<span class=\"highlight highlighted\">correram risco de vida<\/span>. Quando uma mercadoria fica debaixo d\u2019\u00e1gua, adquire circunst\u00e2ncias e condi\u00e7\u00f5es que&nbsp;<span class=\"highlight highlighted\">trazem risco iminente \u00e0 sa\u00fade<\/span>\u201d, frisou o delegado.<\/p>\n<\/div>\n<\/div>\n<div id=\"chunk-4ohbr\" style=\"text-align: justify;\">\n<div class=\"mc-column content-text active-extra-styles\" data-block-type=\"raw\" data-block-weight=\"3\" data-block-id=\"22\">\n<div class=\"content-intertitle\">\n<h2>Lucro de 1.000%<\/h2>\n<\/div>\n<\/div>\n<\/div>\n<div id=\"chunk-5oa6\" style=\"text-align: justify;\">\n<div class=\"mc-column content-text active-extra-styles\" data-block-type=\"unstyled\" data-block-weight=\"15\" data-block-id=\"23\">\n<p class=\"content-text__container\" data-track-category=\"Link no Texto\" data-track-links=\"\" data-mrf-recirculation=\"Mat\u00e9ria - Links no Texto\">A pol\u00edcia descobriu tamb\u00e9m que a Tem Di Tudo Salvados&nbsp;<span class=\"highlight highlighted\">lucrou muito com o esquema<\/span>.<\/p>\n<\/div>\n<\/div>\n<div id=\"chunk-3pu3v\" style=\"text-align: justify;\">\n<div class=\"mc-column content-text active-extra-styles\" data-block-type=\"unstyled\" data-block-weight=\"29\" data-block-id=\"24\">\n<p class=\"content-text__container\" data-track-category=\"Link no Texto\" data-track-links=\"\" data-mrf-recirculation=\"Mat\u00e9ria - Links no Texto\">\u201cSegundo as notas fiscais, a carne boa estava avaliada em torno de&nbsp;<strong>R$ 5 milh\u00f5es<\/strong>, mas a empresa comprou as&nbsp;<strong>800 toneladas estragadas<\/strong>&nbsp;por&nbsp;<strong>R$ 80 mil<\/strong>\u201d, declarou Vieira.<\/p>\n<\/div>\n<\/div>\n<div id=\"chunk-3d55o\">\n<div class=\"mc-column content-text active-extra-styles\" data-block-type=\"unstyled\" data-block-weight=\"22\" data-block-id=\"25\">\n<p class=\"content-text__container\" style=\"text-align: justify;\" data-track-category=\"Link no Texto\" data-track-links=\"\" data-mrf-recirculation=\"Mat\u00e9ria - Links no Texto\">Os investigados podem responder ainda pelos crimes de&nbsp;<strong>associa\u00e7\u00e3o criminosa<\/strong>,&nbsp;<strong>recepta\u00e7\u00e3o<\/strong>,&nbsp;<strong>adultera\u00e7\u00e3o e corrup\u00e7\u00e3o de alimentos<\/strong>,&nbsp;<span class=\"highlight highlighted\">com alcance em todo o pa\u00eds<\/span>.<\/p>\n<p data-track-category=\"Link no Texto\" data-track-links=\"\" data-mrf-recirculation=\"Mat\u00e9ria - Links no Texto\"><em>Fonte: g1 RJ<\/em><\/p>\n<p data-track-category=\"Link no Texto\" data-track-links=\"\" data-mrf-recirculation=\"Mat\u00e9ria - Links no Texto\"><em>Foto: Reprodu\u00e7\u00e3o\/TV Globo<a href=\"https:\/\/www2.comunitaria.com.br\/en\/policia-diz-que-frigorifico-maquiou-carne-estragada-do-rs-e-reembalou-como-produto-nobre-do-uruguai\/rj2-limpo-20250123-1830-frame-62421\/\" rel=\"attachment wp-att-68373\"><img loading=\"lazy\" decoding=\"async\" class=\"aligncenter size-full wp-image-68373\" src=\"http:\/\/www2.comunitaria.com.br\/wp-content\/uploads\/2025\/01\/rj2-limpo-20250123-1830-frame-62421.avif\" alt=\"\" width=\"640\" height=\"360\"><\/a><\/em><\/p>\n<\/div>\n<\/div>\n<\/div>\n<\/div>\n<\/div>\n<\/div>\n<\/div>","protected":false},"excerpt":{"rendered":"<p>A investiga\u00e7\u00e3o sobre o caso das toneladas de carnes que ficaram submersas&nbsp;durante a enchente hist\u00f3rica do Rio Grande do Sul&nbsp;aponta que a empresa Tem Di Tudo Salvados vendeu pe\u00e7as estragadas&#8230;<\/p>","protected":false},"author":2,"featured_media":68373,"comment_status":"closed","ping_status":"closed","sticky":false,"template":"","format":"standard","meta":{"ngg_post_thumbnail":0,"footnotes":""},"categories":[47,46,28,33,36],"tags":[7187,1368],"class_list":["post-68372","post","type-post","status-publish","format-standard","has-post-thumbnail","hentry","category-brasil","category-estado","category-destaque","category-noticias","category-policia","tag-carne-estragada","tag-rio-de-janeiro"],"amp_enabled":true,"_links":{"self":[{"href":"https:\/\/www2.comunitaria.com.br\/en\/wp-json\/wp\/v2\/posts\/68372","targetHints":{"allow":["GET"]}}],"collection":[{"href":"https:\/\/www2.comunitaria.com.br\/en\/wp-json\/wp\/v2\/posts"}],"about":[{"href":"https:\/\/www2.comunitaria.com.br\/en\/wp-json\/wp\/v2\/types\/post"}],"author":[{"embeddable":true,"href":"https:\/\/www2.comunitaria.com.br\/en\/wp-json\/wp\/v2\/users\/2"}],"replies":[{"embeddable":true,"href":"https:\/\/www2.comunitaria.com.br\/en\/wp-json\/wp\/v2\/comments?post=68372"}],"version-history":[{"count":0,"href":"https:\/\/www2.comunitaria.com.br\/en\/wp-json\/wp\/v2\/posts\/68372\/revisions"}],"wp:featuredmedia":[{"embeddable":true,"href":"https:\/\/www2.comunitaria.com.br\/en\/wp-json\/wp\/v2\/media\/68373"}],"wp:attachment":[{"href":"https:\/\/www2.comunitaria.com.br\/en\/wp-json\/wp\/v2\/media?parent=68372"}],"wp:term":[{"taxonomy":"category","embeddable":true,"href":"https:\/\/www2.comunitaria.com.br\/en\/wp-json\/wp\/v2\/categories?post=68372"},{"taxonomy":"post_tag","embeddable":true,"href":"https:\/\/www2.comunitaria.com.br\/en\/wp-json\/wp\/v2\/tags?post=68372"}],"curies":[{"name":"wp","href":"https:\/\/api.w.org\/{rel}","templated":true}]}}