{"id":68366,"date":"2025-01-24T12:08:06","date_gmt":"2025-01-24T14:08:06","guid":{"rendered":"https:\/\/www2.comunitaria.com.br\/?p=68366"},"modified":"2025-01-24T12:08:07","modified_gmt":"2025-01-24T14:08:07","slug":"cresol-raiz-inicia-pre-assembleias-de-2025-com-encontros-em-toda-a-sua-area-de-atuacao","status":"publish","type":"post","link":"https:\/\/www2.comunitaria.com.br\/en\/cresol-raiz-inicia-pre-assembleias-de-2025-com-encontros-em-toda-a-sua-area-de-atuacao\/","title":{"rendered":"Cresol Raiz inicia pr\u00e9-assembleias de 2025 com encontros em toda a sua \u00e1rea de atua\u00e7\u00e3o"},"content":{"rendered":"<p style=\"text-align: justify;\">A Cresol Raiz se prepara para dar in\u00edcio \u00e0s pr\u00e9-assembleias de 2025, uma s\u00e9rie de encontros fundamentais para fortalecer o v\u00ednculo entre a cooperativa e seus cooperados. As reuni\u00f5es ir\u00e3o acontecer em toda a \u00e1rea de atua\u00e7\u00e3o da cooperativa no Rio Grande do Sul e em Pernambuco, culminando na Assembleia Geral Ordin\u00e1ria, marcada para mar\u00e7o, em Planalto (RS). As pr\u00e9-assembleias abrangem as regi\u00f5es do M\u00e9dio Alto Uruguai, Celeiro, Metropolitana e Vale dos Sinos do Rio Grande do Sul e do Paje\u00fa, em Pernambuco.<\/p>\n<p style=\"text-align: justify;\">Com um extenso cronograma de cerca de 110 eventos, as pr\u00e9-assembleias s\u00e3o momentos de participa\u00e7\u00e3o democr\u00e1tica, nos quais milhares de cooperados ter\u00e3o a oportunidade de conhecer os resultados da cooperativa em 2024, debater quest\u00f5es estrat\u00e9gicas e contribuir para as decis\u00f5es que guiar\u00e3o o futuro da Cresol Raiz.<\/p>\n<p style=\"text-align: justify;\"><strong>Transpar\u00eancia e proximidade com os cooperados<\/strong><\/p>\n<p style=\"text-align: justify;\">Para o presidente da Cresol Confedera\u00e7\u00e3o e Cresol Raiz, Cledir Magri, o per\u00edodo assemblear resume alguns dos pilares cooperativistas. \u201cEsses eventos t\u00eam o grande objetivo de estar pr\u00f3ximo do cooperado, al\u00e9m de vivenciar os princ\u00edpios do cooperativismo, com transpar\u00eancia e democracia. Nossos cooperados t\u00eam o poder de decidir importantes quest\u00f5es, al\u00e9m de tirar d\u00favidas e conhecer mais sobre a atua\u00e7\u00e3o da cooperativa\u201d, destaca Magri.<\/p>\n<h3 style=\"text-align: justify;\"><strong>Encerramento em Planalto (RS)<\/strong><\/h3>\n<p style=\"text-align: justify;\">O ciclo de encontros ser\u00e1 encerrado na Assembleia Geral Ordin\u00e1ria, <strong>em mar\u00e7o<\/strong>, no munic\u00edpio de Planalto (RS). O evento reunir\u00e1 cooperados de diferentes munic\u00edpios para consolidar as delibera\u00e7\u00f5es realizadas nas pr\u00e9-assembleias.<\/p>\n<p style=\"text-align: justify;\">A cooperativa convida todos os cooperados a participarem dos encontros em suas comunidades e a estarem presentes na grande assembleia, contribuindo para o fortalecimento do cooperativismo e para a constru\u00e7\u00e3o de um futuro ainda mais s\u00f3lido.<\/p>\n<p style=\"text-align: justify;\"><strong>Cronograma das Pr\u00e9-Assembleias<\/strong><\/p>\n<p style=\"text-align: justify;\">Confira as datas e os locais da primeira semana das pr\u00e9-assembleias. O cronograma completo, semana a semana, pode ser conferido nas redes sociais da Cresol Raiz, no Instagram em @cresolraiz e no&nbsp; Facebook em facebook.com\/CresolFW\/:<\/p>\n<p style=\"text-align: justify;\"><strong><em>27\/01\/2025<\/em><\/strong><\/p>\n<ul style=\"text-align: justify;\">\n<li><em>Taquaru\u00e7u do Sul: CTG<\/em><\/li>\n<\/ul>\n<p style=\"text-align: justify;\"><strong><em>28\/01\/2025<\/em><\/strong><\/p>\n<ul style=\"text-align: justify;\">\n<li><em>Vista Alegre: S\u00e3o Judas<\/em><\/li>\n<li><em>Erval Seco: Linha 15 de Novembro<\/em><\/li>\n<\/ul>\n<p style=\"text-align: justify;\"><strong><em>29\/01\/2025<\/em><\/strong><\/p>\n<ul style=\"text-align: justify;\">\n<li><em>Vista Alegre<\/em><\/li>\n<li><em>Taquaru\u00e7u do Sul: Linha Balestrin<\/em><\/li>\n<li><em>Erval Seco: Linha Vista Ga\u00facha<\/em><\/li>\n<li><em>Cerro Grande: Linha Esquina Raimundi<\/em><\/li>\n<\/ul>\n<p style=\"text-align: justify;\"><strong><em>30\/01\/2025<\/em><\/strong><\/p>\n<ul style=\"text-align: justify;\">\n<li><em>Vista Alegre<\/em><\/li>\n<li><em>Cerro Grande: Linha Cordilheira<\/em><\/li>\n<\/ul>\n<p style=\"text-align: justify;\"><strong><em>31\/01\/2025<\/em><\/strong><\/p>\n<ul style=\"text-align: justify;\">\n<li><em>Derrubadas: Tr\u00eas Marcos<\/em><\/li>\n<\/ul>\n<p style=\"text-align: justify;\"><a href=\"https:\/\/www2.comunitaria.com.br\/en\/cresol-raiz-inicia-pre-assembleias-de-2025-com-encontros-em-toda-a-sua-area-de-atuacao\/imagem-do-whatsapp-de-2025-01-24-as-10-55-26_d7f0f03c\/\" rel=\"attachment wp-att-68367\"><img loading=\"lazy\" decoding=\"async\" class=\"aligncenter size-full wp-image-68367\" src=\"http:\/\/www2.comunitaria.com.br\/wp-content\/uploads\/2025\/01\/Imagem-do-WhatsApp-de-2025-01-24-as-10.55.26_d7f0f03c.jpg\" alt=\"\" width=\"1600\" height=\"1200\" srcset=\"https:\/\/www2.comunitaria.com.br\/wp-content\/uploads\/2025\/01\/Imagem-do-WhatsApp-de-2025-01-24-as-10.55.26_d7f0f03c.jpg 1600w, https:\/\/www2.comunitaria.com.br\/wp-content\/uploads\/2025\/01\/Imagem-do-WhatsApp-de-2025-01-24-as-10.55.26_d7f0f03c-300x225.jpg 300w, https:\/\/www2.comunitaria.com.br\/wp-content\/uploads\/2025\/01\/Imagem-do-WhatsApp-de-2025-01-24-as-10.55.26_d7f0f03c-1024x768.jpg 1024w, https:\/\/www2.comunitaria.com.br\/wp-content\/uploads\/2025\/01\/Imagem-do-WhatsApp-de-2025-01-24-as-10.55.26_d7f0f03c-768x576.jpg 768w, https:\/\/www2.comunitaria.com.br\/wp-content\/uploads\/2025\/01\/Imagem-do-WhatsApp-de-2025-01-24-as-10.55.26_d7f0f03c-1536x1152.jpg 1536w, https:\/\/www2.comunitaria.com.br\/wp-content\/uploads\/2025\/01\/Imagem-do-WhatsApp-de-2025-01-24-as-10.55.26_d7f0f03c-1200x900.jpg 1200w\" sizes=\"auto, (max-width: 1600px) 100vw, 1600px\" \/><\/a><\/p>","protected":false},"excerpt":{"rendered":"<p>A Cresol Raiz se prepara para dar in\u00edcio \u00e0s pr\u00e9-assembleias de 2025, uma s\u00e9rie de encontros fundamentais para fortalecer o v\u00ednculo entre a cooperativa e seus cooperados. As reuni\u00f5es ir\u00e3o&#8230;<\/p>","protected":false},"author":2,"featured_media":68367,"comment_status":"closed","ping_status":"closed","sticky":false,"template":"","format":"standard","meta":{"ngg_post_thumbnail":0,"footnotes":""},"categories":[6177,42,43],"tags":[6357],"class_list":["post-68366","post","type-post","status-publish","format-standard","has-post-thumbnail","hentry","category-cresol","category-fred-west","category-regiao","tag-cresol-raiz"],"amp_enabled":true,"_links":{"self":[{"href":"https:\/\/www2.comunitaria.com.br\/en\/wp-json\/wp\/v2\/posts\/68366","targetHints":{"allow":["GET"]}}],"collection":[{"href":"https:\/\/www2.comunitaria.com.br\/en\/wp-json\/wp\/v2\/posts"}],"about":[{"href":"https:\/\/www2.comunitaria.com.br\/en\/wp-json\/wp\/v2\/types\/post"}],"author":[{"embeddable":true,"href":"https:\/\/www2.comunitaria.com.br\/en\/wp-json\/wp\/v2\/users\/2"}],"replies":[{"embeddable":true,"href":"https:\/\/www2.comunitaria.com.br\/en\/wp-json\/wp\/v2\/comments?post=68366"}],"version-history":[{"count":0,"href":"https:\/\/www2.comunitaria.com.br\/en\/wp-json\/wp\/v2\/posts\/68366\/revisions"}],"wp:featuredmedia":[{"embeddable":true,"href":"https:\/\/www2.comunitaria.com.br\/en\/wp-json\/wp\/v2\/media\/68367"}],"wp:attachment":[{"href":"https:\/\/www2.comunitaria.com.br\/en\/wp-json\/wp\/v2\/media?parent=68366"}],"wp:term":[{"taxonomy":"category","embeddable":true,"href":"https:\/\/www2.comunitaria.com.br\/en\/wp-json\/wp\/v2\/categories?post=68366"},{"taxonomy":"post_tag","embeddable":true,"href":"https:\/\/www2.comunitaria.com.br\/en\/wp-json\/wp\/v2\/tags?post=68366"}],"curies":[{"name":"wp","href":"https:\/\/api.w.org\/{rel}","templated":true}]}}