{"id":68352,"date":"2025-01-23T16:33:37","date_gmt":"2025-01-23T18:33:37","guid":{"rendered":"https:\/\/www2.comunitaria.com.br\/?p=68352"},"modified":"2025-01-23T16:33:38","modified_gmt":"2025-01-23T18:33:38","slug":"presidente-do-poder-legislativo-de-fw-recebe-major-nedia-giacomini","status":"publish","type":"post","link":"https:\/\/www2.comunitaria.com.br\/en\/presidente-do-poder-legislativo-de-fw-recebe-major-nedia-giacomini\/","title":{"rendered":"Presidente do Poder Legislativo de FW recebe Major Nedia Giacomini"},"content":{"rendered":"<div class=\"xdj266r x11i5rnm xat24cr x1mh8g0r x1vvkbs x126k92a\">\n<div dir=\"auto\" style=\"text-align: justify;\">A presidente do Poder Legislativo de Frederico Westphalen, Marizete Frozzi, recebeu na quarta-feira, 22, uma visita institucional da Major Nedia Giacomini, do 37\u00ba Batalh\u00e3o de Pol\u00edcia Militar (BPM). No encontro, foi reafirmada a parceria hist\u00f3rica entre a C\u00e2mara de Vereadores e a Brigada Militar e discutidas iniciativas voltadas \u00e0s mulheres para serem realizadas no decorrer deste ano, como projetos e palestras de conscientiza\u00e7\u00e3o e preven\u00e7\u00e3o da viol\u00eancia contra a mulher.<\/div>\n<\/div>\n<div class=\"x11i5rnm xat24cr x1mh8g0r x1vvkbs xtlvy1s x126k92a\">\n<div dir=\"auto\" style=\"text-align: justify;\">&nbsp;<\/div>\n<div dir=\"auto\" style=\"text-align: justify;\">O encontro tamb\u00e9m contou com a participa\u00e7\u00e3o do ex-vereador do Legislativo Municipal, Vilnei Luiz Giacomini, que compartilhou a sua experi\u00eancia de ter presidido a Casa do Povo frederiquense em tr\u00eas oportunidades, nos anos de 2005, 2007 e 2012. Giacomini tamb\u00e9m desejou sucesso \u00e0 presidente Marizete frente ao seu mandato e se colocou \u00e0 disposi\u00e7\u00e3o para sugest\u00f5es e a\u00e7\u00f5es.<a href=\"https:\/\/www2.comunitaria.com.br\/en\/presidente-do-poder-legislativo-de-fw-recebe-major-nedia-giacomini\/474619392_1018493696988623_2902543881022479530_n\/\" rel=\"attachment wp-att-68353\"><img loading=\"lazy\" decoding=\"async\" class=\"aligncenter wp-image-68353 size-full\" src=\"http:\/\/www2.comunitaria.com.br\/wp-content\/uploads\/2025\/01\/474619392_1018493696988623_2902543881022479530_n-e1737657188396.jpg\" alt=\"\" width=\"1080\" height=\"735\" srcset=\"https:\/\/www2.comunitaria.com.br\/wp-content\/uploads\/2025\/01\/474619392_1018493696988623_2902543881022479530_n-e1737657188396.jpg 1080w, https:\/\/www2.comunitaria.com.br\/wp-content\/uploads\/2025\/01\/474619392_1018493696988623_2902543881022479530_n-e1737657188396-300x204.jpg 300w, https:\/\/www2.comunitaria.com.br\/wp-content\/uploads\/2025\/01\/474619392_1018493696988623_2902543881022479530_n-e1737657188396-1024x697.jpg 1024w, https:\/\/www2.comunitaria.com.br\/wp-content\/uploads\/2025\/01\/474619392_1018493696988623_2902543881022479530_n-e1737657188396-768x523.jpg 768w\" sizes=\"auto, (max-width: 1080px) 100vw, 1080px\" \/><\/a><\/div>\n<\/div>","protected":false},"excerpt":{"rendered":"<p>A presidente do Poder Legislativo de Frederico Westphalen, Marizete Frozzi, recebeu na quarta-feira, 22, uma visita institucional da Major Nedia Giacomini, do 37\u00ba Batalh\u00e3o de Pol\u00edcia Militar (BPM). No encontro,&#8230;<\/p>","protected":false},"author":2,"featured_media":68353,"comment_status":"closed","ping_status":"closed","sticky":false,"template":"","format":"standard","meta":{"ngg_post_thumbnail":0,"footnotes":""},"categories":[42,28,33],"tags":[82],"class_list":["post-68352","post","type-post","status-publish","format-standard","has-post-thumbnail","hentry","category-fred-west","category-destaque","category-noticias","tag-frederico-westphalen"],"amp_enabled":true,"_links":{"self":[{"href":"https:\/\/www2.comunitaria.com.br\/en\/wp-json\/wp\/v2\/posts\/68352","targetHints":{"allow":["GET"]}}],"collection":[{"href":"https:\/\/www2.comunitaria.com.br\/en\/wp-json\/wp\/v2\/posts"}],"about":[{"href":"https:\/\/www2.comunitaria.com.br\/en\/wp-json\/wp\/v2\/types\/post"}],"author":[{"embeddable":true,"href":"https:\/\/www2.comunitaria.com.br\/en\/wp-json\/wp\/v2\/users\/2"}],"replies":[{"embeddable":true,"href":"https:\/\/www2.comunitaria.com.br\/en\/wp-json\/wp\/v2\/comments?post=68352"}],"version-history":[{"count":0,"href":"https:\/\/www2.comunitaria.com.br\/en\/wp-json\/wp\/v2\/posts\/68352\/revisions"}],"wp:featuredmedia":[{"embeddable":true,"href":"https:\/\/www2.comunitaria.com.br\/en\/wp-json\/wp\/v2\/media\/68353"}],"wp:attachment":[{"href":"https:\/\/www2.comunitaria.com.br\/en\/wp-json\/wp\/v2\/media?parent=68352"}],"wp:term":[{"taxonomy":"category","embeddable":true,"href":"https:\/\/www2.comunitaria.com.br\/en\/wp-json\/wp\/v2\/categories?post=68352"},{"taxonomy":"post_tag","embeddable":true,"href":"https:\/\/www2.comunitaria.com.br\/en\/wp-json\/wp\/v2\/tags?post=68352"}],"curies":[{"name":"wp","href":"https:\/\/api.w.org\/{rel}","templated":true}]}}