{"id":68319,"date":"2025-01-22T11:32:59","date_gmt":"2025-01-22T13:32:59","guid":{"rendered":"https:\/\/www2.comunitaria.com.br\/?p=68319"},"modified":"2025-01-22T11:33:00","modified_gmt":"2025-01-22T13:33:00","slug":"pai-e-filho-desaparecidos-sao-encontrados-mortos-em-dom-feliciano-policia-investiga","status":"publish","type":"post","link":"https:\/\/www2.comunitaria.com.br\/en\/pai-e-filho-desaparecidos-sao-encontrados-mortos-em-dom-feliciano-policia-investiga\/","title":{"rendered":"Pai e filho desaparecidos s\u00e3o encontrados mortos em Dom Feliciano; pol\u00edcia investiga"},"content":{"rendered":"<p style=\"text-align: justify;\">Os corpos de Ricardo Lucas, de 52 anos, e de seu filho Pedro Henrique Stasinski Lucas, de 5 anos, foram encontrados na tarde desta ter\u00e7a-feira (21), no interior do munic\u00edpio de&nbsp;Dom Feliciano, no Sul do RS. Segundo a Pol\u00edcia Civil,&nbsp;<strong>pai e filho estavam desaparecidos desde o \u00faltimo domingo<\/strong>&nbsp;(19).<\/p>\n<div id=\"chunk-eah45\" style=\"text-align: justify;\">\n<div class=\"mc-column content-text active-extra-styles\" data-block-type=\"unstyled\" data-block-weight=\"42\" data-block-id=\"5\">\n<p class=\"content-text__container\" data-track-category=\"Link no Texto\" data-track-links=\"\" data-mrf-recirculation=\"Mat\u00e9ria - Links no Texto\">De acordo com a delegada Vivian Sander, Ricardo teria buscado o filho com a ex-companheira para uma visita previamente combinada, conforme relato da m\u00e3e do menino. No entanto, ao n\u00e3o retornar com a crian\u00e7a no hor\u00e1rio previsto, a mulher procurou as autoridades.<\/p>\n<\/div>\n<\/div>\n<div id=\"chunk-ejsqe\" style=\"text-align: justify;\">\n<div class=\"mc-column content-text active-extra-styles\" data-block-type=\"unstyled\" data-block-weight=\"43\" data-block-id=\"7\">\n<p class=\"content-text__container\" data-track-category=\"Link no Texto\" data-track-links=\"\" data-mrf-recirculation=\"Mat\u00e9ria - Links no Texto\">As buscas come\u00e7aram na regi\u00e3o pr\u00f3xima \u00e0 resid\u00eancia de Ricardo, na localidade da linha An\u00e1pio Silveira, onde eles teriam sido vistos pela \u00faltima vez caminhando em uma estrada. Ambos foram encontrados dentro de uma mata, cerca de 3 km da resid\u00eancia do pai.<\/p>\n<\/div>\n<\/div>\n<div id=\"chunk-fgk7t\">\n<div class=\"mc-column content-text active-extra-styles\" data-block-type=\"unstyled\" data-block-weight=\"16\" data-block-id=\"8\">\n<p class=\"content-text__container\" style=\"text-align: justify;\" data-track-category=\"Link no Texto\" data-track-links=\"\" data-mrf-recirculation=\"Mat\u00e9ria - Links no Texto\">Equipes da Brigada Militar, Corpo de Bombeiros e c\u00e3es farejadores atuaram nos \u00faltimos dias nas buscas.<\/p>\n<div id=\"chunk-a89rb\" style=\"text-align: justify;\">\n<div class=\"mc-column content-text active-extra-styles\" data-block-type=\"raw\" data-block-weight=\"1\" data-block-id=\"11\">\n<div class=\"content-intertitle\">\n<h2>Investiga\u00e7\u00e3o<\/h2>\n<\/div>\n<\/div>\n<\/div>\n<div id=\"chunk-4k25s\" style=\"text-align: justify;\">\n<div class=\"mc-column content-text active-extra-styles\" data-block-type=\"unstyled\" data-block-weight=\"42\" data-block-id=\"12\">\n<p class=\"content-text__container\" data-track-category=\"Link no Texto\" data-track-links=\"\" data-mrf-recirculation=\"Mat\u00e9ria - Links no Texto\">A Pol\u00edcia Civil investiga o caso para esclarecer as circunst\u00e2ncias das mortes. A per\u00edcia do Instituto-Geral de Per\u00edcias (IGP) indica que o pai teria matado o filho com um tiro de arma de fogo e, ent\u00e3o, tirado a pr\u00f3pria vida.<\/p>\n<\/div>\n<\/div>\n<div id=\"chunk-9krjs\" style=\"text-align: justify;\">\n<div class=\"mc-column content-text active-extra-styles\" data-block-type=\"unstyled\" data-block-weight=\"21\" data-block-id=\"13\">\n<p class=\"content-text__container\" data-track-category=\"Link no Texto\" data-track-links=\"\" data-mrf-recirculation=\"Mat\u00e9ria - Links no Texto\">A Prefeitura de Dom Feliciano lamentou o fato e decretou luto oficial de tr\u00eas dias no munic\u00edpio.&nbsp;<em>Confira abaixo na \u00edntegra<\/em>.<\/p>\n<\/div>\n<\/div>\n<div id=\"chunk-ai3i1\" style=\"text-align: justify;\">\n<div class=\"mc-column content-text active-extra-styles\" data-block-type=\"raw\" data-block-weight=\"6\" data-block-id=\"14\">\n<p class=\"content-text__container\" data-mrf-recirculation=\"Mat\u00e9ria - Links no Texto\">&nbsp;<\/p>\n<div class=\"content-intertitle\">\n<h2>Nota da Prefeitura de Dom Feliciano<\/h2>\n<\/div>\n<\/div>\n<\/div>\n<div id=\"chunk-4jdcv\" style=\"text-align: justify;\">\n<div class=\"mc-column content-text active-extra-styles\" data-block-type=\"unstyled\" data-block-weight=\"46\" data-block-id=\"15\">\n<p class=\"content-text__container\" data-track-category=\"Link no Texto\" data-track-links=\"\" data-mrf-recirculation=\"Mat\u00e9ria - Links no Texto\"><em>&#8220;\u00c9 com profundo pesar que a Prefeitura de Dom Feliciano informa \u00e0 comunidade sobre a tr\u00e1gica perda de Ricardo Lucas e seu filho, Pedro Henrique. Em respeito \u00e0 mem\u00f3ria das v\u00edtimas e \u00e0 dor de seus familiares, a Administra\u00e7\u00e3o Municipal decreta luto oficial de tr\u00eas dias.<\/em><\/p>\n<\/div>\n<\/div>\n<div id=\"chunk-7ko3k\" style=\"text-align: justify;\">\n<div class=\"mc-column content-text active-extra-styles\" data-block-type=\"unstyled\" data-block-weight=\"20\" data-block-id=\"17\">\n<p class=\"content-text__container\" data-track-category=\"Link no Texto\" data-track-links=\"\" data-mrf-recirculation=\"Mat\u00e9ria - Links no Texto\"><em>Essa trag\u00e9dia abalou profundamente nossa cidade, deixando-nos consternados e solid\u00e1rios com a dor que aflige a fam\u00edlia e amigos.<\/em><\/p>\n<\/div>\n<\/div>\n<div id=\"chunk-ev1pn\" style=\"text-align: justify;\">\n<div class=\"mc-column content-text active-extra-styles\" data-block-type=\"unstyled\" data-block-weight=\"35\" data-block-id=\"18\">\n<p class=\"content-text__container\" data-track-category=\"Link no Texto\" data-track-links=\"\" data-mrf-recirculation=\"Mat\u00e9ria - Links no Texto\"><em>Durante o per\u00edodo de luto oficial, todas as bandeiras em reparti\u00e7\u00f5es p\u00fablicas ser\u00e3o hasteadas a meio mastro, e pedimos a toda a comunidade que se una em reflex\u00e3o e respeito neste momento de imensa tristeza.<\/em><\/p>\n<\/div>\n<\/div>\n<div id=\"chunk-2f9it\" style=\"text-align: justify;\">\n<div class=\"mc-column content-text active-extra-styles\" data-block-type=\"unstyled\" data-block-weight=\"24\" data-block-id=\"19\">\n<p class=\"content-text__container\" data-track-category=\"Link no Texto\" data-track-links=\"\" data-mrf-recirculation=\"Mat\u00e9ria - Links no Texto\"><em>A Prefeitura refor\u00e7a seu compromisso em oferecer apoio psicol\u00f3gico e social \u00e0s fam\u00edlias impactadas e se coloca \u00e0 disposi\u00e7\u00e3o para prestar qualquer aux\u00edlio necess\u00e1rio.<\/em><\/p>\n<\/div>\n<\/div>\n<div id=\"chunk-9c8gd\">\n<div class=\"mc-column content-text active-extra-styles\" data-block-type=\"unstyled\" data-block-weight=\"27\" data-block-id=\"20\">\n<p class=\"content-text__container\" style=\"text-align: justify;\" data-track-category=\"Link no Texto\" data-track-links=\"\" data-mrf-recirculation=\"Mat\u00e9ria - Links no Texto\"><em>Manifestamos nossas mais sinceras condol\u00eancias aos familiares e amigos de Ricardo e Pedro, e rogamos para que encontrem conforto e for\u00e7a para atravessar este momento t\u00e3o dif\u00edcil.&#8221;<\/em><\/p>\n<p data-track-category=\"Link no Texto\" data-track-links=\"\" data-mrf-recirculation=\"Mat\u00e9ria - Links no Texto\"><em>Fonte: g1 RS<\/em><\/p>\n<p data-track-category=\"Link no Texto\" data-track-links=\"\" data-mrf-recirculation=\"Mat\u00e9ria - Links no Texto\"><em>Foto: Reprodu\u00e7\u00e3o\/Prefeitura de Dom Feliciano<a href=\"https:\/\/www2.comunitaria.com.br\/en\/pai-e-filho-desaparecidos-sao-encontrados-mortos-em-dom-feliciano-policia-investiga\/g1-81\/\" rel=\"attachment wp-att-68320\"><img loading=\"lazy\" decoding=\"async\" class=\"aligncenter size-full wp-image-68320\" src=\"http:\/\/www2.comunitaria.com.br\/wp-content\/uploads\/2025\/01\/g1-81-.avif\" alt=\"\" width=\"640\" height=\"360\"><\/a><\/em><\/p>\n<\/div>\n<\/div>\n<\/div>\n<\/div>","protected":false},"excerpt":{"rendered":"<p>Os corpos de Ricardo Lucas, de 52 anos, e de seu filho Pedro Henrique Stasinski Lucas, de 5 anos, foram encontrados na tarde desta ter\u00e7a-feira (21), no interior do munic\u00edpio de&nbsp;Dom Feliciano, no Sul do RS. Segundo a Pol\u00edcia Civil,&nbsp;pai e filho estavam desaparecidos desde o \u00faltimo domingo&nbsp;(19). De acordo com a delegada Vivian Sander,<\/p>\n<div class=\"read-more-wrapper\"><a class=\"read-more\" href=\"https:\/\/www2.comunitaria.com.br\/en\/pai-e-filho-desaparecidos-sao-encontrados-mortos-em-dom-feliciano-policia-investiga\/\" title=\"Read More\"> <span class=\"button\">Read More<\/span><\/a><\/div>","protected":false},"author":2,"featured_media":68320,"comment_status":"closed","ping_status":"closed","sticky":false,"template":"","format":"standard","meta":{"ngg_post_thumbnail":0,"footnotes":""},"categories":[46,28,33],"tags":[7186],"class_list":["post-68319","post","type-post","status-publish","format-standard","has-post-thumbnail","hentry","category-estado","category-destaque","category-noticias","tag-dom-feliciano"],"amp_enabled":true,"_links":{"self":[{"href":"https:\/\/www2.comunitaria.com.br\/en\/wp-json\/wp\/v2\/posts\/68319","targetHints":{"allow":["GET"]}}],"collection":[{"href":"https:\/\/www2.comunitaria.com.br\/en\/wp-json\/wp\/v2\/posts"}],"about":[{"href":"https:\/\/www2.comunitaria.com.br\/en\/wp-json\/wp\/v2\/types\/post"}],"author":[{"embeddable":true,"href":"https:\/\/www2.comunitaria.com.br\/en\/wp-json\/wp\/v2\/users\/2"}],"replies":[{"embeddable":true,"href":"https:\/\/www2.comunitaria.com.br\/en\/wp-json\/wp\/v2\/comments?post=68319"}],"version-history":[{"count":0,"href":"https:\/\/www2.comunitaria.com.br\/en\/wp-json\/wp\/v2\/posts\/68319\/revisions"}],"wp:featuredmedia":[{"embeddable":true,"href":"https:\/\/www2.comunitaria.com.br\/en\/wp-json\/wp\/v2\/media\/68320"}],"wp:attachment":[{"href":"https:\/\/www2.comunitaria.com.br\/en\/wp-json\/wp\/v2\/media?parent=68319"}],"wp:term":[{"taxonomy":"category","embeddable":true,"href":"https:\/\/www2.comunitaria.com.br\/en\/wp-json\/wp\/v2\/categories?post=68319"},{"taxonomy":"post_tag","embeddable":true,"href":"https:\/\/www2.comunitaria.com.br\/en\/wp-json\/wp\/v2\/tags?post=68319"}],"curies":[{"name":"wp","href":"https:\/\/api.w.org\/{rel}","templated":true}]}}