{"id":68306,"date":"2025-01-21T12:29:19","date_gmt":"2025-01-21T14:29:19","guid":{"rendered":"https:\/\/www2.comunitaria.com.br\/?p=68306"},"modified":"2025-01-21T12:29:19","modified_gmt":"2025-01-21T14:29:19","slug":"estiagem-preocupa-produtores-do-rs-e-ameaca-culturas-de-verao-alerta-fecoagro-rs","status":"publish","type":"post","link":"https:\/\/www2.comunitaria.com.br\/en\/estiagem-preocupa-produtores-do-rs-e-ameaca-culturas-de-verao-alerta-fecoagro-rs\/","title":{"rendered":"Estiagem preocupa produtores do RS e amea\u00e7a culturas de ver\u00e3o, alerta FecoAgro\/RS"},"content":{"rendered":"<p style=\"text-align: justify;\">A escassez de chuvas no \u00faltimo m\u00eas no Rio Grande do Sul est\u00e1 gerando preocupa\u00e7\u00f5es entre os produtores rurais, especialmente em rela\u00e7\u00e3o \u00e0s culturas de ver\u00e3o, como&nbsp;soja&nbsp;e&nbsp;milho. A Federa\u00e7\u00e3o das Cooperativas Agropecu\u00e1rias do Estado do Rio Grande do Sul (FecoAgro\/RS) destaca que o cen\u00e1rio atual acende um alerta para mais uma poss\u00edvel frustra\u00e7\u00e3o de safra, reflexo de estiagens recorrentes no Estado.<\/p>\n<p style=\"text-align: justify;\">De acordo com Paulo Pires, presidente da FecoAgro\/RS, uma pesquisa realizada pela Rede T\u00e9cnica Cooperativa (RTC\/CCGL) j\u00e1 projeta uma quebra de 21% na safra de soja. A estimativa inicial, de 61 sacas por hectare, caiu para 47,8 sacas por hectare. No entanto, o dirigente ressalta que os n\u00fameros ainda s\u00e3o preliminares e que a varia\u00e7\u00e3o de produtividade \u00e9 significativa entre cooperativas, regi\u00f5es e at\u00e9 mesmo dentro de uma mesma \u00e1rea. \u201cEssas quedas podem variar de 5% a 50%, dependendo da localiza\u00e7\u00e3o e das condi\u00e7\u00f5es locais\u201d, afirma Pires.<\/p>\n<p style=\"text-align: justify;\">J\u00e1 em rela\u00e7\u00e3o ao milho, que come\u00e7ou a ser colhido em algumas regi\u00f5es mais quentes do Estado, como as Miss\u00f5es, cerca de 70% da \u00e1rea j\u00e1 foi colhida em munic\u00edpios como Santa Rosa, S\u00e3o Borja, Santiago e outras localidades pr\u00f3ximas. O avan\u00e7o, por\u00e9m, n\u00e3o elimina os desafios impostos pela falta de chuvas desde dezembro. \u201cEm janeiro, praticamente n\u00e3o houve precipita\u00e7\u00f5es, e as poucas que ocorrem s\u00e3o muito pontuais. Chove em um lugar e, a poucos quil\u00f4metros, n\u00e3o cai uma gota\u201d, observa o presidente.<\/p>\n<p style=\"text-align: justify;\">Apesar das adversidades, Pires aponta para uma expectativa moderada de melhora no cen\u00e1rio clim\u00e1tico at\u00e9 o final de janeiro, com a possibilidade de chuvas mais abrangentes. \u201cToda a soja est\u00e1 implantada, e h\u00e1 esperan\u00e7a de recupera\u00e7\u00e3o com condi\u00e7\u00f5es clim\u00e1ticas melhores, mas a falta de precipita\u00e7\u00f5es j\u00e1 trouxe preju\u00edzos significativos. Uma nova frustra\u00e7\u00e3o seria muito ruim, tanto para os produtores quanto para a economia do Estado\u201d, conclui.<\/p>\n<p><em>Fonte: Agrolink &#8211; Aline Merladete<a href=\"https:\/\/www2.comunitaria.com.br\/en\/estiagem-preocupa-produtores-do-rs-e-ameaca-culturas-de-verao-alerta-fecoagro-rs\/e02bbb335c334b54a0c973abe8eeaf72_858x483\/\" rel=\"attachment wp-att-68307\"><img loading=\"lazy\" decoding=\"async\" class=\"aligncenter size-full wp-image-68307\" src=\"http:\/\/www2.comunitaria.com.br\/wp-content\/uploads\/2025\/01\/e02bbb335c334b54a0c973abe8eeaf72_858x483.jpg\" alt=\"\" width=\"858\" height=\"483\" srcset=\"https:\/\/www2.comunitaria.com.br\/wp-content\/uploads\/2025\/01\/e02bbb335c334b54a0c973abe8eeaf72_858x483.jpg 858w, https:\/\/www2.comunitaria.com.br\/wp-content\/uploads\/2025\/01\/e02bbb335c334b54a0c973abe8eeaf72_858x483-300x169.jpg 300w, https:\/\/www2.comunitaria.com.br\/wp-content\/uploads\/2025\/01\/e02bbb335c334b54a0c973abe8eeaf72_858x483-768x432.jpg 768w\" sizes=\"auto, (max-width: 858px) 100vw, 858px\" \/><\/a><\/em><\/p>","protected":false},"excerpt":{"rendered":"<p>A escassez de chuvas no \u00faltimo m\u00eas no Rio Grande do Sul est\u00e1 gerando preocupa\u00e7\u00f5es entre os produtores rurais, especialmente em rela\u00e7\u00e3o \u00e0s culturas de ver\u00e3o, como&nbsp;soja&nbsp;e&nbsp;milho. A Federa\u00e7\u00e3o das&#8230;<\/p>","protected":false},"author":2,"featured_media":68307,"comment_status":"closed","ping_status":"closed","sticky":false,"template":"","format":"standard","meta":{"ngg_post_thumbnail":0,"footnotes":""},"categories":[6254,6255,39,46,3615,28,33],"tags":[591,1192],"class_list":["post-68306","post","type-post","status-publish","format-standard","has-post-thumbnail","hentry","category-agricultura","category-agricultura-familiar","category-economia","category-estado","category-meio-ambiente","category-destaque","category-noticias","tag-agricultura","tag-rio-grande-do-sul"],"amp_enabled":true,"_links":{"self":[{"href":"https:\/\/www2.comunitaria.com.br\/en\/wp-json\/wp\/v2\/posts\/68306","targetHints":{"allow":["GET"]}}],"collection":[{"href":"https:\/\/www2.comunitaria.com.br\/en\/wp-json\/wp\/v2\/posts"}],"about":[{"href":"https:\/\/www2.comunitaria.com.br\/en\/wp-json\/wp\/v2\/types\/post"}],"author":[{"embeddable":true,"href":"https:\/\/www2.comunitaria.com.br\/en\/wp-json\/wp\/v2\/users\/2"}],"replies":[{"embeddable":true,"href":"https:\/\/www2.comunitaria.com.br\/en\/wp-json\/wp\/v2\/comments?post=68306"}],"version-history":[{"count":0,"href":"https:\/\/www2.comunitaria.com.br\/en\/wp-json\/wp\/v2\/posts\/68306\/revisions"}],"wp:featuredmedia":[{"embeddable":true,"href":"https:\/\/www2.comunitaria.com.br\/en\/wp-json\/wp\/v2\/media\/68307"}],"wp:attachment":[{"href":"https:\/\/www2.comunitaria.com.br\/en\/wp-json\/wp\/v2\/media?parent=68306"}],"wp:term":[{"taxonomy":"category","embeddable":true,"href":"https:\/\/www2.comunitaria.com.br\/en\/wp-json\/wp\/v2\/categories?post=68306"},{"taxonomy":"post_tag","embeddable":true,"href":"https:\/\/www2.comunitaria.com.br\/en\/wp-json\/wp\/v2\/tags?post=68306"}],"curies":[{"name":"wp","href":"https:\/\/api.w.org\/{rel}","templated":true}]}}