{"id":68271,"date":"2025-01-16T16:32:01","date_gmt":"2025-01-16T18:32:01","guid":{"rendered":"https:\/\/www2.comunitaria.com.br\/?p=68271"},"modified":"2025-01-16T16:32:01","modified_gmt":"2025-01-16T18:32:01","slug":"aefw-promove-a-liquida-frederico-de-verao-a-maior-liquidacao-da-regiao","status":"publish","type":"post","link":"https:\/\/www2.comunitaria.com.br\/en\/aefw-promove-a-liquida-frederico-de-verao-a-maior-liquidacao-da-regiao\/","title":{"rendered":"AEFW promove a Liquida Frederico de Ver\u00e3o, a maior liquida\u00e7\u00e3o da regi\u00e3o"},"content":{"rendered":"<p><span style=\"font-weight: 400;\">O ver\u00e3o \u00e9 a \u00e9poca das f\u00e9rias, do calor e da primeira Liquida Frederico do ano de 2025. Durante os dias 29 de janeiro a 8 de fevereiro, acontece o Liquida Frederico de Ver\u00e3o, a maior liquida\u00e7\u00e3o da regi\u00e3o. Promovida pelo N\u00facleo de Desenvolvimento do Com\u00e9rcio, da Associa\u00e7\u00e3o Empresarial ACI\/CDL de Frederico Westphalen, a a\u00e7\u00e3o impulsiona o com\u00e9rcio frederiquense a realizar descontos e ofertas imperd\u00edveis.&nbsp;<\/span><\/p>\n<p><span style=\"font-weight: 400;\">A campanha acontece desde 2004 e foi pensada para mobilizar o setor comercial da cidade, beneficiando clientes e empresas. O Liquida \u00e9 uma excelente oportunidade de renovar os estoques para novas esta\u00e7\u00f5es e datas comemorativas. Segundo a coordenadora do N\u00facleo do Com\u00e9rcio, Elizanda Brietzke, a iniciativa \u00e9 mais uma a\u00e7\u00e3o para movimentar as empresas e alavancar as vendas, assim como a Campanha Show de Pr\u00eamios e o Sabad\u00e3o dos Neg\u00f3cios. \u201c\u00c9 com a gente trabalhando nessas campanhas, nessas a\u00e7\u00f5es, que n\u00f3s vamos trabalhar juntos, unidos, pelo nosso crescimento e fortalecimento do nosso com\u00e9rcio\u201d, disse a coordenadora.<\/span><\/p>\n<p><span style=\"font-weight: 400;\">A entidade disponibilizar\u00e1 \u00e0s empresas associadas interessadas um material digital de divulga\u00e7\u00e3o com a identidade visual da campanha. Para ter acesso ao material \u00e9 necess\u00e1rio entrar em contato com a AEFW pelo telefone (55) 93618-2892, ou pelo e-mail imprensa@aefw.<\/span><\/p>\n<p><a href=\"https:\/\/www2.comunitaria.com.br\/en\/aefw-promove-a-liquida-frederico-de-verao-a-maior-liquidacao-da-regiao\/liquida-frederico-divulgacao\/\" rel=\"attachment wp-att-68272\"><img loading=\"lazy\" decoding=\"async\" class=\"aligncenter size-full wp-image-68272\" src=\"http:\/\/www2.comunitaria.com.br\/wp-content\/uploads\/2025\/01\/Liquida-Frederico-Divulgacao.jpeg\" alt=\"\" width=\"1080\" height=\"1080\" srcset=\"https:\/\/www2.comunitaria.com.br\/wp-content\/uploads\/2025\/01\/Liquida-Frederico-Divulgacao.jpeg 1080w, https:\/\/www2.comunitaria.com.br\/wp-content\/uploads\/2025\/01\/Liquida-Frederico-Divulgacao-300x300.jpeg 300w, https:\/\/www2.comunitaria.com.br\/wp-content\/uploads\/2025\/01\/Liquida-Frederico-Divulgacao-1024x1024.jpeg 1024w, https:\/\/www2.comunitaria.com.br\/wp-content\/uploads\/2025\/01\/Liquida-Frederico-Divulgacao-150x150.jpeg 150w, https:\/\/www2.comunitaria.com.br\/wp-content\/uploads\/2025\/01\/Liquida-Frederico-Divulgacao-768x768.jpeg 768w\" sizes=\"auto, (max-width: 1080px) 100vw, 1080px\" \/><\/a><\/p>","protected":false},"excerpt":{"rendered":"<p>O ver\u00e3o \u00e9 a \u00e9poca das f\u00e9rias, do calor e da primeira Liquida Frederico do ano de 2025. Durante os dias 29 de janeiro a 8 de fevereiro, acontece o&#8230;<\/p>","protected":false},"author":2,"featured_media":68272,"comment_status":"closed","ping_status":"closed","sticky":false,"template":"","format":"standard","meta":{"ngg_post_thumbnail":0,"footnotes":""},"categories":[39,42,28,33,43],"tags":[5777,82],"class_list":["post-68271","post","type-post","status-publish","format-standard","has-post-thumbnail","hentry","category-economia","category-fred-west","category-destaque","category-noticias","category-regiao","tag-aefw","tag-frederico-westphalen"],"amp_enabled":true,"_links":{"self":[{"href":"https:\/\/www2.comunitaria.com.br\/en\/wp-json\/wp\/v2\/posts\/68271","targetHints":{"allow":["GET"]}}],"collection":[{"href":"https:\/\/www2.comunitaria.com.br\/en\/wp-json\/wp\/v2\/posts"}],"about":[{"href":"https:\/\/www2.comunitaria.com.br\/en\/wp-json\/wp\/v2\/types\/post"}],"author":[{"embeddable":true,"href":"https:\/\/www2.comunitaria.com.br\/en\/wp-json\/wp\/v2\/users\/2"}],"replies":[{"embeddable":true,"href":"https:\/\/www2.comunitaria.com.br\/en\/wp-json\/wp\/v2\/comments?post=68271"}],"version-history":[{"count":0,"href":"https:\/\/www2.comunitaria.com.br\/en\/wp-json\/wp\/v2\/posts\/68271\/revisions"}],"wp:featuredmedia":[{"embeddable":true,"href":"https:\/\/www2.comunitaria.com.br\/en\/wp-json\/wp\/v2\/media\/68272"}],"wp:attachment":[{"href":"https:\/\/www2.comunitaria.com.br\/en\/wp-json\/wp\/v2\/media?parent=68271"}],"wp:term":[{"taxonomy":"category","embeddable":true,"href":"https:\/\/www2.comunitaria.com.br\/en\/wp-json\/wp\/v2\/categories?post=68271"},{"taxonomy":"post_tag","embeddable":true,"href":"https:\/\/www2.comunitaria.com.br\/en\/wp-json\/wp\/v2\/tags?post=68271"}],"curies":[{"name":"wp","href":"https:\/\/api.w.org\/{rel}","templated":true}]}}