{"id":68152,"date":"2025-01-09T17:05:13","date_gmt":"2025-01-09T19:05:13","guid":{"rendered":"https:\/\/www2.comunitaria.com.br\/?p=68152"},"modified":"2025-01-09T17:05:14","modified_gmt":"2025-01-09T19:05:14","slug":"justica-derruba-liminar-e-garante-continuidade-de-selecao-para-vagas-temporarias-com-salarios-de-ate-r-16-mil-no-governo-do-rs","status":"publish","type":"post","link":"https:\/\/www2.comunitaria.com.br\/en\/justica-derruba-liminar-e-garante-continuidade-de-selecao-para-vagas-temporarias-com-salarios-de-ate-r-16-mil-no-governo-do-rs\/","title":{"rendered":"Justi\u00e7a derruba liminar e garante continuidade de sele\u00e7\u00e3o para vagas tempor\u00e1rias com sal\u00e1rios de at\u00e9 R$ 16 mil no governo do RS"},"content":{"rendered":"<div id=\"chunk-ehv0\">\n<div class=\"mc-column content-text active-extra-styles\" data-block-type=\"unstyled\" data-block-weight=\"53\" data-block-id=\"3\">\n<p class=\"content-text__container\" data-track-category=\"Link no Texto\" data-track-links=\"\" data-mrf-recirculation=\"Mat\u00e9ria - Links no Texto\">A Procuradoria-Geral do Estado (PGE) reverteu a&nbsp;liminar que suspendeu o processo seletivo do governo do RS para 2 mil contrata\u00e7\u00f5es tempor\u00e1rias. Com isso,&nbsp;<span class=\"highlight highlighted\">n\u00e3o h\u00e1, no momento, impedimentos legais para continuidade do certame<\/span>. A decis\u00e3o, desta quarta-feira (8), \u00e9 assinada pelo desembargador Francesco Conti, da 4\u00aa C\u00e2mara C\u00edvel do Tribunal de Justi\u00e7a.<\/p>\n<p class=\"content-text__container\" data-track-category=\"Link no Texto\" data-track-links=\"\" data-mrf-recirculation=\"Mat\u00e9ria - Links no Texto\">A suspens\u00e3o atendia a um pedido do Sindicato dos Servidores de N\u00edvel Superior do Rio Grande do Sul (Sintergs). A sele\u00e7\u00e3o&nbsp;<strong>n\u00e3o conta com prova<\/strong>, apenas avalia\u00e7\u00e3o de t\u00edtulos e de experi\u00eancia profissional dos inscritos, o que motivou a entidade a ingressar com uma A\u00e7\u00e3o Civil P\u00fablica.<\/p>\n<div id=\"chunk-9u847\">\n<div class=\"mc-column content-text active-extra-styles\" data-block-type=\"unstyled\" data-block-weight=\"45\" data-block-id=\"7\">\n<p class=\"content-text__container\" data-track-category=\"Link no Texto\" data-track-links=\"\" data-mrf-recirculation=\"Mat\u00e9ria - Links no Texto\">O presidente do Sintergs, Nelcir Andr\u00e9 Varnier, informou ao&nbsp;g1&nbsp;que a entidade &#8220;vai estudar medidas recursais cab\u00edveis, uma vez que foi intimado para responder ao recurso do estado&#8221;. Ele acrescenta que&nbsp;<span class=\"highlight highlighted\">o processo ainda passar\u00e1 pela fase de instru\u00e7\u00e3o e julgamento de m\u00e9rito<\/span>.<\/p>\n<\/div>\n<\/div>\n<div id=\"chunk-be6nu\">\n<div class=\"mc-column content-text active-extra-styles\" data-block-type=\"unstyled\" data-block-weight=\"25\" data-block-id=\"8\">\n<p class=\"content-text__container\" data-track-category=\"Link no Texto\" data-track-links=\"\" data-mrf-recirculation=\"Mat\u00e9ria - Links no Texto\">No entendimento do magistrado Conti, que suspendeu a liminar, &#8220;eventuais contrata\u00e7\u00f5es que desvirtuem da finalidade declarada podem ser individualmente perquiridas e, sendo o caso, anuladas&#8221;.<\/p>\n<\/div>\n<\/div>\n<div id=\"chunk-635h\">\n<div class=\"mc-column content-text active-extra-styles\" data-block-type=\"unstyled\" data-block-weight=\"40\" data-block-id=\"9\">\n<p class=\"content-text__container\" data-track-category=\"Link no Texto\" data-track-links=\"\" data-mrf-recirculation=\"Mat\u00e9ria - Links no Texto\">&#8220;Ainda, se l\u00edcitas, tais contrata\u00e7\u00f5es em nada prejudicam a parte autora, tendo em vista que n\u00e3o implicam preenchimento de cargo p\u00fablico, n\u00e3o obstando a nomea\u00e7\u00e3o de servidores em cargos efetivos para atendimento das demandas permanentes do estado&#8221;, avaliou o desembargador.<\/p>\n<\/div>\n<\/div>\n<div id=\"chunk-73c4t\">\n<div class=\"mc-column content-text active-extra-styles\" data-block-type=\"unstyled\" data-block-weight=\"27\" data-block-id=\"10\">\n<p class=\"content-text__container\" data-track-category=\"Link no Texto\" data-track-links=\"\" data-mrf-recirculation=\"Mat\u00e9ria - Links no Texto\"><span class=\"highlight highlighted\">Mais de 56 mil inscri\u00e7\u00f5es de candidatos foram homologadas<\/span>&nbsp;para todos os cargos. O governo informou que&nbsp;<strong>vai divulgar novo cronograma<\/strong>&nbsp;do processo seletivo nos pr\u00f3ximos dias.<\/p>\n<\/div>\n<\/div>\n<div id=\"chunk-feegq\">\n<div class=\"mc-column content-text active-extra-styles\" data-block-type=\"raw\" data-block-weight=\"3\" data-block-id=\"11\">\n<p class=\"content-text__container\" data-mrf-recirculation=\"Mat\u00e9ria - Links no Texto\">&nbsp;<\/p>\n<div class=\"content-intertitle\">\n<h2>A decis\u00e3o anterior<\/h2>\n<\/div>\n<\/div>\n<\/div>\n<div id=\"chunk-a3c85\">\n<div class=\"mc-column content-text active-extra-styles\" data-block-type=\"unstyled\" data-block-weight=\"35\" data-block-id=\"12\">\n<p class=\"content-text__container\" data-track-category=\"Link no Texto\" data-track-links=\"\" data-mrf-recirculation=\"Mat\u00e9ria - Links no Texto\">A Justi\u00e7a havia suspendido as&nbsp;contrata\u00e7\u00f5es tempor\u00e1rias&nbsp;nas fun\u00e7\u00f5es de&nbsp;<strong>Analistas de Projetos e de Pol\u00edticas P\u00fablicas<\/strong>,&nbsp;<strong>Analistas de Planejamento, Or\u00e7amento e Gest\u00e3o<\/strong>,&nbsp;<strong>Analistas Pesquisadores<\/strong>&nbsp;e&nbsp;<strong>Especialistas em Sa\u00fade&nbsp;<\/strong>\u2013 todas fun\u00e7\u00f5es de n\u00edvel superior.<\/p>\n<\/div>\n<\/div>\n<div id=\"chunk-26r9d\">\n<div class=\"mc-column content-text active-extra-styles\" data-block-type=\"unstyled\" data-block-weight=\"56\" data-block-id=\"13\">\n<p class=\"content-text__container\" data-track-category=\"Link no Texto\" data-track-links=\"\" data-mrf-recirculation=\"Mat\u00e9ria - Links no Texto\">Na liminar, de dezembro de 2024, a ju\u00edza Gabriela Dantas Bobsin, da 1\u00aa Vara da Fazenda P\u00fablica do Foro Central da Comarca de&nbsp;Porto Alegre, citou que a continuidade do processo seletivo poderia &#8220;perpetuar viola\u00e7\u00e3o \u00e0 regra constitucional da obrigatoriedade do concurso p\u00fablico e ocasionar preju\u00edzos aos servi\u00e7os a serem prestados em car\u00e1ter permanente pelo estado&#8221;.<\/p>\n<\/div>\n<\/div>\n<div id=\"chunk-242r6\">\n<div class=\"mc-column content-text active-extra-styles\" data-block-type=\"unstyled\" data-block-weight=\"43\" data-block-id=\"15\">\n<p class=\"content-text__container\" data-track-category=\"Link no Texto\" data-track-links=\"\" data-mrf-recirculation=\"Mat\u00e9ria - Links no Texto\">&#8220;(&#8230;) indicam que o Estado pretende lan\u00e7ar m\u00e3o de contrata\u00e7\u00e3o tempor\u00e1ria para atender a necessidades de car\u00e1ter permanente (e n\u00e3o transit\u00f3rias e excepcionais), implicando burla \u00e0 regra constitucional da obrigatoriedade do concurso p\u00fablico as contrata\u00e7\u00f5es decorrentes do processo seletivo&#8221;, dizia trecho da decis\u00e3o.<\/p>\n<\/div>\n<\/div>\n<div id=\"chunk-7t898\">\n<div class=\"mc-column content-text active-extra-styles\" data-block-type=\"raw\" data-block-weight=\"6\" data-block-id=\"16\">\n<p class=\"content-text__container\" data-mrf-recirculation=\"Mat\u00e9ria - Links no Texto\">&nbsp;<\/p>\n<div class=\"content-intertitle\">\n<h2>Sal\u00e1rios de at\u00e9 R$ 16 mil<\/h2>\n<\/div>\n<\/div>\n<\/div>\n<div id=\"chunk-cf916\">\n<div class=\"mc-column content-text active-extra-styles\" data-block-type=\"unstyled\" data-block-weight=\"29\" data-block-id=\"17\">\n<p class=\"content-text__container\" data-track-category=\"Link no Texto\" data-track-links=\"\" data-mrf-recirculation=\"Mat\u00e9ria - Links no Texto\">Os sal\u00e1rios previstos para a sele\u00e7\u00e3o variam de&nbsp;<strong>R$ 3,5 mil<\/strong>&nbsp;mensais, para cargos de ensino m\u00e9dio, a&nbsp;<strong>R$ 16 mil<\/strong>, para postos que exigem ensino superior. (<strong><em>Veja abaixo<\/em><\/strong>)<\/p>\n<\/div>\n<\/div>\n<div id=\"chunk-6e3f\">\n<div class=\"mc-column content-text active-extra-styles\" data-block-type=\"unstyled\" data-block-weight=\"36\" data-block-id=\"18\">\n<p class=\"content-text__container\" data-track-category=\"Link no Texto\" data-track-links=\"\" data-mrf-recirculation=\"Mat\u00e9ria - Links no Texto\">A contrata\u00e7\u00e3o dos selecionados tem prazo de&nbsp;<strong>24 meses<\/strong>&nbsp;e pode ser prorrogada por igual per\u00edodo. As vagas s\u00e3o para&nbsp;<span class=\"highlight highlighted\">um cargo n\u00edvel m\u00e9dio<\/span>&nbsp;e&nbsp;<span class=\"highlight highlighted\">cinco cargos de n\u00edvel superior<\/span>. Ao todo, s\u00e3o&nbsp;<strong>58 especialidades diferentes<\/strong>.<\/p>\n<div id=\"chunk-58u2s\">\n<div class=\"mc-column content-text active-extra-styles\" data-block-type=\"raw\" data-block-weight=\"1\" data-block-id=\"21\">\n<div class=\"content-intertitle\">\n<h2>Vagas:<\/h2>\n<\/div>\n<p>&nbsp;<\/p>\n<\/div>\n<\/div>\n<div id=\"chunk-1udae\">\n<div class=\"mc-column content-text active-extra-styles\" data-block-type=\"unstyled\" data-block-weight=\"3\" data-block-id=\"22\">\n<p class=\"content-text__container\" data-track-category=\"Link no Texto\" data-track-links=\"\" data-mrf-recirculation=\"Mat\u00e9ria - Links no Texto\"><strong>N\u00cdVEL M\u00c9DIO (40h\/semanais):<\/strong><\/p>\n<\/div>\n<\/div>\n<div id=\"chunk-d7op4\">\n<div class=\"mc-column content-text active-extra-styles\" data-block-type=\"raw\" data-block-weight=\"7\" data-block-id=\"23\">\n<p class=\"content-text__container\" data-mrf-recirculation=\"Mat\u00e9ria - Links no Texto\">&nbsp;<\/p>\n<ul class=\"content-unordered-list\">\n<li><strong>Agente administrativo (102 vagas):<\/strong>&nbsp;R$ 3,5 mil<\/li>\n<\/ul>\n<p>&nbsp;<\/p>\n<\/div>\n<\/div>\n<div id=\"chunk-735eu\">\n<div class=\"mc-column content-text active-extra-styles\" data-block-type=\"unstyled\" data-block-weight=\"3\" data-block-id=\"24\">\n<p class=\"content-text__container\" data-track-category=\"Link no Texto\" data-track-links=\"\" data-mrf-recirculation=\"Mat\u00e9ria - Links no Texto\"><strong>N\u00cdVEL SUPERIOR (40h\/semanais):<\/strong><\/p>\n<\/div>\n<\/div>\n<div id=\"chunk-3u4k6\">\n<div class=\"mc-column content-text active-extra-styles\" data-block-type=\"raw\" data-block-weight=\"456\" data-block-id=\"25\">\n<p class=\"content-text__container\" data-mrf-recirculation=\"Mat\u00e9ria - Links no Texto\">&nbsp;<\/p>\n<ul class=\"content-unordered-list\">\n<li><strong>Administrador (326 vagas):&nbsp;<\/strong>R$ 9 mil<\/li>\n<li><strong>Contador (92 vagas):<\/strong>&nbsp;R$ 9 mil<\/li>\n<li><strong>Economista (53 vagas):&nbsp;<\/strong>R$ 9 mil<\/li>\n<li><strong>Gest\u00e3o p\u00fablica (96 vagas):<\/strong>&nbsp;R$ 9 mil<\/li>\n<li><strong>Arquivista (24 vagas):&nbsp;<\/strong>R$ 9 mil<\/li>\n<li><strong>Bibliotec\u00e1rio (12 vagas):&nbsp;<\/strong>R$ 9 mil<\/li>\n<li><strong>Estat\u00edstico (45 vagas):&nbsp;<\/strong>R$ 9 mil<\/li>\n<li><strong>Jornalista (49 vagas):&nbsp;<\/strong>R$ 9 mil<\/li>\n<li><strong>Psic\u00f3logo (61 vagas):<\/strong>&nbsp;R$ 9 mil<\/li>\n<li><strong>Soci\u00f3logo (13 vagas):<\/strong>&nbsp;R$ 9 mil<\/li>\n<li><strong>Arquiteto (67 vagas):<\/strong>&nbsp;R$ 10 mil<\/li>\n<li><strong>Analista Engenheiro &#8211; Engenharia Civil (152 vagas):&nbsp;<\/strong>R$ 10 mil<\/li>\n<li><strong>Analista Engenheiro &#8211; Engenharia El\u00e9trica (34 vagas):<\/strong>&nbsp;R$ 10 mil<\/li>\n<li><strong>Analista Engenheiro &#8211; Engenharia Mec\u00e2nica (15 vagas):&nbsp;<\/strong>R$ 10 mil<\/li>\n<li><strong>Analista Engenheiro &#8211; Engenharia de Minas (2 vagas):&nbsp;<\/strong>R$ 10 mil<\/li>\n<li><strong>Analista Engenheiro &#8211; Engenharia Rodovi\u00e1ria (14 vagas):<\/strong>&nbsp;R$ 10 mil<\/li>\n<li><strong>Analista Engenheiro &#8211; Engenharia de Produ\u00e7\u00e3o (23 vagas):&nbsp;<\/strong>R$ 10 mil<\/li>\n<li><strong>Analista Engenheiro &#8211; Engenharia do Trabalho (8 vagas):<\/strong>&nbsp;R$ 10 mil<\/li>\n<li><strong>Analista Engenheiro &#8211; Engenharia de Agrimensura (19 vagas):<\/strong>&nbsp;R$ 10 mil<\/li>\n<li><strong>Analista Engenheiro &#8211; Engenharia Ambiental (16 vagas):<\/strong>&nbsp;R$ 10 mil<\/li>\n<li><strong>Analista de Sistemas (112 vagas):&nbsp;<\/strong>R$ 10 mil<\/li>\n<li><strong>Analista Bi\u00f3logo (11 vagas):&nbsp;<\/strong>R$ 9 mil<\/li>\n<li><strong>Analista Ge\u00f3grafo (17 vagas):<\/strong>&nbsp;R$ 10 mil<\/li>\n<li><strong>Analista Ambiental &#8211; Biologia (9 vagas):&nbsp;<\/strong>R$ 9 mil<\/li>\n<li><strong>Analista Ambiental &#8211; Ecologia (4 vagas):&nbsp;<\/strong>R$ 9 mil<\/li>\n<li><strong>Analista Ambiental &#8211; Engenharia Agron\u00f4mica (50 vagas):&nbsp;<\/strong>R$ 10 mil<\/li>\n<li><strong>Analista Ambiental &#8211; Engenharia Florestal (6 vagas):&nbsp;<\/strong>R$ 10 mil<\/li>\n<li><strong>Analista Ambiental &#8211; Geologia (18 vagas):<\/strong>&nbsp;R$ 10 mil<\/li>\n<li><strong>Analista Ambiental &#8211; Geoprocessamento (18 vagas):&nbsp;<\/strong>R$ 10 mil<\/li>\n<li><strong>Analista Ambiental &#8211; Hidrologia (18 vagas):&nbsp;<\/strong>R$ 9 mil<\/li>\n<li><strong>Analista Ambiental &#8211; Meteorologia (6 vagas):&nbsp;<\/strong>R$ 10 mil<\/li>\n<li><strong>Analista em Assuntos Culturais &#8211; Antropologia (4 vagas):&nbsp;<\/strong>R$ 9 mil<\/li>\n<li><strong>Analista em Assuntos Culturais &#8211; Museologia (12 vagas):&nbsp;<\/strong>R$ 9 mil<\/li>\n<li><strong>Analista em Educa\u00e7\u00e3o (57 vagas):&nbsp;<\/strong>R$ 9 mil<\/li>\n<li><strong>Analista em Turismo (17 vagas):&nbsp;<\/strong>R$ 9 mil<\/li>\n<li><strong>M\u00e9dico de Per\u00edcia e An\u00e1lise &#8211; Psiquiatra (13 vagas):<\/strong>&nbsp;R$ 16 mil<\/li>\n<li><strong>M\u00e9dico de Per\u00edcia e An\u00e1lise &#8211; Cl\u00ednica Geral (6 vagas):<\/strong>&nbsp;R$ 16 mil<\/li>\n<li><strong>Nutricionista (11 vagas):&nbsp;<\/strong>R$ 8 mil<\/li>\n<li><strong>Analista de Planejamento, Or\u00e7amento e Gest\u00e3o (50 vagas):&nbsp;<\/strong>R$ 10,8 mil<\/li>\n<li><strong>Analista Pesquisador &#8211; Administra\u00e7\u00e3o e Pol\u00edticas P\u00fablicas (1 vaga):&nbsp;<\/strong>R$ 10 mil<\/li>\n<li><strong>Analista Pesquisador &#8211; Economia (5 vagas):&nbsp;<\/strong>R$ 10 mil<\/li>\n<li><strong>Analista Pesquisador &#8211; Estat\u00edstica (4 vagas):&nbsp;<\/strong>R$ 10 mil<\/li>\n<li><strong>Analista Pesquisador &#8211; Geografia (2 vagas):&nbsp;<\/strong>R$ 10 mil<\/li>\n<li><strong>Analista Pesquisador &#8211; Hist\u00f3ria (1 vaga):&nbsp;<\/strong>R$ 10 mil<\/li>\n<li><strong>Analista Pesquisador &#8211; Sociologia (1 vaga):&nbsp;<\/strong>R$ 10 mil<\/li>\n<li><strong>Analista Pesquisador &#8211; Rela\u00e7\u00f5es e Assuntos Internacionais (1 vaga):&nbsp;<\/strong>R$ 10 mil<\/li>\n<li><strong>Especialista em Sa\u00fade &#8211; M\u00e9dico (6 vagas):&nbsp;<\/strong>R$ 16 mil<\/li>\n<li><strong>Especialista em Sa\u00fade &#8211; Sanitarista (5 vagas):&nbsp;<\/strong>R$ 9 mil<\/li>\n<li><strong>Especialista em Sa\u00fade &#8211; Fisioterapeuta (2 vagas):<\/strong>&nbsp;R$ 9 mil<\/li>\n<li><strong>Especialista em Sa\u00fade &#8211; Farmac\u00eautico (9 vagas):&nbsp;<\/strong>R$ 9 mil<\/li>\n<li><strong>Especialista em Sa\u00fade &#8211; Enfermeiro (24 vagas):&nbsp;<\/strong>R$ 9 mil<\/li>\n<\/ul>\n<p><em>Fonte: g1&nbsp;<\/em><\/p>\n<p><em>Foto: Jurgen Mayrhofer\/Secom<a href=\"https:\/\/www2.comunitaria.com.br\/en\/justica-derruba-liminar-e-garante-continuidade-de-selecao-para-vagas-temporarias-com-salarios-de-ate-r-16-mil-no-governo-do-rs\/53835801187-2d14ce6ae8-k-1\/\" rel=\"attachment wp-att-68153\"><img loading=\"lazy\" decoding=\"async\" class=\"aligncenter size-full wp-image-68153\" src=\"http:\/\/www2.comunitaria.com.br\/wp-content\/uploads\/2025\/01\/53835801187-2d14ce6ae8-k-1.avif\" alt=\"\" width=\"640\" height=\"428\"><\/a><\/em><\/p>\n<\/div>\n<\/div>\n<\/div>\n<\/div>\n<\/div>\n<\/div>","protected":false},"excerpt":{"rendered":"<p>A Procuradoria-Geral do Estado (PGE) reverteu a&nbsp;liminar que suspendeu o processo seletivo do governo do RS para 2 mil contrata\u00e7\u00f5es tempor\u00e1rias. Com isso,&nbsp;n\u00e3o h\u00e1, no momento, impedimentos legais para continuidade&#8230;<\/p>","protected":false},"author":2,"featured_media":68153,"comment_status":"closed","ping_status":"closed","sticky":false,"template":"","format":"standard","meta":{"ngg_post_thumbnail":0,"footnotes":""},"categories":[46,28,33],"tags":[1192],"class_list":["post-68152","post","type-post","status-publish","format-standard","has-post-thumbnail","hentry","category-estado","category-destaque","category-noticias","tag-rio-grande-do-sul"],"amp_enabled":true,"_links":{"self":[{"href":"https:\/\/www2.comunitaria.com.br\/en\/wp-json\/wp\/v2\/posts\/68152","targetHints":{"allow":["GET"]}}],"collection":[{"href":"https:\/\/www2.comunitaria.com.br\/en\/wp-json\/wp\/v2\/posts"}],"about":[{"href":"https:\/\/www2.comunitaria.com.br\/en\/wp-json\/wp\/v2\/types\/post"}],"author":[{"embeddable":true,"href":"https:\/\/www2.comunitaria.com.br\/en\/wp-json\/wp\/v2\/users\/2"}],"replies":[{"embeddable":true,"href":"https:\/\/www2.comunitaria.com.br\/en\/wp-json\/wp\/v2\/comments?post=68152"}],"version-history":[{"count":0,"href":"https:\/\/www2.comunitaria.com.br\/en\/wp-json\/wp\/v2\/posts\/68152\/revisions"}],"wp:featuredmedia":[{"embeddable":true,"href":"https:\/\/www2.comunitaria.com.br\/en\/wp-json\/wp\/v2\/media\/68153"}],"wp:attachment":[{"href":"https:\/\/www2.comunitaria.com.br\/en\/wp-json\/wp\/v2\/media?parent=68152"}],"wp:term":[{"taxonomy":"category","embeddable":true,"href":"https:\/\/www2.comunitaria.com.br\/en\/wp-json\/wp\/v2\/categories?post=68152"},{"taxonomy":"post_tag","embeddable":true,"href":"https:\/\/www2.comunitaria.com.br\/en\/wp-json\/wp\/v2\/tags?post=68152"}],"curies":[{"name":"wp","href":"https:\/\/api.w.org\/{rel}","templated":true}]}}