{"id":68073,"date":"2025-01-07T10:09:02","date_gmt":"2025-01-07T12:09:02","guid":{"rendered":"https:\/\/www2.comunitaria.com.br\/?p=68073"},"modified":"2025-01-07T10:09:02","modified_gmt":"2025-01-07T12:09:02","slug":"suspeita-de-envenenar-bolo-no-rs-passa-por-audiencia-de-custodia-e-ficara-30-dias-presa-decide-justica","status":"publish","type":"post","link":"https:\/\/www2.comunitaria.com.br\/en\/suspeita-de-envenenar-bolo-no-rs-passa-por-audiencia-de-custodia-e-ficara-30-dias-presa-decide-justica\/","title":{"rendered":"Suspeita de envenenar bolo no RS passa por audi\u00eancia de cust\u00f3dia e ficar\u00e1 30 dias presa, decide Justi\u00e7a"},"content":{"rendered":"<p style=\"text-align: justify;\">A&nbsp;mulher suspeita de envenenar um bolo que causou a morte de tr\u00eas pessoas&nbsp;da mesma fam\u00edlia em&nbsp;Torres, no Litoral Norte do RS,&nbsp;Deise Moura dos Anjos, passou por audi\u00eancia de cust\u00f3dia nesta segunda-feira (6). A Justi\u00e7a decidiu que a investigada&nbsp;<strong>permanecer\u00e1 presa por 30 dias<\/strong>.<\/p>\n<div id=\"chunk-at870\" style=\"text-align: justify;\">\n<div class=\"mc-column content-text active-extra-styles\" data-block-type=\"unstyled\" data-block-weight=\"51\" data-block-id=\"5\">\n<p class=\"content-text__container\" data-track-category=\"Link no Texto\" data-track-links=\"\" data-mrf-recirculation=\"Mat\u00e9ria - Links no Texto\">Deise foi&nbsp;presa temporariamente no domingo (5)&nbsp;e \u00e9&nbsp;<span class=\"highlight highlighted\">nora de Zeli dos Anjos<\/span>, que preparou o bolo. Ela est\u00e1 detida no Pres\u00eddio Estadual Feminino de Torres e responde por&nbsp;<strong>suspeita de triplo homic\u00eddio duplamente qualificado<\/strong>&nbsp;por motivo f\u00fatil e com emprego de veneno e&nbsp;<strong>tripla tentativa de homic\u00eddio duplamente qualificada<\/strong>.<\/p>\n<\/div>\n<\/div>\n<div id=\"chunk-ahrk5\" style=\"text-align: justify;\">\n<div class=\"mc-column content-text active-extra-styles\" data-block-type=\"unstyled\" data-block-weight=\"30\" data-block-id=\"7\">\n<p class=\"content-text__container\" data-track-category=\"Link no Texto\" data-track-links=\"\" data-mrf-recirculation=\"Mat\u00e9ria - Links no Texto\">Em nota, a defesa de Deise alegou que as pris\u00f5es tempor\u00e1rias &#8220;possuem car\u00e1ter investigativo&#8221; e que &#8220;ainda restam diversos questionamentos e respostas em aberto neste caso&#8221;. (<strong><em>Leia a \u00edntegra abaixo<\/em><\/strong>)<\/p>\n<\/div>\n<\/div>\n<div id=\"chunk-7659n\" style=\"text-align: justify;\">\n<div class=\"mc-column content-text active-extra-styles\" data-block-type=\"raw\" data-block-weight=\"6\" data-block-id=\"8\">\n<div class=\"content-intertitle\">\n<h2>Suspeita pesquisou sobre ars\u00eanio na internet<\/h2>\n<\/div>\n<\/div>\n<\/div>\n<div id=\"chunk-bt44g\" style=\"text-align: justify;\">\n<div class=\"mc-column content-text active-extra-styles\" data-block-type=\"unstyled\" data-block-weight=\"44\" data-block-id=\"9\">\n<p class=\"content-text__container\" data-track-category=\"Link no Texto\" data-track-links=\"\" data-mrf-recirculation=\"Mat\u00e9ria - Links no Texto\">De acordo com o Tribunal de Justi\u00e7a do RS, Deise&nbsp;fez pesquisas na internet sobre ars\u00eanio<strong>&nbsp;<\/strong>antes do caso. Um relat\u00f3rio preliminar dos dados extra\u00eddos do telefone da suspeita mostra que houve&nbsp;<span class=\"highlight highlighted\">&#8220;busca na internet, inclusive no Google shopping, pelo termo ars\u00eanio e similares&#8221;<\/span>.<\/p>\n<\/div>\n<\/div>\n<div id=\"chunk-fdfn9\" style=\"text-align: justify;\">\n<div class=\"mc-column content-text active-extra-styles\" data-block-type=\"unstyled\" data-block-weight=\"46\" data-block-id=\"10\">\n<p class=\"content-text__container\" data-track-category=\"Link no Texto\" data-track-links=\"\" data-mrf-recirculation=\"Mat\u00e9ria - Links no Texto\">Ars\u00eanio&nbsp;\u00e9 um elemento qu\u00edmico liberado no ambiente de maneira natural ou pela a\u00e7\u00e3o do homem e componente usado na fabrica\u00e7\u00e3o de alguns pesticidas. A exposi\u00e7\u00e3o a ars\u00eanio pode causar intoxica\u00e7\u00e3o alimentar e rea\u00e7\u00f5es similares a alergias, c\u00e2ncer em caso de exposi\u00e7\u00e3o recorrente, e at\u00e9 morte.<\/p>\n<\/div>\n<\/div>\n<div id=\"chunk-cnelj\" style=\"text-align: justify;\">\n<div class=\"mc-column content-text active-extra-styles\" data-block-type=\"unstyled\" data-block-weight=\"51\" data-block-id=\"11\">\n<p class=\"content-text__container\" data-track-category=\"Link no Texto\" data-track-links=\"\" data-mrf-recirculation=\"Mat\u00e9ria - Links no Texto\">A reportagem da&nbsp;<strong>RBS TV&nbsp;<\/strong>apurou tamb\u00e9m junto \u00e0 Pol\u00edcia Civil que a mulher fez pesquisas sobre a subst\u00e2ncia antes do caso, em novembro. A investiga\u00e7\u00e3o segue em andamento, e a motiva\u00e7\u00e3o n\u00e3o foi informada pelos investigadores porque, segundo a pol\u00edcia, isso pode atrapalhar a investiga\u00e7\u00e3o.&nbsp;<em>(Leia mais abaixo)<\/em>.<\/p>\n<\/div>\n<\/div>\n<div id=\"chunk-5mmk2\" style=\"text-align: justify;\">\n<div class=\"mc-column content-text active-extra-styles\" data-block-type=\"unstyled\" data-block-weight=\"28\" data-block-id=\"12\">\n<p class=\"content-text__container\" data-track-category=\"Link no Texto\" data-track-links=\"\" data-mrf-recirculation=\"Mat\u00e9ria - Links no Texto\">O envenenamento por ars\u00eanio&nbsp;<span class=\"highlight highlighted\">foi a causa da morte de tr\u00eas mulheres da mesma fam\u00edlia ap\u00f3s comerem<\/span>&nbsp;um bolo em 23 de dezembro de 2024 (<em>saiba mais abaixo<\/em>).<\/p>\n<\/div>\n<\/div>\n<div id=\"chunk-eboqn\" style=\"text-align: justify;\">\n<div class=\"mc-column content-text active-extra-styles\" data-block-type=\"raw\" data-block-weight=\"5\" data-block-id=\"14\">\n<div class=\"content-intertitle\">\n<h2>Veneno na farinha, diz IGP<\/h2>\n<\/div>\n<\/div>\n<\/div>\n<div id=\"chunk-1tp9h\" style=\"text-align: justify;\">\n<div class=\"mc-column content-text active-extra-styles\" data-block-type=\"unstyled\" data-block-weight=\"26\" data-block-id=\"15\">\n<p class=\"content-text__container\" data-track-category=\"Link no Texto\" data-track-links=\"\" data-mrf-recirculation=\"Mat\u00e9ria - Links no Texto\">De acordo com Marguet Mittman, diretora do Instituto-Geral de Per\u00edcias (IGP),&nbsp;<span class=\"highlight highlighted\">a fonte da contamina\u00e7\u00e3o foi a farinha usada para fazer o bolo consumido pelas v\u00edtimas<\/span>.<\/p>\n<\/div>\n<\/div>\n<div id=\"chunk-3uvo3\" style=\"text-align: justify;\">\n<div class=\"mc-column content-text active-extra-styles\" data-block-type=\"raw\" data-block-weight=\"43\" data-block-id=\"16\">\n<p class=\"content-text__container\" data-mrf-recirculation=\"Mat\u00e9ria - Links no Texto\">&nbsp;<\/p>\n<blockquote class=\"content-blockquote theme-border-color-primary-before\"><p>&#8220;Foram identificadas concentra\u00e7\u00f5es alt\u00edssimas de ars\u00eanio nas tr\u00eas v\u00edtimas. T\u00e3o elevadas que s\u00e3o t\u00f3xicas e letais. Para se ter ideia, 35 microgramas j\u00e1 s\u00e3o suficientes para causar a morte de uma pessoa. Em uma das v\u00edtimas, havia concentra\u00e7\u00e3o 350 vezes maior&#8221;, diz Marguet.<\/p><\/blockquote>\n<p>&nbsp;<\/p>\n<\/div>\n<\/div>\n<div id=\"chunk-4cer2\" style=\"text-align: justify;\">\n<div class=\"mc-column content-text active-extra-styles\" data-block-type=\"unstyled\" data-block-weight=\"23\" data-block-id=\"17\">\n<p class=\"content-text__container\" data-track-category=\"Link no Texto\" data-track-links=\"\" data-mrf-recirculation=\"Mat\u00e9ria - Links no Texto\">Conforme Marguet, foram coletadas 89 amostras na casa de mulher que fez o bolo. Uma amostra, de farinha, apresentou a concentra\u00e7\u00e3o de ars\u00eanio.<\/p>\n<\/div>\n<\/div>\n<div id=\"chunk-8j5ri\">\n<div class=\"mc-column content-text active-extra-styles\" data-block-type=\"raw\" data-block-weight=\"6\" data-block-id=\"18\">\n<p class=\"content-text__container\" style=\"text-align: justify;\" data-mrf-recirculation=\"Mat\u00e9ria - Links no Texto\">&nbsp;<\/p>\n<div class=\"content-intertitle\">\n<h2 style=\"text-align: justify;\">&#8216;Inten\u00e7\u00e3o de cometer crime&#8217;, diz pol\u00edcia<\/h2>\n<div id=\"chunk-6obse\" style=\"text-align: justify;\">\n<div class=\"mc-column content-text active-extra-styles\" data-block-type=\"unstyled\" data-block-weight=\"51\" data-block-id=\"21\">\n<p class=\"content-text__container\" data-track-category=\"Link no Texto\" data-track-links=\"\" data-mrf-recirculation=\"Mat\u00e9ria - Links no Texto\">O delegado Marcus Vin\u00edcius Veloso, respons\u00e1vel pela investiga\u00e7\u00e3o, afirmou em coletiva de imprensa que&nbsp;<span class=\"highlight highlighted\">s\u00e3o &#8220;robustas as provas que apontam que ela [Deise Moura dos Anjos] \u00e9 a autora [dos crimes]&#8221;<\/span>. No entanto,&nbsp;<strong>n\u00e3o divulgou detalhes das provas, inclusive o motivo para o crime, porque isso pode atrapalhar a investiga\u00e7\u00e3o<\/strong>.<\/p>\n<\/div>\n<\/div>\n<div id=\"chunk-emuhj\" style=\"text-align: justify;\">\n<div class=\"mc-column content-text active-extra-styles\" data-block-type=\"raw\" data-block-weight=\"16\" data-block-id=\"22\">\n<p class=\"content-text__container\" data-mrf-recirculation=\"Mat\u00e9ria - Links no Texto\">&nbsp;<\/p>\n<blockquote class=\"content-blockquote theme-border-color-primary-before\"><p>&#8220;Ela teve a inten\u00e7\u00e3o de cometer o crime. Foi um crime doloso&#8221;, afirma o delegado Veloso.<\/p><\/blockquote>\n<p>&nbsp;<\/p>\n<\/div>\n<\/div>\n<div id=\"chunk-3ui4\" style=\"text-align: justify;\">\n<div class=\"mc-column content-text active-extra-styles\" data-block-type=\"unstyled\" data-block-weight=\"28\" data-block-id=\"23\">\n<p class=\"content-text__container\" data-track-category=\"Link no Texto\" data-track-links=\"\" data-mrf-recirculation=\"Mat\u00e9ria - Links no Texto\">A Pol\u00edcia Civil investiga, ainda, quem era o alvo de Deise ao envenenar o bolo, como ela obteve ars\u00eanio e em que momento ele foi colocado na farinha.<\/p>\n<\/div>\n<\/div>\n<div id=\"chunk-1ts6u\" style=\"text-align: justify;\">\n<div class=\"mc-column content-text active-extra-styles\" data-block-type=\"raw\" data-block-weight=\"2\" data-block-id=\"24\">\n<div class=\"content-intertitle\">\n<h2>Os envenenados<\/h2>\n<\/div>\n<\/div>\n<\/div>\n<div id=\"chunk-cv3gf\" style=\"text-align: justify;\">\n<div class=\"mc-column content-text active-extra-styles\" data-block-type=\"unstyled\" data-block-weight=\"33\" data-block-id=\"25\">\n<p class=\"content-text__container\" data-track-category=\"Link no Texto\" data-track-links=\"\" data-mrf-recirculation=\"Mat\u00e9ria - Links no Texto\">As tr\u00eas pessoas que morreram ap\u00f3s consumir o bolo s\u00e3o: as irm\u00e3s&nbsp;Neuza Denize Silva dos Anjos&nbsp;e&nbsp;Maida Berenice Flores da Silva, e a filha de Neuza,&nbsp;Tatiana Denize Silva dos Anjos.<\/p>\n<\/div>\n<\/div>\n<div id=\"chunk-bg06k\" style=\"text-align: justify;\">\n<div class=\"mc-column content-text active-extra-styles\" data-block-type=\"unstyled\" data-block-weight=\"51\" data-block-id=\"26\">\n<p class=\"content-text__container\" data-track-category=\"Link no Texto\" data-track-links=\"\" data-mrf-recirculation=\"Mat\u00e9ria - Links no Texto\">De acordo com o \u00faltimo boletim m\u00e9dico, a mulher que preparou o bolo,&nbsp;<strong>Zeli dos Anjos<\/strong>, de 60 anos,&nbsp;<span class=\"highlight highlighted\">est\u00e1 hospitalizada em estado est\u00e1vel<\/span>. Nesta segunda-feira (6), ela deixou a Unidade de Tratamento Intensivo (UTI). A crian\u00e7a de 10 anos que tamb\u00e9m comeu o bolo&nbsp;recebeu alta do hospital na sexta-feira.<\/p>\n<\/div>\n<\/div>\n<div id=\"chunk-6lu32\" style=\"text-align: justify;\">\n<div class=\"mc-column content-text active-extra-styles\" data-block-type=\"raw\" data-block-weight=\"2\" data-block-id=\"28\">\n<div class=\"content-intertitle\">\n<h2>Gosto estranho<\/h2>\n<\/div>\n<\/div>\n<\/div>\n<div id=\"chunk-5p6a4\" style=\"text-align: justify;\">\n<div class=\"mc-column content-text active-extra-styles\" data-block-type=\"unstyled\" data-block-weight=\"43\" data-block-id=\"29\">\n<p class=\"content-text__container\" data-track-category=\"Link no Texto\" data-track-links=\"\" data-mrf-recirculation=\"Mat\u00e9ria - Links no Texto\">As pessoas que consumiram o bolo&nbsp;<strong>notaram um gosto estranho ao ingerir o doce<\/strong>,&nbsp;segundo o delegado Marcus Vin\u00edcius Veloso. O alimento, com sabor&nbsp;<span class=\"highlight highlighted\">apimentado&nbsp;<\/span>e&nbsp;<span class=\"highlight highlighted\">desagrad\u00e1vel,&nbsp;<\/span>foi percebido logo nos primeiros peda\u00e7os. Zeli chegou a interromper o consumo ao perceber as reclama\u00e7\u00f5es.<\/p>\n<\/div>\n<\/div>\n<div id=\"chunk-3cj0o\" style=\"text-align: justify;\">\n<div class=\"mc-column content-text active-extra-styles\" data-block-type=\"raw\" data-block-weight=\"43\" data-block-id=\"31\">\n<p class=\"content-text__container\" data-mrf-recirculation=\"Mat\u00e9ria - Links no Texto\">&nbsp;<\/p>\n<blockquote class=\"content-blockquote theme-border-color-primary-before\"><p>&#8220;T\u00e3o logo o menino de 10 anos comeu e tamb\u00e9m reclamou do sabor, ela meio que colocou a m\u00e3o assim em cima do bolo, [e falou] &#8216;e agora ningu\u00e9m mais come&#8217;. E as pessoas come\u00e7aram a passar mal naquele momento&#8221;, diz o delegado.<\/p><\/blockquote>\n<\/div>\n<\/div>\n<div id=\"chunk-6p6mv\" style=\"text-align: justify;\">\n<div class=\"mc-column content-text active-extra-styles\" data-block-type=\"unstyled\" data-block-weight=\"33\" data-block-id=\"32\">\n<p class=\"content-text__container\" data-track-category=\"Link no Texto\" data-track-links=\"\" data-mrf-recirculation=\"Mat\u00e9ria - Links no Texto\">O marido de Neuza, que n\u00e3o consumiu o bolo, n\u00e3o apresentou sintomas. E o marido de Maida comeu o bolo, foi hospitalizado, mas j\u00e1 teve alta. Os nomes deles n\u00e3o foram oficialmente divulgados.<\/p>\n<\/div>\n<\/div>\n<div id=\"chunk-4v589\" style=\"text-align: justify;\">\n<div class=\"mc-column content-text active-extra-styles\" data-block-type=\"raw\" data-block-weight=\"3\" data-block-id=\"33\">\n<div class=\"content-intertitle\">\n<h2>Relembre o caso<\/h2>\n<\/div>\n<\/div>\n<\/div>\n<div id=\"chunk-6s2na\" style=\"text-align: justify;\">\n<div class=\"mc-column content-text active-extra-styles\" data-block-type=\"unstyled\" data-block-weight=\"50\" data-block-id=\"34\">\n<p class=\"content-text__container\" data-track-category=\"Link no Texto\" data-track-links=\"\" data-mrf-recirculation=\"Mat\u00e9ria - Links no Texto\">De acordo com a Pol\u00edcia Civil, sete pessoas da mesma fam\u00edlia estavam reunidas em uma casa, durante um caf\u00e9 da tarde, quando come\u00e7aram a passar mal. Apenas uma delas n\u00e3o teria comido o bolo. Zeli, que preparou o alimento, em&nbsp;Arroio do Sal&nbsp;e levou para Torres, tamb\u00e9m foi hospitalizada.<\/p>\n<\/div>\n<\/div>\n<div id=\"chunk-8unhv\" style=\"text-align: justify;\">\n<div class=\"mc-column content-text active-extra-styles\" data-block-type=\"unstyled\" data-block-weight=\"39\" data-block-id=\"35\">\n<p class=\"content-text__container\" data-track-category=\"Link no Texto\" data-track-links=\"\" data-mrf-recirculation=\"Mat\u00e9ria - Links no Texto\">Tr\u00eas mulheres morreram&nbsp;com intervalo de algumas horas. Tatiana Denize Silva dos Anjos e Maida Berenice Flores da Silva tiveram&nbsp;<strong>parada cardiorrespirat\u00f3ria<\/strong>, segundo o hospital. Neuza Denize Silva dos Anjos teve como causa da morte divulgada&nbsp;<strong>&#8220;choque p\u00f3s-intoxica\u00e7\u00e3o alimentar&#8221;<\/strong>.<\/p>\n<\/div>\n<\/div>\n<div id=\"chunk-cei2u\" style=\"text-align: justify;\">\n<div class=\"mc-column content-text active-extra-styles\" data-block-type=\"unstyled\" data-block-weight=\"27\" data-block-id=\"37\">\n<p class=\"content-text__container\" data-track-category=\"Link no Texto\" data-track-links=\"\" data-mrf-recirculation=\"Mat\u00e9ria - Links no Texto\">Segundo o delegado Marcus Vin\u00edcius Veloso,&nbsp;Zeli foi a \u00fanica pessoa da casa a comer duas fatias. A maior concentra\u00e7\u00e3o do veneno foi encontrada no sangue dela.<\/p>\n<\/div>\n<\/div>\n<div id=\"chunk-835rj\">\n<div class=\"mc-column content-text active-extra-styles\" data-block-type=\"raw\" data-block-weight=\"4\" data-block-id=\"39\">\n<div class=\"content-intertitle\">\n<h2 style=\"text-align: justify;\">O que \u00e9 ars\u00eanio<\/h2>\n<div id=\"chunk-4d7iv\" style=\"text-align: justify;\">\n<div class=\"mc-column content-text active-extra-styles\" data-block-type=\"unstyled\" data-block-weight=\"31\" data-block-id=\"41\">\n<p class=\"content-text__container\" data-track-category=\"Link no Texto\" data-track-links=\"\" data-mrf-recirculation=\"Mat\u00e9ria - Links no Texto\">Conforme Andr\u00e9 Valle de Bairros, professor de Toxicologia da Universidade Federal de Santa Maria (UFSM), o ars\u00eanio \u00e9 o elemento qu\u00edmico, enquanto ars\u00eanico \u00e9 denominado para o composto tri\u00f3xido de ars\u00eanio.<\/p>\n<\/div>\n<\/div>\n<div id=\"chunk-1pea3\" style=\"text-align: justify;\">\n<div class=\"mc-column content-text active-extra-styles\" data-block-type=\"raw\" data-block-weight=\"65\" data-block-id=\"42\">\n<p class=\"content-text__container\" data-mrf-recirculation=\"Mat\u00e9ria - Links no Texto\">&nbsp;<\/p>\n<blockquote class=\"content-blockquote theme-border-color-primary-before\"><p>&#8220;O ars\u00eanico trata-se da forma mais t\u00f3xica. A partir de 100 mg \u00e9 poss\u00edvel a morte de um indiv\u00edduo adulto. Geralmente, o ars\u00eanico est\u00e1 na forma de p\u00f3 e n\u00e3o tem cheiro ou gosto. Apesar de ter sido usado como raticida, esta droga pode ser empregada para fins de tratamento oncol\u00f3gico em pacientes com leucemia promieloc\u00edtica aguda e \u00e9 comercializada como Trisenox&#8221;, explica o especialista.<\/p><\/blockquote>\n<p>&nbsp;<\/p>\n<\/div>\n<\/div>\n<div id=\"chunk-3lknj\" style=\"text-align: justify;\">\n<div class=\"mc-column content-text active-extra-styles\" data-block-type=\"unstyled\" data-block-weight=\"21\" data-block-id=\"44\">\n<p class=\"content-text__container\" data-track-category=\"Link no Texto\" data-track-links=\"\" data-mrf-recirculation=\"Mat\u00e9ria - Links no Texto\">Bairros assinala que&nbsp;<span class=\"highlight highlighted\">ars\u00eanico \u00e9 proibido de ser comercializado no Brasil como raticida<\/span>&nbsp;e o uso como agente quimioter\u00e1pico \u00e9 restrito.<\/p>\n<\/div>\n<\/div>\n<div id=\"chunk-1ji6g\" style=\"text-align: justify;\">\n<div class=\"mc-column content-text active-extra-styles\" data-block-type=\"unstyled\" data-block-weight=\"70\" data-block-id=\"45\">\n<p class=\"content-text__container\" data-track-category=\"Link no Texto\" data-track-links=\"\" data-mrf-recirculation=\"Mat\u00e9ria - Links no Texto\">&#8220;O ars\u00eanio \u00e9 um elemento de alta toxicidade conhecida pela humanidade e sempre houve um certo temor. H\u00e1 locais no globo terrestre ricos em ars\u00eanio, e isso contamina fontes de \u00e1gua. Mas \u00e9 algo que precisa ser muito investigado. H\u00e1 literatura cient\u00edfica, e de fato, h\u00e1 essa contamina\u00e7\u00e3o em leite, carne e frutas, por\u00e9m, o fato de estar expostos a concentra\u00e7\u00f5es maiores de ars\u00eanio n\u00e3o significa necessariamente uma intoxica\u00e7\u00e3o&#8221;, acrescenta.<\/p>\n<\/div>\n<\/div>\n<div id=\"chunk-6ug2u\" style=\"text-align: justify;\">\n<div class=\"mc-column content-text active-extra-styles\" data-block-type=\"raw\" data-block-weight=\"5\" data-block-id=\"46\">\n<div class=\"content-intertitle\">\n<h2>Nota da defesa de Deise<\/h2>\n<\/div>\n<\/div>\n<\/div>\n<div id=\"chunk-2k0n9\" style=\"text-align: justify;\">\n<div class=\"mc-column content-text active-extra-styles\" data-block-type=\"unstyled\" data-block-weight=\"36\" data-block-id=\"47\">\n<p class=\"content-text__container\" data-track-category=\"Link no Texto\" data-track-links=\"\" data-mrf-recirculation=\"Mat\u00e9ria - Links no Texto\"><em>O escrit\u00f3rio Cassyus Pontes Advocacia representa a defesa de Deise Moura dos Anjos no inqu\u00e9rito em andamento sobre o fato do Bolo, na Comarca de Torres, tendo sido decretada no domingo a pris\u00e3o tempor\u00e1ria da investigada.<\/em><\/p>\n<\/div>\n<\/div>\n<div id=\"chunk-lq2f\" style=\"text-align: justify;\">\n<div class=\"mc-column content-text active-extra-styles\" data-block-type=\"unstyled\" data-block-weight=\"21\" data-block-id=\"48\">\n<p class=\"content-text__container\" data-track-category=\"Link no Texto\" data-track-links=\"\" data-mrf-recirculation=\"Mat\u00e9ria - Links no Texto\"><em>Todavia, at\u00e9 o momento, mesmo com o pedido da Defesa deferido pelo judici\u00e1rio, ainda n\u00e3o houve o acesso ao inqu\u00e9rito judicial.<\/em><\/p>\n<\/div>\n<\/div>\n<div id=\"chunk-9u9fe\" style=\"text-align: justify;\">\n<div class=\"mc-column content-text active-extra-styles\" data-block-type=\"unstyled\" data-block-weight=\"20\" data-block-id=\"49\">\n<p class=\"content-text__container\" data-track-category=\"Link no Texto\" data-track-links=\"\" data-mrf-recirculation=\"Mat\u00e9ria - Links no Texto\"><em>A fam\u00edlia, desde o in\u00edcio, colabora da investiga\u00e7\u00e3o, inclusive o com depoimento de Deise em delegacia, anterior ao decreto prisional.<\/em><\/p>\n<\/div>\n<\/div>\n<div id=\"chunk-ccaak\">\n<div class=\"mc-column content-text active-extra-styles\" data-block-type=\"unstyled\" data-block-weight=\"33\" data-block-id=\"50\">\n<p class=\"content-text__container\" style=\"text-align: justify;\" data-track-category=\"Link no Texto\" data-track-links=\"\" data-mrf-recirculation=\"Mat\u00e9ria - Links no Texto\"><em>Cumpre salientar, que as pris\u00f5es tempor\u00e1rias possuem car\u00e1ter investigativo, de coleta de provas, logo ainda restam diversos questionamentos e respostas em aberto neste caso, os quais n\u00e3o foram definidos ou esclarecidos no inqu\u00e9rito.<\/em><\/p>\n<p data-track-category=\"Link no Texto\" data-track-links=\"\" data-mrf-recirculation=\"Mat\u00e9ria - Links no Texto\"><em>Fonte: g1 RS<\/em><\/p>\n<p data-track-category=\"Link no Texto\" data-track-links=\"\" data-mrf-recirculation=\"Mat\u00e9ria - Links no Texto\"><em>Foto: Divulga\u00e7\u00e3o<a href=\"https:\/\/www2.comunitaria.com.br\/en\/suspeita-de-envenenar-bolo-no-rs-passa-por-audiencia-de-custodia-e-ficara-30-dias-presa-decide-justica\/d7799dc0-2662-47cf-9210-a4952f7b5519\/\" rel=\"attachment wp-att-68074\"><img loading=\"lazy\" decoding=\"async\" class=\"aligncenter size-full wp-image-68074\" src=\"http:\/\/www2.comunitaria.com.br\/wp-content\/uploads\/2025\/01\/d7799dc0-2662-47cf-9210-a4952f7b5519.avif\" alt=\"\" width=\"640\" height=\"360\"><\/a><\/em><\/p>\n<\/div>\n<\/div>\n<\/div>\n<\/div>\n<\/div>\n<\/div>\n<\/div>\n<\/div>","protected":false},"excerpt":{"rendered":"<p>A&nbsp;mulher suspeita de envenenar um bolo que causou a morte de tr\u00eas pessoas&nbsp;da mesma fam\u00edlia em&nbsp;Torres, no Litoral Norte do RS,&nbsp;Deise Moura dos Anjos, passou por audi\u00eancia de cust\u00f3dia nesta segunda-feira (6). A Justi\u00e7a decidiu que a investigada&nbsp;permanecer\u00e1 presa por 30 dias. Deise foi&nbsp;presa temporariamente no domingo (5)&nbsp;e \u00e9&nbsp;nora de Zeli dos Anjos, que preparou<\/p>\n<div class=\"read-more-wrapper\"><a class=\"read-more\" href=\"https:\/\/www2.comunitaria.com.br\/en\/suspeita-de-envenenar-bolo-no-rs-passa-por-audiencia-de-custodia-e-ficara-30-dias-presa-decide-justica\/\" title=\"Read More\"> <span class=\"button\">Read More<\/span><\/a><\/div>","protected":false},"author":2,"featured_media":68074,"comment_status":"closed","ping_status":"closed","sticky":false,"template":"","format":"standard","meta":{"ngg_post_thumbnail":0,"footnotes":""},"categories":[46,28,33],"tags":[7154,6807],"class_list":["post-68073","post","type-post","status-publish","format-standard","has-post-thumbnail","hentry","category-estado","category-destaque","category-noticias","tag-bolo-envenenado","tag-torres"],"amp_enabled":true,"_links":{"self":[{"href":"https:\/\/www2.comunitaria.com.br\/en\/wp-json\/wp\/v2\/posts\/68073","targetHints":{"allow":["GET"]}}],"collection":[{"href":"https:\/\/www2.comunitaria.com.br\/en\/wp-json\/wp\/v2\/posts"}],"about":[{"href":"https:\/\/www2.comunitaria.com.br\/en\/wp-json\/wp\/v2\/types\/post"}],"author":[{"embeddable":true,"href":"https:\/\/www2.comunitaria.com.br\/en\/wp-json\/wp\/v2\/users\/2"}],"replies":[{"embeddable":true,"href":"https:\/\/www2.comunitaria.com.br\/en\/wp-json\/wp\/v2\/comments?post=68073"}],"version-history":[{"count":0,"href":"https:\/\/www2.comunitaria.com.br\/en\/wp-json\/wp\/v2\/posts\/68073\/revisions"}],"wp:featuredmedia":[{"embeddable":true,"href":"https:\/\/www2.comunitaria.com.br\/en\/wp-json\/wp\/v2\/media\/68074"}],"wp:attachment":[{"href":"https:\/\/www2.comunitaria.com.br\/en\/wp-json\/wp\/v2\/media?parent=68073"}],"wp:term":[{"taxonomy":"category","embeddable":true,"href":"https:\/\/www2.comunitaria.com.br\/en\/wp-json\/wp\/v2\/categories?post=68073"},{"taxonomy":"post_tag","embeddable":true,"href":"https:\/\/www2.comunitaria.com.br\/en\/wp-json\/wp\/v2\/tags?post=68073"}],"curies":[{"name":"wp","href":"https:\/\/api.w.org\/{rel}","templated":true}]}}