{"id":68069,"date":"2025-01-07T09:43:06","date_gmt":"2025-01-07T11:43:06","guid":{"rendered":"https:\/\/www2.comunitaria.com.br\/?p=68069"},"modified":"2025-01-07T09:43:07","modified_gmt":"2025-01-07T11:43:07","slug":"recursos-para-o-custeio-de-inverno-ja-estao-disponiveis-no-sicredi","status":"publish","type":"post","link":"https:\/\/www2.comunitaria.com.br\/en\/recursos-para-o-custeio-de-inverno-ja-estao-disponiveis-no-sicredi\/","title":{"rendered":"Recursos para o custeio de inverno j\u00e1 est\u00e3o dispon\u00edveis no Sicredi"},"content":{"rendered":"<p style=\"text-align: justify;\"><span style=\"font-weight: 400;\">Com o objetivo de garantir o desenvolvimento dos produtores locais e suas respectivas propriedades, j\u00e1 est\u00e3o dispon\u00edveis os recursos para o custeio de inverno na Sicredi Conex\u00e3o.&nbsp;<\/span><\/p>\n<p style=\"text-align: justify;\"><span style=\"font-weight: 400;\">Os valores est\u00e3o previstos no planejamento da safra 2024\/2025, s\u00e3o destinados ao custeio agr\u00edcola e pecu\u00e1rio, e incluem financiamentos para aquisi\u00e7\u00e3o de sementes, fertilizantes, defensivos e servi\u00e7os, al\u00e9m de possibilitar a compra de animais e a alimenta\u00e7\u00e3o do rebanho. Al\u00e9m das linhas de custeio, tamb\u00e9m est\u00e3o dispon\u00edveis modalidades de investimento, comercializa\u00e7\u00e3o e industrializa\u00e7\u00e3o, abrangendo produtores enquadrados no Pronaf, Pronamp e demais produtores.<\/span><\/p>\n<p style=\"text-align: justify;\"><span style=\"font-weight: 400;\">Com este investimento, a Sicredi Conex\u00e3o busca n\u00e3o apenas apoiar as atividades produtivas dos associados, mas tamb\u00e9m incentivar o uso de tecnologias e pr\u00e1ticas que aumentem a produtividade, contribuindo para o desenvolvimento econ\u00f4mico e social das regi\u00f5es onde atua, no norte do Rio Grande do Sul, oeste de Santa Catarina, e regi\u00f5es Sul e Zona da Mata de Minas Gerais. At\u00e9 o momento, j\u00e1 foram liberados cerca de R$ 700 milh\u00f5es como forma de incentivo aos produtores rurais.<\/span><\/p>\n<p style=\"text-align: justify;\"><span style=\"font-weight: 400;\">O acesso \u00e0s linhas de cr\u00e9dito \u00e9 simples e conta com condi\u00e7\u00f5es a partir de 3%, mas \u00e9 importante que os associados sempre mantenham o cadastro atualizado com a Cooperativa para facilitar os acessos a estas e outras oportunidades. Os interessados devem consultar o gestor da sua conta ou visitar a ag\u00eancia mais pr\u00f3xima do Sicredi. <a href=\"https:\/\/www2.comunitaria.com.br\/en\/recursos-para-o-custeio-de-inverno-ja-estao-disponiveis-no-sicredi\/sicredi-conexao-trigo-5\/\" rel=\"attachment wp-att-68070\"><img loading=\"lazy\" decoding=\"async\" class=\"aligncenter size-full wp-image-68070\" src=\"http:\/\/www2.comunitaria.com.br\/wp-content\/uploads\/2025\/01\/Sicredi-Conexao-Trigo-5.jpg\" alt=\"\" width=\"1680\" height=\"945\" srcset=\"https:\/\/www2.comunitaria.com.br\/wp-content\/uploads\/2025\/01\/Sicredi-Conexao-Trigo-5.jpg 1680w, https:\/\/www2.comunitaria.com.br\/wp-content\/uploads\/2025\/01\/Sicredi-Conexao-Trigo-5-300x169.jpg 300w, https:\/\/www2.comunitaria.com.br\/wp-content\/uploads\/2025\/01\/Sicredi-Conexao-Trigo-5-1024x576.jpg 1024w, https:\/\/www2.comunitaria.com.br\/wp-content\/uploads\/2025\/01\/Sicredi-Conexao-Trigo-5-768x432.jpg 768w, https:\/\/www2.comunitaria.com.br\/wp-content\/uploads\/2025\/01\/Sicredi-Conexao-Trigo-5-1536x864.jpg 1536w, https:\/\/www2.comunitaria.com.br\/wp-content\/uploads\/2025\/01\/Sicredi-Conexao-Trigo-5-1200x675.jpg 1200w, https:\/\/www2.comunitaria.com.br\/wp-content\/uploads\/2025\/01\/Sicredi-Conexao-Trigo-5-1280x720.jpg 1280w\" sizes=\"auto, (max-width: 1680px) 100vw, 1680px\" \/><\/a><\/span><\/p>\n<p style=\"text-align: justify;\">&nbsp;<\/p>","protected":false},"excerpt":{"rendered":"<p>Com o objetivo de garantir o desenvolvimento dos produtores locais e suas respectivas propriedades, j\u00e1 est\u00e3o dispon\u00edveis os recursos para o custeio de inverno na Sicredi Conex\u00e3o.&nbsp; Os valores est\u00e3o&#8230;<\/p>","protected":false},"author":2,"featured_media":68070,"comment_status":"closed","ping_status":"closed","sticky":false,"template":"","format":"standard","meta":{"ngg_post_thumbnail":0,"footnotes":""},"categories":[6254,28,33,6174],"tags":[7153,218],"class_list":["post-68069","post","type-post","status-publish","format-standard","has-post-thumbnail","hentry","category-agricultura","category-destaque","category-noticias","category-sicredi","tag-custeio-de-inverno","tag-sicredi"],"amp_enabled":true,"_links":{"self":[{"href":"https:\/\/www2.comunitaria.com.br\/en\/wp-json\/wp\/v2\/posts\/68069","targetHints":{"allow":["GET"]}}],"collection":[{"href":"https:\/\/www2.comunitaria.com.br\/en\/wp-json\/wp\/v2\/posts"}],"about":[{"href":"https:\/\/www2.comunitaria.com.br\/en\/wp-json\/wp\/v2\/types\/post"}],"author":[{"embeddable":true,"href":"https:\/\/www2.comunitaria.com.br\/en\/wp-json\/wp\/v2\/users\/2"}],"replies":[{"embeddable":true,"href":"https:\/\/www2.comunitaria.com.br\/en\/wp-json\/wp\/v2\/comments?post=68069"}],"version-history":[{"count":0,"href":"https:\/\/www2.comunitaria.com.br\/en\/wp-json\/wp\/v2\/posts\/68069\/revisions"}],"wp:featuredmedia":[{"embeddable":true,"href":"https:\/\/www2.comunitaria.com.br\/en\/wp-json\/wp\/v2\/media\/68070"}],"wp:attachment":[{"href":"https:\/\/www2.comunitaria.com.br\/en\/wp-json\/wp\/v2\/media?parent=68069"}],"wp:term":[{"taxonomy":"category","embeddable":true,"href":"https:\/\/www2.comunitaria.com.br\/en\/wp-json\/wp\/v2\/categories?post=68069"},{"taxonomy":"post_tag","embeddable":true,"href":"https:\/\/www2.comunitaria.com.br\/en\/wp-json\/wp\/v2\/tags?post=68069"}],"curies":[{"name":"wp","href":"https:\/\/api.w.org\/{rel}","templated":true}]}}