{"id":68061,"date":"2025-01-06T12:35:15","date_gmt":"2025-01-06T14:35:15","guid":{"rendered":"https:\/\/www2.comunitaria.com.br\/?p=68061"},"modified":"2025-01-06T12:35:15","modified_gmt":"2025-01-06T14:35:15","slug":"inmet-ano-de-2024-foi-o-mais-quente-no-brasil-desde-1961","status":"publish","type":"post","link":"https:\/\/www2.comunitaria.com.br\/en\/inmet-ano-de-2024-foi-o-mais-quente-no-brasil-desde-1961\/","title":{"rendered":"Inmet: ano de 2024 foi o mais quente no Brasil desde 1961"},"content":{"rendered":"<p style=\"text-align: justify;\">O&nbsp;ano&nbsp;de 2024 foi o&nbsp;mais&nbsp;quente&nbsp;da hist\u00f3ria do pa\u00eds, de acordo com o Inmet, batendo o&nbsp;ano&nbsp;de 2023. O Instituto considera os registros de temperatura no Brasil desde 1961. A m\u00e9dia das temperaturas no&nbsp;ano&nbsp;passado ficou em 25,02\u00b0C, sendo 0,79\u00b0C&nbsp;acima da m\u00e9dia hist\u00f3rica de 1991\/2020. Em 2023, a m\u00e9dia anual ficou 0,69\u00b0C&nbsp;acima da m\u00e9dia hist\u00f3rica.&nbsp;<img decoding=\"async\" src=\"https:\/\/agenciabrasil.ebc.com.br\/ebc.png?id=1625801&amp;o=node\"><img decoding=\"async\" src=\"https:\/\/agenciabrasil.ebc.com.br\/ebc.gif?id=1625801&amp;o=node\"><\/p>\n<p style=\"text-align: justify;\">Segundo o Inmet a alta das temperaturas nesses&nbsp;anos sofreu forte influ\u00eancia do fen\u00f4meno El Ni\u00f1o e h\u00e1 uma tend\u00eancia de aumento significativo ao longo dos&nbsp;anos, que pode estar associada \u00e0s mudan\u00e7as no clima.&nbsp;<\/p>\n<p style=\"text-align: justify;\">O planeta tamb\u00e9m ficou&nbsp;mais&nbsp;quente&nbsp;em 2024. A temperatura m\u00e9dia da superf\u00edcie global ficou 1,54\u00b0C&nbsp;acima da m\u00e9dia hist\u00f3rica at\u00e9 setembro do&nbsp;ano&nbsp;passado e deve superar a temperatura m\u00e9dia global de 2023, tamb\u00e9m o&nbsp;mais&nbsp;quente&nbsp;at\u00e9 ent\u00e3o.<\/p>\n<p style=\"text-align: justify;\"><em>Fonte: Ag\u00eancia Brasil<\/em><\/p>\n<p><em>Foto: Fernando Fraz\u00e3o\/Ag\u00eancia Brasil<\/em><\/p>\n<p><a href=\"https:\/\/www2.comunitaria.com.br\/en\/inmet-ano-de-2024-foi-o-mais-quente-no-brasil-desde-1961\/aaffraz_abr_30011911031\/\" rel=\"attachment wp-att-68062\"><img loading=\"lazy\" decoding=\"async\" class=\"aligncenter size-full wp-image-68062\" src=\"http:\/\/www2.comunitaria.com.br\/wp-content\/uploads\/2025\/01\/aaffraz_abr_30011911031.webp\" alt=\"\" width=\"1170\" height=\"700\" srcset=\"https:\/\/www2.comunitaria.com.br\/wp-content\/uploads\/2025\/01\/aaffraz_abr_30011911031.webp 1170w, https:\/\/www2.comunitaria.com.br\/wp-content\/uploads\/2025\/01\/aaffraz_abr_30011911031-300x179.webp 300w, https:\/\/www2.comunitaria.com.br\/wp-content\/uploads\/2025\/01\/aaffraz_abr_30011911031-1024x613.webp 1024w, https:\/\/www2.comunitaria.com.br\/wp-content\/uploads\/2025\/01\/aaffraz_abr_30011911031-768x459.webp 768w\" sizes=\"auto, (max-width: 1170px) 100vw, 1170px\" \/><\/a><\/p>","protected":false},"excerpt":{"rendered":"<p>O&nbsp;ano&nbsp;de 2024 foi o&nbsp;mais&nbsp;quente&nbsp;da hist\u00f3ria do pa\u00eds, de acordo com o Inmet, batendo o&nbsp;ano&nbsp;de 2023. O Instituto considera os registros de temperatura no Brasil desde 1961. A m\u00e9dia das temperaturas no&nbsp;ano&nbsp;passado ficou em 25,02\u00b0C, sendo 0,79\u00b0C&nbsp;acima da m\u00e9dia hist\u00f3rica de 1991\/2020. Em 2023, a m\u00e9dia anual ficou 0,69\u00b0C&nbsp;acima da m\u00e9dia hist\u00f3rica.&nbsp; Segundo o Inmet a<\/p>\n<div class=\"read-more-wrapper\"><a class=\"read-more\" href=\"https:\/\/www2.comunitaria.com.br\/en\/inmet-ano-de-2024-foi-o-mais-quente-no-brasil-desde-1961\/\" title=\"Read More\"> <span class=\"button\">Read More<\/span><\/a><\/div>","protected":false},"author":2,"featured_media":68062,"comment_status":"closed","ping_status":"closed","sticky":false,"template":"","format":"standard","meta":{"ngg_post_thumbnail":0,"footnotes":""},"categories":[47,3615,28,33,145],"tags":[3830,1026],"class_list":["post-68061","post","type-post","status-publish","format-standard","has-post-thumbnail","hentry","category-brasil","category-meio-ambiente","category-destaque","category-noticias","category-previsao-do-tempo","tag-inmet","tag-meio-ambiente"],"amp_enabled":true,"_links":{"self":[{"href":"https:\/\/www2.comunitaria.com.br\/en\/wp-json\/wp\/v2\/posts\/68061","targetHints":{"allow":["GET"]}}],"collection":[{"href":"https:\/\/www2.comunitaria.com.br\/en\/wp-json\/wp\/v2\/posts"}],"about":[{"href":"https:\/\/www2.comunitaria.com.br\/en\/wp-json\/wp\/v2\/types\/post"}],"author":[{"embeddable":true,"href":"https:\/\/www2.comunitaria.com.br\/en\/wp-json\/wp\/v2\/users\/2"}],"replies":[{"embeddable":true,"href":"https:\/\/www2.comunitaria.com.br\/en\/wp-json\/wp\/v2\/comments?post=68061"}],"version-history":[{"count":0,"href":"https:\/\/www2.comunitaria.com.br\/en\/wp-json\/wp\/v2\/posts\/68061\/revisions"}],"wp:featuredmedia":[{"embeddable":true,"href":"https:\/\/www2.comunitaria.com.br\/en\/wp-json\/wp\/v2\/media\/68062"}],"wp:attachment":[{"href":"https:\/\/www2.comunitaria.com.br\/en\/wp-json\/wp\/v2\/media?parent=68061"}],"wp:term":[{"taxonomy":"category","embeddable":true,"href":"https:\/\/www2.comunitaria.com.br\/en\/wp-json\/wp\/v2\/categories?post=68061"},{"taxonomy":"post_tag","embeddable":true,"href":"https:\/\/www2.comunitaria.com.br\/en\/wp-json\/wp\/v2\/tags?post=68061"}],"curies":[{"name":"wp","href":"https:\/\/api.w.org\/{rel}","templated":true}]}}