{"id":68051,"date":"2025-01-06T11:06:18","date_gmt":"2025-01-06T13:06:18","guid":{"rendered":"https:\/\/www2.comunitaria.com.br\/?p=68051"},"modified":"2025-01-06T11:06:18","modified_gmt":"2025-01-06T13:06:18","slug":"ultimos-dias-para-comprar-no-comercio-local-e-concorrer-a-premios-2","status":"publish","type":"post","link":"https:\/\/www2.comunitaria.com.br\/en\/ultimos-dias-para-comprar-no-comercio-local-e-concorrer-a-premios-2\/","title":{"rendered":"\u00daltimos dias para comprar no com\u00e9rcio local e concorrer a pr\u00eamios"},"content":{"rendered":"<p style=\"text-align: justify;\"><span style=\"font-weight: 400;\">A Associa\u00e7\u00e3o Empresarial ACI\/CDL de Frederico Westphalen (AEFW) realizar\u00e1 na ter\u00e7a-feira, 14 de janeiro, no Sal\u00e3o Nobre da entidade, o \u00faltimo sorteio da Campanha Show de Pr\u00eamios de 2025. Ser\u00e3o sorteadas quatro poupan\u00e7as de R$500,00, fornecidas pela Cresol, tr\u00eas motos el\u00e9tricas Klosh Hit. Os vendedores das cartelas premiadas tamb\u00e9m ser\u00e3o contemplados com tr\u00eas poupan\u00e7as da Sicredi Conex\u00e3o no valor de R$500,00.<\/span><\/p>\n<p style=\"text-align: justify;\"><span style=\"font-weight: 400;\">Para concorrer aos pr\u00eamios que ser\u00e3o sorteados nesta \u00faltima etapa, os clientes devem realizar compras nas empresas participantes da campanha e preencher corretamente todos os campos dos cupons. Al\u00e9m disso, \u00e9 necess\u00e1rio que o cliente esteja cadastrado no programa Nota Fiscal Ga\u00facha (NFG). Caso o sorteado n\u00e3o cumpra com os requisitos estabelecidos, o pr\u00eamio ser\u00e1 anulado e novo cupom ser\u00e1 sorteado.<\/span><\/p>\n<p style=\"text-align: justify;\">&nbsp;<\/p>\n<p style=\"text-align: justify;\"><b>Solicite seu cupom<\/b><\/p>\n<p style=\"text-align: justify;\"><span style=\"font-weight: 400;\">A Associa\u00e7\u00e3o Empresarial ainda tem alguns lotes de cupons \u00e0 disposi\u00e7\u00e3o dos lojistas, tanto os que aderiram \u00e0 campanha quanto aqueles que desejam contemplar seus clientes nesta \u00faltima semana. As empresas participantes definem os valores m\u00ednimos de compra para a distribui\u00e7\u00e3o dos cupons, por isso \u00e9 importante solicitar o seu cupom ao realizar as compras. Os ganhadores das motos dever\u00e3o retir\u00e1-las diretamente nas lojas onde os cupons foram entregues, e os vendedores das cartelas premiadas tamb\u00e9m dever\u00e3o retirar seus pr\u00eamios no mesmo local e data. J\u00e1 as poupan\u00e7as da Cresol dever\u00e3o ser retiradas na cooperativa.&nbsp;<\/span><\/p>\n<p style=\"text-align: justify;\"><span style=\"font-weight: 400;\">Confira no site da AE quais s\u00e3o as empresas participantes. Acesse o site da Associa\u00e7\u00e3o Empresarial: www.aefw.com.br\/campanhas.<\/span><\/p>\n<p style=\"text-align: justify;\"><a href=\"https:\/\/www2.comunitaria.com.br\/en\/ultimos-dias-para-comprar-no-comercio-local-e-concorrer-a-premios\/campanha-show-de-premios-1\/\" rel=\"attachment wp-att-67988\"><img loading=\"lazy\" decoding=\"async\" class=\"aligncenter size-full wp-image-67988\" src=\"http:\/\/www2.comunitaria.com.br\/wp-content\/uploads\/2025\/01\/Campanha-Show-de-Premios-1.jpeg\" alt=\"\" width=\"1280\" height=\"937\" srcset=\"https:\/\/www2.comunitaria.com.br\/wp-content\/uploads\/2025\/01\/Campanha-Show-de-Premios-1.jpeg 1280w, https:\/\/www2.comunitaria.com.br\/wp-content\/uploads\/2025\/01\/Campanha-Show-de-Premios-1-300x220.jpeg 300w, https:\/\/www2.comunitaria.com.br\/wp-content\/uploads\/2025\/01\/Campanha-Show-de-Premios-1-1024x750.jpeg 1024w, https:\/\/www2.comunitaria.com.br\/wp-content\/uploads\/2025\/01\/Campanha-Show-de-Premios-1-768x562.jpeg 768w, https:\/\/www2.comunitaria.com.br\/wp-content\/uploads\/2025\/01\/Campanha-Show-de-Premios-1-1200x878.jpeg 1200w\" sizes=\"auto, (max-width: 1280px) 100vw, 1280px\" \/><\/a><\/p>","protected":false},"excerpt":{"rendered":"<p>A Associa\u00e7\u00e3o Empresarial ACI\/CDL de Frederico Westphalen (AEFW) realizar\u00e1 na ter\u00e7a-feira, 14 de janeiro, no Sal\u00e3o Nobre da entidade, o \u00faltimo sorteio da Campanha Show de Pr\u00eamios de 2025. Ser\u00e3o sorteadas quatro poupan\u00e7as de R$500,00, fornecidas pela Cresol, tr\u00eas motos el\u00e9tricas Klosh Hit. Os vendedores das cartelas premiadas tamb\u00e9m ser\u00e3o contemplados com tr\u00eas poupan\u00e7as da<\/p>\n<div class=\"read-more-wrapper\"><a class=\"read-more\" href=\"https:\/\/www2.comunitaria.com.br\/en\/ultimos-dias-para-comprar-no-comercio-local-e-concorrer-a-premios-2\/\" title=\"Read More\"> <span class=\"button\">Read More<\/span><\/a><\/div>","protected":false},"author":2,"featured_media":67988,"comment_status":"closed","ping_status":"closed","sticky":false,"template":"","format":"standard","meta":{"ngg_post_thumbnail":0,"footnotes":""},"categories":[42,28,33,43],"tags":[5777,2289,82],"class_list":["post-68051","post","type-post","status-publish","format-standard","has-post-thumbnail","hentry","category-fred-west","category-destaque","category-noticias","category-regiao","tag-aefw","tag-campanha-show-de-premios","tag-frederico-westphalen"],"amp_enabled":true,"_links":{"self":[{"href":"https:\/\/www2.comunitaria.com.br\/en\/wp-json\/wp\/v2\/posts\/68051","targetHints":{"allow":["GET"]}}],"collection":[{"href":"https:\/\/www2.comunitaria.com.br\/en\/wp-json\/wp\/v2\/posts"}],"about":[{"href":"https:\/\/www2.comunitaria.com.br\/en\/wp-json\/wp\/v2\/types\/post"}],"author":[{"embeddable":true,"href":"https:\/\/www2.comunitaria.com.br\/en\/wp-json\/wp\/v2\/users\/2"}],"replies":[{"embeddable":true,"href":"https:\/\/www2.comunitaria.com.br\/en\/wp-json\/wp\/v2\/comments?post=68051"}],"version-history":[{"count":0,"href":"https:\/\/www2.comunitaria.com.br\/en\/wp-json\/wp\/v2\/posts\/68051\/revisions"}],"wp:featuredmedia":[{"embeddable":true,"href":"https:\/\/www2.comunitaria.com.br\/en\/wp-json\/wp\/v2\/media\/67988"}],"wp:attachment":[{"href":"https:\/\/www2.comunitaria.com.br\/en\/wp-json\/wp\/v2\/media?parent=68051"}],"wp:term":[{"taxonomy":"category","embeddable":true,"href":"https:\/\/www2.comunitaria.com.br\/en\/wp-json\/wp\/v2\/categories?post=68051"},{"taxonomy":"post_tag","embeddable":true,"href":"https:\/\/www2.comunitaria.com.br\/en\/wp-json\/wp\/v2\/tags?post=68051"}],"curies":[{"name":"wp","href":"https:\/\/api.w.org\/{rel}","templated":true}]}}