{"id":68045,"date":"2025-01-06T09:43:45","date_gmt":"2025-01-06T11:43:45","guid":{"rendered":"https:\/\/www2.comunitaria.com.br\/?p=68045"},"modified":"2025-01-06T09:43:45","modified_gmt":"2025-01-06T11:43:45","slug":"mulher-e-presa-suspeita-de-envolvimento-no-caso-de-bolo-que-matou-tres-pessoas-em-torres-diz-policia","status":"publish","type":"post","link":"https:\/\/www2.comunitaria.com.br\/en\/mulher-e-presa-suspeita-de-envolvimento-no-caso-de-bolo-que-matou-tres-pessoas-em-torres-diz-policia\/","title":{"rendered":"Mulher \u00e9 presa suspeita de envolvimento no caso de bolo que matou tr\u00eas pessoas em Torres, diz pol\u00edcia"},"content":{"rendered":"<p>A nora da mulher que preparou o bolo que&nbsp;matou tr\u00eas pessoas em Torres, no litoral do Rio Grande do Sul, em dezembro, foi presa neste domingo (5) por suspeita de envolvimento no caso.<\/p>\n<div id=\"chunk-cm1q0\">\n<div class=\"mc-column content-text active-extra-styles \" data-block-type=\"unstyled\" data-block-weight=\"40\" data-block-id=\"5\">\n<p class=\" content-text__container \" data-track-category=\"Link no Texto\" data-track-links=\"\" data-mrf-recirculation=\"Mat\u00e9ria - Links no Texto\">Segundo a pol\u00edcia, a mulher teve pris\u00e3o tempor\u00e1ria decretada por&nbsp;<strong>triplo homic\u00eddio duplamente qualificado&nbsp;<\/strong>e&nbsp;<strong>tripla tentativa de homic\u00eddio duplamente qualificada<\/strong>. Ela foi conduzida para a Delegacia de Pol\u00edcia de&nbsp;Torres&nbsp;e est\u00e1 detida no Pres\u00eddio Estadual Feminino de Torres.<\/p>\n<\/div>\n<\/div>\n<div id=\"chunk-cv3gf\">\n<div class=\"mc-column content-text active-extra-styles \" data-block-type=\"unstyled\" data-block-weight=\"31\" data-block-id=\"6\">\n<p class=\" content-text__container \" data-track-category=\"Link no Texto\" data-track-links=\"\" data-mrf-recirculation=\"Mat\u00e9ria - Links no Texto\">Tr\u00eas pessoas morreram ap\u00f3s consumir o bolo: as irm\u00e3s&nbsp;Neuza Denize Silva dos Anjos&nbsp;e&nbsp;Maida Berenice Flores da Silva&nbsp;e a filha de Neuza,&nbsp;Tatiana Denize Silva dos Anjos.<\/p>\n<\/div>\n<\/div>\n<div id=\"chunk-asdv6\">\n<div class=\"mc-column content-text active-extra-styles \" data-block-type=\"unstyled\" data-block-weight=\"29\" data-block-id=\"9\">\n<p class=\" content-text__container \" data-track-category=\"Link no Texto\" data-track-links=\"\" data-mrf-recirculation=\"Mat\u00e9ria - Links no Texto\">A pol\u00edcia investiga&nbsp;a presen\u00e7a de ars\u00eanio&nbsp;no sangue das v\u00edtimas, constatada ap\u00f3s exames do hospital onde os sobreviventes est\u00e3o internados. A origem do contaminante ainda \u00e9 investigada.<\/p>\n<\/div>\n<\/div>\n<div id=\"chunk-bg06k\">\n<div class=\"mc-column content-text active-extra-styles \" data-block-type=\"unstyled\" data-block-weight=\"38\" data-block-id=\"10\">\n<p class=\" content-text__container \" data-track-category=\"Link no Texto\" data-track-links=\"\" data-mrf-recirculation=\"Mat\u00e9ria - Links no Texto\">De acordo com o boletim m\u00e9dico, a mulher que preparou o bolo,&nbsp;<strong>Zeli dos Anjos<\/strong>, de 60 anos,&nbsp;<span class=\"highlight highlighted\">permanece na UTI em estado est\u00e1vel<\/span>. A crian\u00e7a de 10 anos que tamb\u00e9m comeu o bolo&nbsp;recebeu alta na sexta-feira.<\/p>\n<div id=\"chunk-dkuf3\">\n<div class=\"mc-column content-text active-extra-styles\" data-block-type=\"raw\" data-block-weight=\"2\" data-block-id=\"12\">\n<div class=\"content-intertitle\">\n<h2>Gosto estranho<\/h2>\n<\/div>\n<\/div>\n<\/div>\n<div id=\"chunk-5p6a4\">\n<div class=\"mc-column content-text active-extra-styles \" data-block-type=\"unstyled\" data-block-weight=\"47\" data-block-id=\"13\">\n<p class=\" content-text__container \" data-track-category=\"Link no Texto\" data-track-links=\"\" data-mrf-recirculation=\"Mat\u00e9ria - Links no Texto\">As pessoas que consumiram o bolo<strong>notaram um gosto estranho ao ingerir o doce<\/strong>,&nbsp;segundo o delegado do caso, Marcos Vin\u00edcius Veloso. O alimento, com sabor&nbsp;<span class=\"highlight highlighted\">apimentado&nbsp;<\/span>e&nbsp;<span class=\"highlight highlighted\">desagrad\u00e1vel,&nbsp;<\/span>foi percebido logo nos primeiros peda\u00e7os. Zeli chegou a interromper o consumo ao perceber as reclama\u00e7\u00f5es.<\/p>\n<\/div>\n<\/div>\n<div id=\"chunk-3cj0o\">\n<div class=\"mc-column content-text active-extra-styles\" data-block-type=\"raw\" data-block-weight=\"43\" data-block-id=\"15\">\n<blockquote class=\"content-blockquote theme-border-color-primary-before\"><p>&#8220;T\u00e3o logo o menino de 10 anos comeu e tamb\u00e9m reclamou do sabor, ela meio que colocou a m\u00e3o assim em cima do bolo, [e falou] &#8216;e agora ningu\u00e9m mais come&#8217;. E as pessoas come\u00e7aram a passar mal naquele momento&#8221;, diz o delegado.<\/p><\/blockquote>\n<p>O marido de Neuza, que n\u00e3o consumiu o bolo, n\u00e3o apresentou sintomas. E o marido de Maida comeu o bolo, foi hospitalizado, mas j\u00e1 teve alta. Os nomes deles n\u00e3o foram oficialmente divulgados.<\/p><\/div>\n<\/div>\n<\/div>\n<div data-block-type=\"raw\" data-block-weight=\"43\" data-block-id=\"15\">\n<div id=\"chunk-19ii2\">\n<div class=\"mc-column content-text active-extra-styles \" data-block-type=\"unstyled\" data-block-weight=\"37\" data-block-id=\"20\">\n<p class=\" content-text__container \" data-track-category=\"Link no Texto\" data-track-links=\"\" data-mrf-recirculation=\"Mat\u00e9ria - Links no Texto\">A Pol\u00edcia j\u00e1 ouviu cerca de 15 pessoas no inqu\u00e9rito que apura&nbsp;mortes de tr\u00eas mulheres da mesma fam\u00edlia ap\u00f3s comerem um bolo. Zeli dos Anjos deve ser ouvida pela pol\u00edcia, quando estiver em melhores condi\u00e7\u00f5es.<\/p>\n<\/div>\n<\/div>\n<div id=\"chunk-cj1gt\">\n<div class=\"mc-column content-text active-extra-styles \" data-block-type=\"unstyled\" data-block-weight=\"25\" data-block-id=\"21\">\n<p class=\" content-text__container \" data-track-category=\"Link no Texto\" data-track-links=\"\" data-mrf-recirculation=\"Mat\u00e9ria - Links no Texto\">No dia 27 de dezembro, policiais foram \u00e0s casas de familiares em&nbsp;Canoas,&nbsp;Arroio do Sal&nbsp;e Torres para coletar mais elementos para a investiga\u00e7\u00e3o.<\/p>\n<\/div>\n<\/div>\n<div id=\"chunk-289vv\">\n<div class=\"mc-column content-text active-extra-styles \" data-block-type=\"unstyled\" data-block-weight=\"21\" data-block-id=\"22\">\n<p class=\" content-text__container \" data-track-category=\"Link no Texto\" data-track-links=\"\" data-mrf-recirculation=\"Mat\u00e9ria - Links no Texto\">Conforme a pol\u00edcia, a fam\u00edlia tinha boa rela\u00e7\u00e3o e at\u00e9 o momento&nbsp;<strong>n\u00e3o \u00e9 cogitado<\/strong>&nbsp;que haveria&nbsp;<strong>disputa por eventual heran\u00e7a.<\/strong><\/p>\n<\/div>\n<\/div>\n<div id=\"chunk-ecoqg\">\n<div class=\"mc-column content-text active-extra-styles \" data-block-type=\"unstyled\" data-block-weight=\"28\" data-block-id=\"23\">\n<p class=\" content-text__container \" data-track-category=\"Link no Texto\" data-track-links=\"\" data-mrf-recirculation=\"Mat\u00e9ria - Links no Texto\">Os laudos periciais no bolo, que t\u00eam previs\u00e3o de ficarem prontos na pr\u00f3xima semana, poder\u00e3o apontar se houve contamina\u00e7\u00e3o cruzada de alimentos e o que havia no bolo.<\/p>\n<div id=\"chunk-911n9\">\n<div class=\"mc-column content-text active-extra-styles \" data-block-type=\"unstyled\" data-block-weight=\"42\" data-block-id=\"27\">\n<p class=\" content-text__container \" data-track-category=\"Link no Texto\" data-track-links=\"\" data-mrf-recirculation=\"Mat\u00e9ria - Links no Texto\">Os resultados das primeiras an\u00e1lises laboratoriais, coletadas pelo Hospital Nossa Senhora dos Navegantes, indicaram presen\u00e7a de&nbsp;<strong>ars\u00eanio no sangue&nbsp;<\/strong>de&nbsp;uma das v\u00edtimas e<strong>&nbsp;<\/strong>dos dois sobreviventes que comeram o bolo.&nbsp;A subst\u00e2ncia \u00e9 extremamente t\u00f3xica e pode levar \u00e0 morte.<\/p>\n<\/div>\n<\/div>\n<div id=\"chunk-ufo0\">\n<div class=\"mc-column content-text active-extra-styles \" data-block-type=\"unstyled\" data-block-weight=\"29\" data-block-id=\"28\">\n<p class=\" content-text__container \" data-track-category=\"Link no Texto\" data-track-links=\"\" data-mrf-recirculation=\"Mat\u00e9ria - Links no Texto\">Foram analisados o sangue da&nbsp;<strong>mulher que preparou o bolo<\/strong>, do&nbsp;<strong>sobrinho-neto dela<\/strong>&nbsp;\u2013 uma crian\u00e7a de 10 anos \u2013 e de&nbsp;Neuza Denize Silva dos Anjos, que morreu.<\/p>\n<\/div>\n<\/div>\n<div id=\"chunk-1f0um\">\n<div class=\"mc-column content-text active-extra-styles \" data-block-type=\"unstyled\" data-block-weight=\"41\" data-block-id=\"29\">\n<p class=\" content-text__container \" data-track-category=\"Link no Texto\" data-track-links=\"\" data-mrf-recirculation=\"Mat\u00e9ria - Links no Texto\">&#8220;O pr\u00f3prio hospital levou o material para o Centro de Informa\u00e7\u00e3o Toxicol\u00f3gica. Nesse centro, foi constatado ars\u00eanio no sangue de duas v\u00edtimas que sobreviveram, que est\u00e3o no hospital ainda, e de uma mulher que morreu, a dona Neuza&#8221;, explicou o delegado.<\/p>\n<p data-track-category=\"Link no Texto\" data-track-links=\"\" data-mrf-recirculation=\"Mat\u00e9ria - Links no Texto\"><em>Fonte: g1 RS<\/em><\/p>\n<p data-track-category=\"Link no Texto\" data-track-links=\"\" data-mrf-recirculation=\"Mat\u00e9ria - Links no Texto\"><em>Foto: Divulga\u00e7\u00e3o\/Pol\u00edcia Civil<a href=\"https:\/\/www2.comunitaria.com.br\/mulher-e-presa-suspeita-de-envolvimento-no-caso-de-bolo-que-matou-tres-pessoas-em-torres-diz-policia\/g1-2024-12-24t103325-180-1\/\" rel=\"attachment wp-att-68046\"><img loading=\"lazy\" decoding=\"async\" class=\"aligncenter size-full wp-image-68046\" src=\"http:\/\/www2.comunitaria.com.br\/wp-content\/uploads\/2025\/01\/g1-2024-12-24t103325.180-1.avif\" alt=\"\" width=\"640\" height=\"360\"><\/a><\/em><\/p>\n<\/div>\n<\/div>\n<\/div>\n<\/div>\n<\/div>\n<\/div>\n","protected":false},"excerpt":{"rendered":"<p>A nora da mulher que preparou o bolo que&nbsp;matou tr\u00eas pessoas em Torres, no litoral do Rio Grande do Sul, em dezembro, foi presa neste domingo (5) por suspeita de&#8230;<\/p>","protected":false},"author":2,"featured_media":68046,"comment_status":"closed","ping_status":"closed","sticky":false,"template":"","format":"standard","meta":{"ngg_post_thumbnail":0,"footnotes":""},"categories":[46,28,33],"tags":[6807],"class_list":["post-68045","post","type-post","status-publish","format-standard","has-post-thumbnail","hentry","category-estado","category-destaque","category-noticias","tag-torres"],"amp_enabled":true,"_links":{"self":[{"href":"https:\/\/www2.comunitaria.com.br\/en\/wp-json\/wp\/v2\/posts\/68045","targetHints":{"allow":["GET"]}}],"collection":[{"href":"https:\/\/www2.comunitaria.com.br\/en\/wp-json\/wp\/v2\/posts"}],"about":[{"href":"https:\/\/www2.comunitaria.com.br\/en\/wp-json\/wp\/v2\/types\/post"}],"author":[{"embeddable":true,"href":"https:\/\/www2.comunitaria.com.br\/en\/wp-json\/wp\/v2\/users\/2"}],"replies":[{"embeddable":true,"href":"https:\/\/www2.comunitaria.com.br\/en\/wp-json\/wp\/v2\/comments?post=68045"}],"version-history":[{"count":0,"href":"https:\/\/www2.comunitaria.com.br\/en\/wp-json\/wp\/v2\/posts\/68045\/revisions"}],"wp:featuredmedia":[{"embeddable":true,"href":"https:\/\/www2.comunitaria.com.br\/en\/wp-json\/wp\/v2\/media\/68046"}],"wp:attachment":[{"href":"https:\/\/www2.comunitaria.com.br\/en\/wp-json\/wp\/v2\/media?parent=68045"}],"wp:term":[{"taxonomy":"category","embeddable":true,"href":"https:\/\/www2.comunitaria.com.br\/en\/wp-json\/wp\/v2\/categories?post=68045"},{"taxonomy":"post_tag","embeddable":true,"href":"https:\/\/www2.comunitaria.com.br\/en\/wp-json\/wp\/v2\/tags?post=68045"}],"curies":[{"name":"wp","href":"https:\/\/api.w.org\/{rel}","templated":true}]}}