{"id":68041,"date":"2025-01-03T17:22:39","date_gmt":"2025-01-03T19:22:39","guid":{"rendered":"https:\/\/www2.comunitaria.com.br\/?p=68041"},"modified":"2025-01-03T17:22:40","modified_gmt":"2025-01-03T19:22:40","slug":"mulher-e-presa-apos-sequestrar-bebe-de-8-meses-em-pelotas-diz-policia","status":"publish","type":"post","link":"https:\/\/www2.comunitaria.com.br\/en\/mulher-e-presa-apos-sequestrar-bebe-de-8-meses-em-pelotas-diz-policia\/","title":{"rendered":"Mulher \u00e9 presa ap\u00f3s sequestrar beb\u00ea de 8 meses em Pelotas, diz pol\u00edcia"},"content":{"rendered":"<p style=\"text-align: justify;\">A Pol\u00edcia Rodovi\u00e1ria Federal (PRF)&nbsp;<span class=\"highlight highlighted\">prendeu em flagrante uma mulher de 42 anos suspeita de sequestrar um beb\u00ea de 8 meses<\/span>&nbsp;em&nbsp;Pelotas, na Regi\u00e3o Sul do Rio Grande do Sul. Conforme a PRF, o crime aconteceu na manh\u00e3 de quinta-feira (2) e a pris\u00e3o ocorreu horas depois, durante a noite do mesmo dia.<\/p>\n<div id=\"chunk-biv72\" style=\"text-align: justify;\">\n<div class=\"mc-column content-text active-extra-styles\" data-block-type=\"unstyled\" data-block-weight=\"38\" data-block-id=\"5\">\n<p class=\"content-text__container\" data-track-category=\"Link no Texto\" data-track-links=\"\" data-mrf-recirculation=\"Mat\u00e9ria - Links no Texto\">Ainda de acordo com a PRF,&nbsp;<span class=\"highlight highlighted\">a suspeita \u00e9 conhecida da fam\u00edlia do menino e estava hospedada na casa dos pais<\/span>. Eles perceberam que&nbsp;<strong>a mulher havia desaparecido e o beb\u00ea tamb\u00e9m<\/strong>, raz\u00e3o pela qual procuraram a pol\u00edcia.<\/p>\n<\/div>\n<\/div>\n<div id=\"chunk-7osqg\" style=\"text-align: justify;\">\n<div class=\"mc-column content-text active-extra-styles\" data-block-type=\"unstyled\" data-block-weight=\"44\" data-block-id=\"7\">\n<p class=\"content-text__container\" data-track-category=\"Link no Texto\" data-track-links=\"\" data-mrf-recirculation=\"Mat\u00e9ria - Links no Texto\">A PRF foi notificada do caso e come\u00e7ou a monitorar as rodovias federais.&nbsp;<span class=\"highlight highlighted\">A suspeita foi localizada na BR-116 empurrando uma bicicleta a uma dist\u00e2ncia de 60 km da casa da crian\u00e7a<\/span>.&nbsp;<strong>O menino estava junto ao corpo dela e apresentava sinais de desidrata\u00e7\u00e3o<\/strong>.<\/p>\n<\/div>\n<\/div>\n<div id=\"chunk-70oqc\" style=\"text-align: justify;\">\n<div class=\"mc-column content-text active-extra-styles\" data-block-type=\"unstyled\" data-block-weight=\"26\" data-block-id=\"8\">\n<p class=\"content-text__container\" data-track-category=\"Link no Texto\" data-track-links=\"\" data-mrf-recirculation=\"Mat\u00e9ria - Links no Texto\">Ao ser interrogada, a mulher disse que o beb\u00ea era de uma amiga e que estaria indo com ele para a Regi\u00e3o Metropolitana de Porto Alegre.<\/p>\n<\/div>\n<\/div>\n<div id=\"chunk-8brik\">\n<div class=\"row medium-uncollapsed content-media content-photo\" data-block-type=\"backstage-photo\" data-block-id=\"9\">\n<div class=\"mc-column  content-media__container\">\n<div class=\"content-media-container glb-skeleton-box\">\n<div id=\"chunk-cmvpp\" style=\"text-align: justify;\">\n<div class=\"mc-column content-text active-extra-styles\" data-block-type=\"unstyled\" data-block-weight=\"31\" data-block-id=\"10\">\n<p class=\"content-text__container\" data-track-category=\"Link no Texto\" data-track-links=\"\" data-mrf-recirculation=\"Mat\u00e9ria - Links no Texto\"><span class=\"highlight highlighted\">Ela recebeu voz de pris\u00e3o e o beb\u00ea foi resgatado<\/span>. Ele recebeu atendimento m\u00e9dico de uma equipe da empresa respons\u00e1vel pela gest\u00e3o da rodovia e, ent\u00e3o, foi encaminhado a um pronto-socorro.<\/p>\n<\/div>\n<\/div>\n<div id=\"chunk-d46ms\">\n<div class=\"mc-column content-text active-extra-styles\" data-block-type=\"unstyled\" data-block-weight=\"24\" data-block-id=\"12\">\n<p class=\"content-text__container\" style=\"text-align: justify;\" data-track-category=\"Link no Texto\" data-track-links=\"\" data-mrf-recirculation=\"Mat\u00e9ria - Links no Texto\">A mulher foi levada para uma delegacia de pol\u00edcia e, ent\u00e3o, para uma casa prisional. Deve responder por&nbsp;<strong>sequestro de menor<\/strong>&nbsp;e&nbsp;<strong>c\u00e1rcere privado<\/strong>.<\/p>\n<p style=\"text-align: justify;\" data-track-category=\"Link no Texto\" data-track-links=\"\" data-mrf-recirculation=\"Mat\u00e9ria - Links no Texto\"><em>Fonte: g1 RS<\/em><\/p>\n<p style=\"text-align: justify;\" data-track-category=\"Link no Texto\" data-track-links=\"\" data-mrf-recirculation=\"Mat\u00e9ria - Links no Texto\"><em>Foto: Pol\u00edcia Rodovi\u00e1ria Federal\/Divulga\u00e7\u00e3o<a href=\"https:\/\/www2.comunitaria.com.br\/en\/mulher-e-presa-apos-sequestrar-bebe-de-8-meses-em-pelotas-diz-policia\/resgatebebe\/\" rel=\"attachment wp-att-68042\"><img loading=\"lazy\" decoding=\"async\" class=\"aligncenter size-full wp-image-68042\" src=\"http:\/\/www2.comunitaria.com.br\/wp-content\/uploads\/2025\/01\/resgatebebe.avif\" alt=\"\" width=\"640\" height=\"360\"><\/a><\/em><\/p>\n<\/div>\n<\/div>\n<\/div>\n<\/div>\n<\/div>\n<\/div>","protected":false},"excerpt":{"rendered":"<p>A Pol\u00edcia Rodovi\u00e1ria Federal (PRF)&nbsp;prendeu em flagrante uma mulher de 42 anos suspeita de sequestrar um beb\u00ea de 8 meses&nbsp;em&nbsp;Pelotas, na Regi\u00e3o Sul do Rio Grande do Sul. Conforme a&#8230;<\/p>","protected":false},"author":2,"featured_media":68042,"comment_status":"closed","ping_status":"closed","sticky":false,"template":"","format":"standard","meta":{"ngg_post_thumbnail":0,"footnotes":""},"categories":[46,28,33],"tags":[3012,1192],"class_list":["post-68041","post","type-post","status-publish","format-standard","has-post-thumbnail","hentry","category-estado","category-destaque","category-noticias","tag-pelotas","tag-rio-grande-do-sul"],"amp_enabled":true,"_links":{"self":[{"href":"https:\/\/www2.comunitaria.com.br\/en\/wp-json\/wp\/v2\/posts\/68041","targetHints":{"allow":["GET"]}}],"collection":[{"href":"https:\/\/www2.comunitaria.com.br\/en\/wp-json\/wp\/v2\/posts"}],"about":[{"href":"https:\/\/www2.comunitaria.com.br\/en\/wp-json\/wp\/v2\/types\/post"}],"author":[{"embeddable":true,"href":"https:\/\/www2.comunitaria.com.br\/en\/wp-json\/wp\/v2\/users\/2"}],"replies":[{"embeddable":true,"href":"https:\/\/www2.comunitaria.com.br\/en\/wp-json\/wp\/v2\/comments?post=68041"}],"version-history":[{"count":0,"href":"https:\/\/www2.comunitaria.com.br\/en\/wp-json\/wp\/v2\/posts\/68041\/revisions"}],"wp:featuredmedia":[{"embeddable":true,"href":"https:\/\/www2.comunitaria.com.br\/en\/wp-json\/wp\/v2\/media\/68042"}],"wp:attachment":[{"href":"https:\/\/www2.comunitaria.com.br\/en\/wp-json\/wp\/v2\/media?parent=68041"}],"wp:term":[{"taxonomy":"category","embeddable":true,"href":"https:\/\/www2.comunitaria.com.br\/en\/wp-json\/wp\/v2\/categories?post=68041"},{"taxonomy":"post_tag","embeddable":true,"href":"https:\/\/www2.comunitaria.com.br\/en\/wp-json\/wp\/v2\/tags?post=68041"}],"curies":[{"name":"wp","href":"https:\/\/api.w.org\/{rel}","templated":true}]}}