{"id":67980,"date":"2025-01-02T17:08:31","date_gmt":"2025-01-02T19:08:31","guid":{"rendered":"https:\/\/www2.comunitaria.com.br\/?p=67980"},"modified":"2025-01-02T17:08:31","modified_gmt":"2025-01-02T19:08:31","slug":"cinco-pessoas-morrem-apos-acidente-em-sao-miguel-das-missoes","status":"publish","type":"post","link":"https:\/\/www2.comunitaria.com.br\/en\/cinco-pessoas-morrem-apos-acidente-em-sao-miguel-das-missoes\/","title":{"rendered":"Cinco pessoas morrem ap\u00f3s acidente em S\u00e3o Miguel das Miss\u00f5es"},"content":{"rendered":"<div id=\"chunk-7uq1c\">\n<div class=\"mc-column content-text active-extra-styles\" data-block-type=\"unstyled\" data-block-weight=\"37\" data-block-id=\"3\">\n<p class=\"content-text__container\" data-track-category=\"Link no Texto\" data-track-links=\"\" data-mrf-recirculation=\"Mat\u00e9ria - Links no Texto\">Uma colis\u00e3o frontal deixou<strong>&nbsp;5 mortos&nbsp;<\/strong>na noite de ter\u00e7a-feira (31), poucas horas antes da virada do ano, na RS-536, em&nbsp;S\u00e3o Miguel das Miss\u00f5es, no Noroeste do RS, segundo o Comando Rodovi\u00e1rio da Brigada Militar (CRBM).<\/p>\n<\/div>\n<\/div>\n<div class=\"wall protected-content\">\n<div id=\"chunk-6gs73\">\n<div class=\"mc-column content-text active-extra-styles\" data-block-type=\"unstyled\" data-block-weight=\"45\" data-block-id=\"5\">\n<p class=\"content-text__container\" data-track-category=\"Link no Texto\" data-track-links=\"\" data-mrf-recirculation=\"Mat\u00e9ria - Links no Texto\">Tr\u00eas ve\u00edculos se envolveram no acidente. Um carro Omega trafegava no sentido cidade\u2013rodovia, quando teria invadido a pista contr\u00e1ria e atingido um Citr\u00f6en C3 Aircross. Um Ford Focus, que vinha atr\u00e1s do Citr\u00f6en, conseguiu frear, mas mesmo assim foi atingido por destro\u00e7os dos carros.<\/p>\n<\/div>\n<\/div>\n<div id=\"chunk-88asd\">\n<div class=\"mc-column content-text active-extra-styles\" data-block-type=\"unstyled\" data-block-weight=\"43\" data-block-id=\"6\">\n<p class=\"content-text__container\" data-track-category=\"Link no Texto\" data-track-links=\"\" data-mrf-recirculation=\"Mat\u00e9ria - Links no Texto\">Os dois ocupantes do Omega, um homem e uma mulher, morreram. J\u00e1 no Citr\u00f6en, um homem de 65 anos, uma mulher de 67 e uma crian\u00e7a de 3 anos faleceram. Ainda havia outras pessoas no ve\u00edculo, que foram encaminhadas para o hospital.<\/p>\n<\/div>\n<\/div>\n<div id=\"chunk-1436q\">\n<div class=\"mc-column content-text active-extra-styles\" data-block-type=\"unstyled\" data-block-weight=\"18\" data-block-id=\"8\">\n<p class=\"content-text__container\" data-track-category=\"Link no Texto\" data-track-links=\"\" data-mrf-recirculation=\"Mat\u00e9ria - Links no Texto\">Os ocupantes do Ford Focus n\u00e3o sofreram ferimentos. Os nomes dos envolvidos n\u00e3o foram divulgados pelo CRBM.<\/p>\n<p data-track-category=\"Link no Texto\" data-track-links=\"\" data-mrf-recirculation=\"Mat\u00e9ria - Links no Texto\"><em>Fonte: g1 RS<\/em><\/p>\n<p data-track-category=\"Link no Texto\" data-track-links=\"\" data-mrf-recirculation=\"Mat\u00e9ria - Links no Texto\"><em>Foto: Divulga\u00e7\u00e3o\/CRBM<a href=\"https:\/\/www2.comunitaria.com.br\/en\/cinco-pessoas-morrem-apos-acidente-em-sao-miguel-das-missoes\/sao-miguel-das-missoes\/\" rel=\"attachment wp-att-67981\"><img loading=\"lazy\" decoding=\"async\" class=\"aligncenter size-full wp-image-67981\" src=\"http:\/\/www2.comunitaria.com.br\/wp-content\/uploads\/2025\/01\/sao-miguel-das-missoes.avif\" alt=\"\" width=\"640\" height=\"426\"><\/a><\/em><\/p>\n<\/div>\n<\/div>\n<\/div>","protected":false},"excerpt":{"rendered":"<p>Uma colis\u00e3o frontal deixou&nbsp;5 mortos&nbsp;na noite de ter\u00e7a-feira (31), poucas horas antes da virada do ano, na RS-536, em&nbsp;S\u00e3o Miguel das Miss\u00f5es, no Noroeste do RS, segundo o Comando Rodovi\u00e1rio&#8230;<\/p>","protected":false},"author":2,"featured_media":67981,"comment_status":"closed","ping_status":"closed","sticky":false,"template":"","format":"standard","meta":{"ngg_post_thumbnail":0,"footnotes":""},"categories":[28,33,43],"tags":[7140],"class_list":["post-67980","post","type-post","status-publish","format-standard","has-post-thumbnail","hentry","category-destaque","category-noticias","category-regiao","tag-sao-miguel-das-missoes"],"amp_enabled":true,"_links":{"self":[{"href":"https:\/\/www2.comunitaria.com.br\/en\/wp-json\/wp\/v2\/posts\/67980","targetHints":{"allow":["GET"]}}],"collection":[{"href":"https:\/\/www2.comunitaria.com.br\/en\/wp-json\/wp\/v2\/posts"}],"about":[{"href":"https:\/\/www2.comunitaria.com.br\/en\/wp-json\/wp\/v2\/types\/post"}],"author":[{"embeddable":true,"href":"https:\/\/www2.comunitaria.com.br\/en\/wp-json\/wp\/v2\/users\/2"}],"replies":[{"embeddable":true,"href":"https:\/\/www2.comunitaria.com.br\/en\/wp-json\/wp\/v2\/comments?post=67980"}],"version-history":[{"count":0,"href":"https:\/\/www2.comunitaria.com.br\/en\/wp-json\/wp\/v2\/posts\/67980\/revisions"}],"wp:featuredmedia":[{"embeddable":true,"href":"https:\/\/www2.comunitaria.com.br\/en\/wp-json\/wp\/v2\/media\/67981"}],"wp:attachment":[{"href":"https:\/\/www2.comunitaria.com.br\/en\/wp-json\/wp\/v2\/media?parent=67980"}],"wp:term":[{"taxonomy":"category","embeddable":true,"href":"https:\/\/www2.comunitaria.com.br\/en\/wp-json\/wp\/v2\/categories?post=67980"},{"taxonomy":"post_tag","embeddable":true,"href":"https:\/\/www2.comunitaria.com.br\/en\/wp-json\/wp\/v2\/tags?post=67980"}],"curies":[{"name":"wp","href":"https:\/\/api.w.org\/{rel}","templated":true}]}}