{"id":67957,"date":"2024-12-30T17:55:17","date_gmt":"2024-12-30T19:55:17","guid":{"rendered":"https:\/\/www2.comunitaria.com.br\/?p=67957"},"modified":"2024-12-30T17:55:18","modified_gmt":"2024-12-30T19:55:18","slug":"sicredi-destina-cerca-de-r-38-milhoes-a-entidades-por-meio-da-acao-juntos-fazemos-o-bem","status":"publish","type":"post","link":"https:\/\/www2.comunitaria.com.br\/en\/sicredi-destina-cerca-de-r-38-milhoes-a-entidades-por-meio-da-acao-juntos-fazemos-o-bem\/","title":{"rendered":"Sicredi destina cerca de R$ 3,8 milh\u00f5es a entidades por meio da a\u00e7\u00e3o Juntos Fazemos o Bem"},"content":{"rendered":"<p style=\"text-align: justify;\"><span style=\"font-weight: 400;\">Com o olhar atento aos associados e ao desenvolvimento da comunidade local, a Sicredi Conex\u00e3o promove h\u00e1 cerca de cinco anos a a\u00e7\u00e3o solid\u00e1ria \u201cJuntos Fazemos o Bem\u201d. Neste m\u00eas de dezembro, a Cooperativa realizou a segunda entrega do ano, beneficiando aproximadamente 200 entidades nos munic\u00edpios em que atua no Rio Grande do Sul, Santa Catarina e nas regi\u00f5es Sul e Zona da Mata de Minas Gerais. Desde o in\u00edcio da iniciativa, mais de R$ 3,8 milh\u00f5es foram doados \u00e0s institui\u00e7\u00f5es sociais.<\/span><\/p>\n<p style=\"text-align: justify;\"><span style=\"font-weight: 400;\">Ao realizar uma aplica\u00e7\u00e3o financeira em produtos como Sicredinvest, Sicredinvest Evolutivo, Sicredinvest Exclusivo, RDC pr\u00e9-fixado, Poupan\u00e7a, LCI ou LCA, o associado pode indicar uma entidade para receber uma doa\u00e7\u00e3o proporcional ao valor investido, sem qualquer custo adicional ou \u00f4nus para quem investe. O percentual de doa\u00e7\u00e3o varia de 0,10% a 0,20%, dependendo do produto e do prazo de car\u00eancia para resgate.<\/span><\/p>\n<p style=\"text-align: justify;\"><span style=\"font-weight: 400;\">Para Andr\u00e9 Zanon, diretor de Neg\u00f3cios da Sicredi Conex\u00e3o, o impacto da a\u00e7\u00e3o \u00e9 significativo. \u201cCom a &#8216;Juntos Fazemos o Bem&#8217;, traduzimos o verdadeiro significado do cooperativismo. Contribu\u00edmos para a manuten\u00e7\u00e3o de institui\u00e7\u00f5es sociais nas comunidades onde estamos presentes, criando uma verdadeira rede de solidariedade. Esse formato, em que o associado indica a entidade e a cooperativa realiza o aporte, sem \u00f4nus ao investidor, \u00e9 uma forma concreta de melhorar a qualidade de vida das pessoas e agregar renda \u00e0s comunidades. \u00c9 isso que nos motiva\u201d, destacou Zanon.<\/span><\/p>\n<p><a href=\"https:\/\/www2.comunitaria.com.br\/en\/sicredi-destina-cerca-de-r-38-milhoes-a-entidades-por-meio-da-acao-juntos-fazemos-o-bem\/12-12-2024-seberi-juntos-fazemos-o-bem-3\/\" rel=\"attachment wp-att-67958\"><img loading=\"lazy\" decoding=\"async\" class=\"aligncenter size-full wp-image-67958\" src=\"http:\/\/www2.comunitaria.com.br\/wp-content\/uploads\/2024\/12\/12.12.2024-Seberi-Juntos-Fazemos-o-Bem-3.jpg\" alt=\"\" width=\"1282\" height=\"900\" srcset=\"https:\/\/www2.comunitaria.com.br\/wp-content\/uploads\/2024\/12\/12.12.2024-Seberi-Juntos-Fazemos-o-Bem-3.jpg 1282w, https:\/\/www2.comunitaria.com.br\/wp-content\/uploads\/2024\/12\/12.12.2024-Seberi-Juntos-Fazemos-o-Bem-3-300x211.jpg 300w, https:\/\/www2.comunitaria.com.br\/wp-content\/uploads\/2024\/12\/12.12.2024-Seberi-Juntos-Fazemos-o-Bem-3-1024x719.jpg 1024w, https:\/\/www2.comunitaria.com.br\/wp-content\/uploads\/2024\/12\/12.12.2024-Seberi-Juntos-Fazemos-o-Bem-3-768x539.jpg 768w, https:\/\/www2.comunitaria.com.br\/wp-content\/uploads\/2024\/12\/12.12.2024-Seberi-Juntos-Fazemos-o-Bem-3-1200x842.jpg 1200w\" sizes=\"auto, (max-width: 1282px) 100vw, 1282px\" \/><\/a> <a href=\"https:\/\/www2.comunitaria.com.br\/en\/sicredi-destina-cerca-de-r-38-milhoes-a-entidades-por-meio-da-acao-juntos-fazemos-o-bem\/16-12-2024-ametista-do-sul-juntos-fazemos-o-bem-1\/\" rel=\"attachment wp-att-67959\"><img loading=\"lazy\" decoding=\"async\" class=\"aligncenter size-full wp-image-67959\" src=\"http:\/\/www2.comunitaria.com.br\/wp-content\/uploads\/2024\/12\/16.12.2024-Ametista-do-Sul-Juntos-Fazemos-o-bem-1.jpg\" alt=\"\" width=\"1280\" height=\"960\" srcset=\"https:\/\/www2.comunitaria.com.br\/wp-content\/uploads\/2024\/12\/16.12.2024-Ametista-do-Sul-Juntos-Fazemos-o-bem-1.jpg 1280w, https:\/\/www2.comunitaria.com.br\/wp-content\/uploads\/2024\/12\/16.12.2024-Ametista-do-Sul-Juntos-Fazemos-o-bem-1-300x225.jpg 300w, https:\/\/www2.comunitaria.com.br\/wp-content\/uploads\/2024\/12\/16.12.2024-Ametista-do-Sul-Juntos-Fazemos-o-bem-1-1024x768.jpg 1024w, https:\/\/www2.comunitaria.com.br\/wp-content\/uploads\/2024\/12\/16.12.2024-Ametista-do-Sul-Juntos-Fazemos-o-bem-1-768x576.jpg 768w, https:\/\/www2.comunitaria.com.br\/wp-content\/uploads\/2024\/12\/16.12.2024-Ametista-do-Sul-Juntos-Fazemos-o-bem-1-1200x900.jpg 1200w\" sizes=\"auto, (max-width: 1280px) 100vw, 1280px\" \/><\/a> <a href=\"https:\/\/www2.comunitaria.com.br\/en\/sicredi-destina-cerca-de-r-38-milhoes-a-entidades-por-meio-da-acao-juntos-fazemos-o-bem\/16-12-2024-novo-tiradentes-juntos-fazemos-o-bem-4\/\" rel=\"attachment wp-att-67960\"><img loading=\"lazy\" decoding=\"async\" class=\"aligncenter size-full wp-image-67960\" src=\"http:\/\/www2.comunitaria.com.br\/wp-content\/uploads\/2024\/12\/16.12.2024-Novo-Tiradentes-Juntos-Fazemos-o-Bem-4.jpg\" alt=\"\" width=\"1196\" height=\"792\" srcset=\"https:\/\/www2.comunitaria.com.br\/wp-content\/uploads\/2024\/12\/16.12.2024-Novo-Tiradentes-Juntos-Fazemos-o-Bem-4.jpg 1196w, https:\/\/www2.comunitaria.com.br\/wp-content\/uploads\/2024\/12\/16.12.2024-Novo-Tiradentes-Juntos-Fazemos-o-Bem-4-300x199.jpg 300w, https:\/\/www2.comunitaria.com.br\/wp-content\/uploads\/2024\/12\/16.12.2024-Novo-Tiradentes-Juntos-Fazemos-o-Bem-4-1024x678.jpg 1024w, https:\/\/www2.comunitaria.com.br\/wp-content\/uploads\/2024\/12\/16.12.2024-Novo-Tiradentes-Juntos-Fazemos-o-Bem-4-768x509.jpg 768w\" sizes=\"auto, (max-width: 1196px) 100vw, 1196px\" \/><\/a> <a href=\"https:\/\/www2.comunitaria.com.br\/en\/sicredi-destina-cerca-de-r-38-milhoes-a-entidades-por-meio-da-acao-juntos-fazemos-o-bem\/16-12-2024-planalto-juntos-fazemos-o-bem-2\/\" rel=\"attachment wp-att-67961\"><img loading=\"lazy\" decoding=\"async\" class=\"aligncenter size-full wp-image-67961\" src=\"http:\/\/www2.comunitaria.com.br\/wp-content\/uploads\/2024\/12\/16.12.2024-Planalto-Juntos-Fazemos-o-Bem-2.jpg\" alt=\"\" width=\"1276\" height=\"1600\" srcset=\"https:\/\/www2.comunitaria.com.br\/wp-content\/uploads\/2024\/12\/16.12.2024-Planalto-Juntos-Fazemos-o-Bem-2.jpg 1276w, https:\/\/www2.comunitaria.com.br\/wp-content\/uploads\/2024\/12\/16.12.2024-Planalto-Juntos-Fazemos-o-Bem-2-239x300.jpg 239w, https:\/\/www2.comunitaria.com.br\/wp-content\/uploads\/2024\/12\/16.12.2024-Planalto-Juntos-Fazemos-o-Bem-2-817x1024.jpg 817w, https:\/\/www2.comunitaria.com.br\/wp-content\/uploads\/2024\/12\/16.12.2024-Planalto-Juntos-Fazemos-o-Bem-2-768x963.jpg 768w, https:\/\/www2.comunitaria.com.br\/wp-content\/uploads\/2024\/12\/16.12.2024-Planalto-Juntos-Fazemos-o-Bem-2-1225x1536.jpg 1225w, https:\/\/www2.comunitaria.com.br\/wp-content\/uploads\/2024\/12\/16.12.2024-Planalto-Juntos-Fazemos-o-Bem-2-957x1200.jpg 957w, https:\/\/www2.comunitaria.com.br\/wp-content\/uploads\/2024\/12\/16.12.2024-Planalto-Juntos-Fazemos-o-Bem-2-1024x1284.jpg 1024w\" sizes=\"auto, (max-width: 1276px) 100vw, 1276px\" \/><\/a> <a href=\"https:\/\/www2.comunitaria.com.br\/en\/sicredi-destina-cerca-de-r-38-milhoes-a-entidades-por-meio-da-acao-juntos-fazemos-o-bem\/20-12-2024-frederico-westphalen-juntos-fazemos-o-bem-14\/\" rel=\"attachment wp-att-67962\"><img loading=\"lazy\" decoding=\"async\" class=\"aligncenter size-full wp-image-67962\" src=\"http:\/\/www2.comunitaria.com.br\/wp-content\/uploads\/2024\/12\/20.12.2024-Frederico-Westphalen-Juntos-Fazemos-o-Bem-14.jpg\" alt=\"\" width=\"1680\" height=\"1113\" srcset=\"https:\/\/www2.comunitaria.com.br\/wp-content\/uploads\/2024\/12\/20.12.2024-Frederico-Westphalen-Juntos-Fazemos-o-Bem-14.jpg 1680w, https:\/\/www2.comunitaria.com.br\/wp-content\/uploads\/2024\/12\/20.12.2024-Frederico-Westphalen-Juntos-Fazemos-o-Bem-14-300x199.jpg 300w, https:\/\/www2.comunitaria.com.br\/wp-content\/uploads\/2024\/12\/20.12.2024-Frederico-Westphalen-Juntos-Fazemos-o-Bem-14-1024x678.jpg 1024w, https:\/\/www2.comunitaria.com.br\/wp-content\/uploads\/2024\/12\/20.12.2024-Frederico-Westphalen-Juntos-Fazemos-o-Bem-14-768x509.jpg 768w, https:\/\/www2.comunitaria.com.br\/wp-content\/uploads\/2024\/12\/20.12.2024-Frederico-Westphalen-Juntos-Fazemos-o-Bem-14-1536x1018.jpg 1536w, https:\/\/www2.comunitaria.com.br\/wp-content\/uploads\/2024\/12\/20.12.2024-Frederico-Westphalen-Juntos-Fazemos-o-Bem-14-1200x795.jpg 1200w\" sizes=\"auto, (max-width: 1680px) 100vw, 1680px\" \/><\/a><\/p>","protected":false},"excerpt":{"rendered":"<p>Com o olhar atento aos associados e ao desenvolvimento da comunidade local, a Sicredi Conex\u00e3o promove h\u00e1 cerca de cinco anos a a\u00e7\u00e3o solid\u00e1ria \u201cJuntos Fazemos o Bem\u201d. Neste m\u00eas&#8230;<\/p>","protected":false},"author":2,"featured_media":67960,"comment_status":"closed","ping_status":"closed","sticky":false,"template":"","format":"standard","meta":{"ngg_post_thumbnail":0,"footnotes":""},"categories":[33,6174],"tags":[7139,218],"class_list":["post-67957","post","type-post","status-publish","format-standard","has-post-thumbnail","hentry","category-noticias","category-sicredi","tag-juntos-fazemos-o-bem","tag-sicredi"],"amp_enabled":true,"_links":{"self":[{"href":"https:\/\/www2.comunitaria.com.br\/en\/wp-json\/wp\/v2\/posts\/67957","targetHints":{"allow":["GET"]}}],"collection":[{"href":"https:\/\/www2.comunitaria.com.br\/en\/wp-json\/wp\/v2\/posts"}],"about":[{"href":"https:\/\/www2.comunitaria.com.br\/en\/wp-json\/wp\/v2\/types\/post"}],"author":[{"embeddable":true,"href":"https:\/\/www2.comunitaria.com.br\/en\/wp-json\/wp\/v2\/users\/2"}],"replies":[{"embeddable":true,"href":"https:\/\/www2.comunitaria.com.br\/en\/wp-json\/wp\/v2\/comments?post=67957"}],"version-history":[{"count":0,"href":"https:\/\/www2.comunitaria.com.br\/en\/wp-json\/wp\/v2\/posts\/67957\/revisions"}],"wp:featuredmedia":[{"embeddable":true,"href":"https:\/\/www2.comunitaria.com.br\/en\/wp-json\/wp\/v2\/media\/67960"}],"wp:attachment":[{"href":"https:\/\/www2.comunitaria.com.br\/en\/wp-json\/wp\/v2\/media?parent=67957"}],"wp:term":[{"taxonomy":"category","embeddable":true,"href":"https:\/\/www2.comunitaria.com.br\/en\/wp-json\/wp\/v2\/categories?post=67957"},{"taxonomy":"post_tag","embeddable":true,"href":"https:\/\/www2.comunitaria.com.br\/en\/wp-json\/wp\/v2\/tags?post=67957"}],"curies":[{"name":"wp","href":"https:\/\/api.w.org\/{rel}","templated":true}]}}