{"id":67920,"date":"2024-12-27T16:41:55","date_gmt":"2024-12-27T18:41:55","guid":{"rendered":"https:\/\/www2.comunitaria.com.br\/?p=67920"},"modified":"2024-12-27T16:41:56","modified_gmt":"2024-12-27T18:41:56","slug":"ipca-15-precos-sobem-034-em-dezembro-puxados-por-alimentacao-previa-da-inflacao-fecha-2024-acima-da-meta","status":"publish","type":"post","link":"https:\/\/www2.comunitaria.com.br\/en\/ipca-15-precos-sobem-034-em-dezembro-puxados-por-alimentacao-previa-da-inflacao-fecha-2024-acima-da-meta\/","title":{"rendered":"IPCA-15: pre\u00e7os sobem 0,34% em dezembro puxados por alimenta\u00e7\u00e3o; pr\u00e9via da infla\u00e7\u00e3o fecha 2024 acima da meta"},"content":{"rendered":"<div id=\"chunk-4uhip\">\n<div class=\"mc-column content-text active-extra-styles\" data-block-type=\"unstyled\" data-block-weight=\"42\" data-block-id=\"2\">\n<p class=\"content-text__container\" style=\"text-align: justify;\" data-track-category=\"Link no Texto\" data-track-links=\"\" data-mrf-recirculation=\"Mat\u00e9ria - Links no Texto\">O \u00cdndice Nacional de Pre\u00e7os ao Consumidor Amplo 15 (IPCA-15) \u2014 considerado a pr\u00e9via da infla\u00e7\u00e3o oficial do pa\u00eds \u2014&nbsp;<strong>registrou uma alta de 0,34% nos pre\u00e7os em dezembro<\/strong>, informou nesta sexta-feira (27) o Instituto Brasileiro de Geografia e Estat\u00edstica (IBGE).<\/p>\n<\/div>\n<\/div>\n<div class=\"wall protected-content\">\n<div id=\"chunk-241us\" style=\"text-align: justify;\">\n<div class=\"mc-column content-text active-extra-styles\" data-block-type=\"unstyled\" data-block-weight=\"49\" data-block-id=\"4\">\n<p class=\"content-text__container\" data-track-category=\"Link no Texto\" data-track-links=\"\" data-mrf-recirculation=\"Mat\u00e9ria - Links no Texto\">Com o resultado, o \u00edndice encerrou 2024 com uma alta acumulada de 4,71%, acima da meta de infla\u00e7\u00e3o do Banco Central do Brasil (BC). A meta \u00e9 de 3,0%, mas ser\u00e1 considerada formalmente cumprida se a infla\u00e7\u00e3o oficial fechar o ano entre o intervalo de 1,50% e 4,50%.<\/p>\n<\/div>\n<\/div>\n<div id=\"chunk-561c2\" style=\"text-align: justify;\">\n<div class=\"mc-column content-text active-extra-styles\" data-block-type=\"unstyled\" data-block-weight=\"37\" data-block-id=\"5\">\n<p class=\"content-text__container\" data-track-category=\"Link no Texto\" data-track-links=\"\" data-mrf-recirculation=\"Mat\u00e9ria - Links no Texto\">No entanto, o IPCA-15 de dezembro mostra uma desacelera\u00e7\u00e3o em rela\u00e7\u00e3o ao m\u00eas anterior,&nbsp;quando a alta foi de 0,62%. O n\u00famero tamb\u00e9m foi menor que o resultado de dezembro de 2023, quando teve alta e 0,40%.<\/p>\n<\/div>\n<\/div>\n<div id=\"chunk-b5eul\">\n<div class=\"mc-column content-text active-extra-styles\" data-block-type=\"unstyled\" data-block-weight=\"22\" data-block-id=\"7\">\n<p class=\"content-text__container\" style=\"text-align: justify;\" data-track-category=\"Link no Texto\" data-track-links=\"\" data-mrf-recirculation=\"Mat\u00e9ria - Links no Texto\">O resultado do m\u00eas veio abaixo das estimativas do mercado financeiro, que previa um avan\u00e7o de 0,45% para a pr\u00e9via da infla\u00e7\u00e3o.<\/p>\n<div id=\"chunk-1m12c\" style=\"text-align: justify;\">\n<div class=\"mc-column content-text active-extra-styles\" data-block-type=\"unstyled\" data-block-weight=\"41\" data-block-id=\"8\">\n<p class=\"content-text__container\" data-track-category=\"Link no Texto\" data-track-links=\"\" data-mrf-recirculation=\"Mat\u00e9ria - Links no Texto\">Em dezembro, o IPCA-15 subiu puxado principalmente pelo grupo de&nbsp;<strong>Alimenta\u00e7\u00e3o e Bebidas<\/strong>, que teve alta de&nbsp;<strong>1,47%<\/strong>&nbsp;e um&nbsp;<strong>impacto de 0,32 pontos percentuais (p.p.)<\/strong>&nbsp;sobre o \u00edndice. Os maiores pesos continuam vindo do \u00f3leo de soja e das carnes.<\/p>\n<\/div>\n<\/div>\n<div id=\"chunk-f3d6i\" style=\"text-align: justify;\">\n<div class=\"mc-column content-text active-extra-styles\" data-block-type=\"raw\" data-block-weight=\"8\" data-block-id=\"9\">\n<p class=\"content-text__container\" data-mrf-recirculation=\"Mat\u00e9ria - Links no Texto\">&nbsp;<\/p>\n<div class=\"content-intertitle\">\n<h2>Veja abaixo a varia\u00e7\u00e3o dos grupos em dezembro<\/h2>\n<\/div>\n<\/div>\n<\/div>\n<div id=\"chunk-epg5d\" style=\"text-align: justify;\">\n<div class=\"mc-column content-text active-extra-styles\" data-block-type=\"unstyled\" data-block-weight=\"11\" data-block-id=\"10\">\n<p class=\"content-text__container\" data-track-category=\"Link no Texto\" data-track-links=\"\" data-mrf-recirculation=\"Mat\u00e9ria - Links no Texto\">Em dezembro, cinco dos nove grupos pesquisados pelo IBGE apresentaram alta:<\/p>\n<\/div>\n<\/div>\n<div id=\"chunk-25hr2\">\n<div class=\"mc-column content-text active-extra-styles\" data-block-type=\"raw\" data-block-weight=\"26\" data-block-id=\"11\">\n<ul class=\"content-unordered-list\" style=\"text-align: justify;\">\n<li>Alimenta\u00e7\u00e3o e bebidas: 1,47%;<\/li>\n<li>Habita\u00e7\u00e3o: -1,32%;<\/li>\n<li>Artigos de resid\u00eancia: -0,52%;<\/li>\n<li>Vestu\u00e1rio: 0,34%;<\/li>\n<li>Transportes: 0,46%;<\/li>\n<li>Sa\u00fade e cuidados pessoais: -0,05%;<\/li>\n<li>Despesas pessoais: 1,36%;<\/li>\n<li>Educa\u00e7\u00e3o: 0,00%;<\/li>\n<li>Comunica\u00e7\u00e3o: 0,08%.<\/li>\n<\/ul>\n<div id=\"chunk-9mp8g\" style=\"text-align: justify;\">\n<div class=\"mc-column content-text active-extra-styles\" data-block-type=\"raw\" data-block-weight=\"8\" data-block-id=\"13\">\n<div class=\"content-intertitle\">\n<h2>Alimenta\u00e7\u00e3o continua pesando, mas energia el\u00e9trica d\u00e1 al\u00edvio<\/h2>\n<\/div>\n<\/div>\n<\/div>\n<div id=\"chunk-5sago\" style=\"text-align: justify;\">\n<div class=\"mc-column content-text active-extra-styles\" data-block-type=\"unstyled\" data-block-weight=\"26\" data-block-id=\"14\">\n<p class=\"content-text__container\" data-track-category=\"Link no Texto\" data-track-links=\"\" data-mrf-recirculation=\"Mat\u00e9ria - Links no Texto\">A maior press\u00e3o sobre a infla\u00e7\u00e3o em dezembro veio dos alimentos, com destaque para a alimenta\u00e7\u00e3o no domic\u00edlio, que teve uma alta de 1,56% no m\u00eas.<\/p>\n<\/div>\n<\/div>\n<div id=\"chunk-3q7sl\" style=\"text-align: justify;\">\n<div class=\"mc-column content-text active-extra-styles\" data-block-type=\"unstyled\" data-block-weight=\"45\" data-block-id=\"15\">\n<p class=\"content-text__container\" data-track-category=\"Link no Texto\" data-track-links=\"\" data-mrf-recirculation=\"Mat\u00e9ria - Links no Texto\">As maiores varia\u00e7\u00f5es de pre\u00e7os vieram do \u00f3leo de soja, com uma alta de 9,21%, e das carnes \u2014 alcatra (9,02%), contrafil\u00e9 (8,33%) e carne de porco (8,14%). Em contrapartida, batata-inglesa (-9,85%), tomate (-6,71%) e leite longa vida (-2,42%) tiveram as maiores quedas nos pre\u00e7os.<\/p>\n<\/div>\n<\/div>\n<div id=\"chunk-8hor\" style=\"text-align: justify;\">\n<div class=\"mc-column content-text active-extra-styles\" data-block-type=\"unstyled\" data-block-weight=\"33\" data-block-id=\"16\">\n<p class=\"content-text__container\" data-track-category=\"Link no Texto\" data-track-links=\"\" data-mrf-recirculation=\"Mat\u00e9ria - Links no Texto\">A alimenta\u00e7\u00e3o fora do domic\u00edlio tamb\u00e9m teve alta, de 1,23%. Segundo o IBGE, tanto os pre\u00e7os da refei\u00e7\u00e3o fora de casa quanto do lanche subiram, com altas de 1,34% e 1,26%, respectivamente.<\/p>\n<\/div>\n<\/div>\n<div id=\"chunk-3gonn\" style=\"text-align: justify;\">\n<div class=\"mc-column content-text active-extra-styles\" data-block-type=\"unstyled\" data-block-weight=\"29\" data-block-id=\"18\">\n<p class=\"content-text__container\" data-track-category=\"Link no Texto\" data-track-links=\"\" data-mrf-recirculation=\"Mat\u00e9ria - Links no Texto\">Al\u00e9m dos alimentos, as&nbsp;<strong>Despesas Pessoais<\/strong>&nbsp;tamb\u00e9m tiveram um avan\u00e7o importante nos pre\u00e7os. O grupo subiu&nbsp;<strong>1,36%<\/strong>&nbsp;em dezembro, com um<strong>&nbsp;impacto de 0,14 p.p.<\/strong>&nbsp;sobre o IPCA-15.<\/p>\n<\/div>\n<\/div>\n<div id=\"chunk-6jrcs\" style=\"text-align: justify;\">\n<div class=\"mc-column content-text active-extra-styles\" data-block-type=\"unstyled\" data-block-weight=\"38\" data-block-id=\"19\">\n<p class=\"content-text__container\" data-track-category=\"Link no Texto\" data-track-links=\"\" data-mrf-recirculation=\"Mat\u00e9ria - Links no Texto\">Essa alta foi puxada, sobretudo, pelo pre\u00e7o dos cigarros, que subiu 12,78%, &#8220;devido ao aumento da al\u00edquota espec\u00edfica do Imposto sobre Produtos Industrializados \u2013 IPI incidente sobre cigarros, a partir de 1\u00ba de novembro&#8221;, explica o IBGE.<\/p>\n<\/div>\n<\/div>\n<div id=\"chunk-dad66\" style=\"text-align: justify;\">\n<div class=\"mc-column content-text active-extra-styles\" data-block-type=\"unstyled\" data-block-weight=\"30\" data-block-id=\"20\">\n<p class=\"content-text__container\" data-track-category=\"Link no Texto\" data-track-links=\"\" data-mrf-recirculation=\"Mat\u00e9ria - Links no Texto\">O grupo de&nbsp;<strong>Transportes&nbsp;<\/strong>teve o terceiro maior impacto sobre o \u00edndice, de&nbsp;<strong>0,09 p.p.<\/strong>, com uma alta de&nbsp;<strong>0,46%<\/strong>&nbsp;nos pre\u00e7os, puxada pelo avan\u00e7o de 4,43% das passagens a\u00e9reas.<\/p>\n<\/div>\n<\/div>\n<div id=\"chunk-9dhau\" style=\"text-align: justify;\">\n<div class=\"mc-column content-text active-extra-styles\" data-block-type=\"unstyled\" data-block-weight=\"19\" data-block-id=\"21\">\n<p class=\"content-text__container\" data-track-category=\"Link no Texto\" data-track-links=\"\" data-mrf-recirculation=\"Mat\u00e9ria - Links no Texto\">Entre os combust\u00edveis, etanol (0,80%) e \u00f3leo diesel (0,41%) tiveram altas, enquanto gasolina (-0,01%) e g\u00e1s veicular (-0,12%) recuaram.<\/p>\n<\/div>\n<\/div>\n<div id=\"chunk-9kgah\" style=\"text-align: justify;\">\n<div class=\"mc-column content-text active-extra-styles\" data-block-type=\"unstyled\" data-block-weight=\"36\" data-block-id=\"22\">\n<p class=\"content-text__container\" data-track-category=\"Link no Texto\" data-track-links=\"\" data-mrf-recirculation=\"Mat\u00e9ria - Links no Texto\">Em contrapartida, do lado das quedas, o maior al\u00edvio no m\u00eas de dezembro veio do grupo de&nbsp;<strong>Habita\u00e7\u00e3o<\/strong>, que teve uma redu\u00e7\u00e3o m\u00e9dia de&nbsp;<strong>1,32%<\/strong>&nbsp;nos pre\u00e7os, com um<strong>&nbsp;impacto negativo de 0,20 p.p.<\/strong>&nbsp;no IPCA-15.<\/p>\n<\/div>\n<\/div>\n<div id=\"chunk-3m7vr\">\n<div class=\"mc-column content-text active-extra-styles\" data-block-type=\"unstyled\" data-block-weight=\"41\" data-block-id=\"23\">\n<p class=\"content-text__container\" style=\"text-align: justify;\" data-track-category=\"Link no Texto\" data-track-links=\"\" data-mrf-recirculation=\"Mat\u00e9ria - Links no Texto\">Essa redu\u00e7\u00e3o veio da energia el\u00e9trica residencial, que recuou 5,72% no m\u00eas. A baixa foi consequ\u00eancia do retorno da bandeira tarif\u00e1ria verde a partir de 1\u00b0 de dezembro. Essa bandeira n\u00e3o traz cobran\u00e7as adicionais para as faturas de conta de luz.<\/p>\n<p data-track-category=\"Link no Texto\" data-track-links=\"\" data-mrf-recirculation=\"Mat\u00e9ria - Links no Texto\"><em>Fonte: g1<\/em><\/p>\n<p data-track-category=\"Link no Texto\" data-track-links=\"\" data-mrf-recirculation=\"Mat\u00e9ria - Links no Texto\"><em>Foto: Graziela Miranda\/g1 <a href=\"https:\/\/www2.comunitaria.com.br\/en\/ipca-15-precos-sobem-034-em-dezembro-puxados-por-alimentacao-previa-da-inflacao-fecha-2024-acima-da-meta\/2_4\/\" rel=\"attachment wp-att-67921\"><img loading=\"lazy\" decoding=\"async\" class=\"aligncenter size-full wp-image-67921\" src=\"http:\/\/www2.comunitaria.com.br\/wp-content\/uploads\/2024\/12\/2_4.avif\" alt=\"\" width=\"640\" height=\"389\"><\/a><\/em><\/p>\n<\/div>\n<\/div>\n<\/div>\n<\/div>\n<\/div>\n<\/div>\n<\/div>","protected":false},"excerpt":{"rendered":"<p>O \u00cdndice Nacional de Pre\u00e7os ao Consumidor Amplo 15 (IPCA-15) \u2014 considerado a pr\u00e9via da infla\u00e7\u00e3o oficial do pa\u00eds \u2014&nbsp;registrou uma alta de 0,34% nos pre\u00e7os em dezembro, informou nesta&#8230;<\/p>","protected":false},"author":2,"featured_media":67921,"comment_status":"closed","ping_status":"closed","sticky":false,"template":"","format":"standard","meta":{"ngg_post_thumbnail":0,"footnotes":""},"categories":[47,39,28,33],"tags":[1409,1126],"class_list":["post-67920","post","type-post","status-publish","format-standard","has-post-thumbnail","hentry","category-brasil","category-economia","category-destaque","category-noticias","tag-alimentacao","tag-inflacao"],"amp_enabled":true,"_links":{"self":[{"href":"https:\/\/www2.comunitaria.com.br\/en\/wp-json\/wp\/v2\/posts\/67920","targetHints":{"allow":["GET"]}}],"collection":[{"href":"https:\/\/www2.comunitaria.com.br\/en\/wp-json\/wp\/v2\/posts"}],"about":[{"href":"https:\/\/www2.comunitaria.com.br\/en\/wp-json\/wp\/v2\/types\/post"}],"author":[{"embeddable":true,"href":"https:\/\/www2.comunitaria.com.br\/en\/wp-json\/wp\/v2\/users\/2"}],"replies":[{"embeddable":true,"href":"https:\/\/www2.comunitaria.com.br\/en\/wp-json\/wp\/v2\/comments?post=67920"}],"version-history":[{"count":0,"href":"https:\/\/www2.comunitaria.com.br\/en\/wp-json\/wp\/v2\/posts\/67920\/revisions"}],"wp:featuredmedia":[{"embeddable":true,"href":"https:\/\/www2.comunitaria.com.br\/en\/wp-json\/wp\/v2\/media\/67921"}],"wp:attachment":[{"href":"https:\/\/www2.comunitaria.com.br\/en\/wp-json\/wp\/v2\/media?parent=67920"}],"wp:term":[{"taxonomy":"category","embeddable":true,"href":"https:\/\/www2.comunitaria.com.br\/en\/wp-json\/wp\/v2\/categories?post=67920"},{"taxonomy":"post_tag","embeddable":true,"href":"https:\/\/www2.comunitaria.com.br\/en\/wp-json\/wp\/v2\/tags?post=67920"}],"curies":[{"name":"wp","href":"https:\/\/api.w.org\/{rel}","templated":true}]}}