{"id":67916,"date":"2024-12-27T16:30:35","date_gmt":"2024-12-27T18:30:35","guid":{"rendered":"https:\/\/www2.comunitaria.com.br\/?p=67916"},"modified":"2024-12-27T16:30:36","modified_gmt":"2024-12-27T18:30:36","slug":"brasil-gerou-1066-mil-empregos-formais-em-novembro-diz-ministerio-do-trabalho-e-emprego","status":"publish","type":"post","link":"https:\/\/www2.comunitaria.com.br\/en\/brasil-gerou-1066-mil-empregos-formais-em-novembro-diz-ministerio-do-trabalho-e-emprego\/","title":{"rendered":"Brasil gerou 106,6 mil empregos formais em novembro, diz Minist\u00e9rio do Trabalho e Emprego"},"content":{"rendered":"<div id=\"chunk-efv4m\">\n<div class=\"mc-column content-text active-extra-styles\" data-block-type=\"unstyled\" data-block-weight=\"23\" data-block-id=\"2\">\n<p class=\"content-text__container\" style=\"text-align: justify;\" data-track-category=\"Link no Texto\" data-track-links=\"\" data-mrf-recirculation=\"Mat\u00e9ria - Links no Texto\">O Brasil gerou&nbsp;<strong><span class=\"highlight highlighted\">106,6 mil empregos com carteira assinada em novembro deste ano<\/span><\/strong>, divulgou nesta sexta-feira (27) o&nbsp;Minist\u00e9rio do Trabalho&nbsp;e Emprego.<\/p>\n<\/div>\n<\/div>\n<div class=\"wall protected-content\">\n<div id=\"chunk-7seao\" style=\"text-align: justify;\">\n<div class=\"mc-column content-text active-extra-styles\" data-block-type=\"unstyled\" data-block-weight=\"28\" data-block-id=\"4\">\n<p class=\"content-text__container\" data-track-category=\"Link no Texto\" data-track-links=\"\" data-mrf-recirculation=\"Mat\u00e9ria - Links no Texto\">O n\u00famero faz parte do Cadastro Geral de Empregados e Desempregados (Caged) e representa o saldo l\u00edquido \u2014 contrata\u00e7\u00f5es menos demiss\u00f5es \u2014 da gera\u00e7\u00e3o de empregos formais.<\/p>\n<\/div>\n<\/div>\n<div id=\"chunk-dig2d\" style=\"text-align: justify;\">\n<div class=\"mc-column content-text active-extra-styles\" data-block-type=\"unstyled\" data-block-weight=\"12\" data-block-id=\"5\">\n<p class=\"content-text__container\" data-track-category=\"Link no Texto\" data-track-links=\"\" data-mrf-recirculation=\"Mat\u00e9ria - Links no Texto\">Segundo o governo federal, ao todo foram registrados no m\u00eas de novembro:<\/p>\n<\/div>\n<\/div>\n<div id=\"chunk-4r92h\">\n<div class=\"mc-column content-text active-extra-styles\" data-block-type=\"raw\" data-block-weight=\"4\" data-block-id=\"6\">\n<ul class=\"content-unordered-list\" style=\"text-align: justify;\">\n<li>1.978.371 contrata\u00e7\u00f5es;<\/li>\n<li>1.871.746 demiss\u00f5es.<\/li>\n<\/ul>\n<div id=\"chunk-f2u78\" style=\"text-align: justify;\">\n<div class=\"mc-column content-text active-extra-styles\" data-block-type=\"unstyled\" data-block-weight=\"22\" data-block-id=\"10\">\n<p class=\"content-text__container\" data-track-category=\"Link no Texto\" data-track-links=\"\" data-mrf-recirculation=\"Mat\u00e9ria - Links no Texto\">O resultado representa&nbsp;<strong>queda em rela\u00e7\u00e3o a novembro do ano passado<\/strong>, quando foram criados cerca de 121,3 mil empregos com carteira assinada.<\/p>\n<\/div>\n<\/div>\n<div id=\"chunk-dniaq\" style=\"text-align: justify;\">\n<div class=\"mc-column content-text active-extra-styles\" data-block-type=\"unstyled\" data-block-weight=\"12\" data-block-id=\"11\">\n<p class=\"content-text__container\" data-track-category=\"Link no Texto\" data-track-links=\"\" data-mrf-recirculation=\"Mat\u00e9ria - Links no Texto\">Entre os empregos gerados, mais de 105 mil eram ocupados por mulheres.<\/p>\n<\/div>\n<\/div>\n<div id=\"chunk-7sa5k\" style=\"text-align: justify;\">\n<div class=\"mc-column content-text active-extra-styles\" data-block-type=\"unstyled\" data-block-weight=\"9\" data-block-id=\"12\">\n<p class=\"content-text__container\" data-track-category=\"Link no Texto\" data-track-links=\"\" data-mrf-recirculation=\"Mat\u00e9ria - Links no Texto\">Veja os resultados anteriores para os meses de novembro:<\/p>\n<\/div>\n<\/div>\n<div id=\"chunk-bmqac\" style=\"text-align: justify;\">\n<div class=\"mc-column content-text active-extra-styles\" data-block-type=\"raw\" data-block-weight=\"15\" data-block-id=\"13\">\n<p class=\"content-text__container\" data-mrf-recirculation=\"Mat\u00e9ria - Links no Texto\">&nbsp;<\/p>\n<ul class=\"content-unordered-list\">\n<li>2020: 376,2 mil empregos criados;<\/li>\n<li>2021: 314,1 mil empregos criados;<\/li>\n<li>2022: 127,9 mil empregos criados.<\/li>\n<\/ul>\n<p>&nbsp;<\/p>\n<\/div>\n<\/div>\n<div id=\"chunk-6clhi\" style=\"text-align: justify;\">\n<div class=\"mc-column content-text active-extra-styles\" data-block-type=\"unstyled\" data-block-weight=\"21\" data-block-id=\"14\">\n<p class=\"content-text__container\" data-track-category=\"Link no Texto\" data-track-links=\"\" data-mrf-recirculation=\"Mat\u00e9ria - Links no Texto\">\ud83d\udd0eA compara\u00e7\u00e3o dos n\u00fameros com anos anteriores a 2020, segundo analistas, n\u00e3o \u00e9 mais adequada, porque o&nbsp;<strong>governo mudou a metodologia.<\/strong><\/p>\n<\/div>\n<\/div>\n<div id=\"chunk-3r9i9\" style=\"text-align: justify;\">\n<div class=\"mc-column content-text active-extra-styles\" data-block-type=\"unstyled\" data-block-weight=\"22\" data-block-id=\"15\">\n<p class=\"content-text__container\" data-track-category=\"Link no Texto\" data-track-links=\"\" data-mrf-recirculation=\"Mat\u00e9ria - Links no Texto\">De acordo com o Minist\u00e9rio do Trabalho,&nbsp;<strong><span class=\"highlight highlighted\">2,24 milh\u00f5es de empregos formais foram criados no pa\u00eds entre janeiro e novembro&nbsp;<\/span><\/strong>deste ano.<\/p>\n<\/div>\n<\/div>\n<div id=\"chunk-aubt5\" style=\"text-align: justify;\">\n<div class=\"mc-column content-text active-extra-styles\" data-block-type=\"raw\" data-block-weight=\"3\" data-block-id=\"16\">\n<p class=\"content-text__container\" data-mrf-recirculation=\"Mat\u00e9ria - Links no Texto\">&nbsp;<\/p>\n<div class=\"content-intertitle\">\n<h2>N\u00fameros por setor<\/h2>\n<\/div>\n<\/div>\n<\/div>\n<div id=\"chunk-9mn1a\" style=\"text-align: justify;\">\n<div class=\"mc-column content-text active-extra-styles\" data-block-type=\"unstyled\" data-block-weight=\"32\" data-block-id=\"17\">\n<p class=\"content-text__container\" data-track-category=\"Link no Texto\" data-track-links=\"\" data-mrf-recirculation=\"Mat\u00e9ria - Links no Texto\">Os dados do Caged mostram tamb\u00e9m que dos cinco setores da economia analisados, dois criaram vagas em novembro deste ano. O setor com maior n\u00famero de vagas criadas foi o com\u00e9rcio.<\/p>\n<\/div>\n<\/div>\n<div id=\"chunk-d1jqr\" style=\"text-align: justify;\">\n<div class=\"mc-column content-text active-extra-styles\" data-block-type=\"raw\" data-block-weight=\"42\" data-block-id=\"18\">\n<p class=\"content-text__container\" data-mrf-recirculation=\"Mat\u00e9ria - Links no Texto\">&nbsp;<\/p>\n<ul class=\"content-unordered-list\">\n<li>com\u00e9rcio, com cria\u00e7\u00e3o l\u00edquida de 94.572 empregos formais; e<\/li>\n<li>servi\u00e7o, com cria\u00e7\u00e3o l\u00edquida de 67.717 empregos formais;<\/li>\n<li>j\u00e1 a ind\u00fastria teve saldo negativo de 6.678 postos de trabalho formais;<\/li>\n<li>assim como a agropecu\u00e1ria teve saldo negativo de 18.887 e constru\u00e7\u00e3o de 30.091.<\/li>\n<\/ul>\n<p>&nbsp;<\/p>\n<\/div>\n<\/div>\n<div id=\"chunk-mpu6\" style=\"text-align: justify;\">\n<div class=\"mc-column content-text active-extra-styles\" data-block-type=\"unstyled\" data-block-weight=\"11\" data-block-id=\"19\">\n<p class=\"content-text__container\" data-track-category=\"Link no Texto\" data-track-links=\"\" data-mrf-recirculation=\"Mat\u00e9ria - Links no Texto\">Considerando o acumulado do ano, o desempenho por setor est\u00e1 assim:<\/p>\n<\/div>\n<\/div>\n<div id=\"chunk-crfou\" style=\"text-align: justify;\">\n<div class=\"mc-column content-text active-extra-styles\" data-block-type=\"raw\" data-block-weight=\"36\" data-block-id=\"21\">\n<p class=\"content-text__container\" data-mrf-recirculation=\"Mat\u00e9ria - Links no Texto\">&nbsp;<\/p>\n<ul class=\"content-unordered-list\">\n<li>servi\u00e7os, com cria\u00e7\u00e3o l\u00edquida de 1.184.652 vagas;<\/li>\n<li>ind\u00fastria, com cria\u00e7\u00e3o l\u00edquida de 422.680 vagas;<\/li>\n<li>com\u00e9rcio, com cria\u00e7\u00e3o l\u00edquida de 358.786 vagas;<\/li>\n<li>constru\u00e7\u00e3o, com cria\u00e7\u00e3o l\u00edquida de 200.613 vagas;<\/li>\n<li>agropecu\u00e1ria, com cria\u00e7\u00e3o l\u00edquida de 57.436 vagas.<\/li>\n<\/ul>\n<p>&nbsp;<\/p>\n<\/div>\n<\/div>\n<div id=\"chunk-adp6o\" style=\"text-align: justify;\">\n<div class=\"mc-column content-text active-extra-styles\" data-block-type=\"raw\" data-block-weight=\"3\" data-block-id=\"22\">\n<div class=\"content-intertitle\">\n<h2>Sal\u00e1rio de admiss\u00e3o<\/h2>\n<\/div>\n<\/div>\n<\/div>\n<div id=\"chunk-ddito\" style=\"text-align: justify;\">\n<div class=\"mc-column content-text active-extra-styles\" data-block-type=\"unstyled\" data-block-weight=\"33\" data-block-id=\"23\">\n<p class=\"content-text__container\" data-track-category=\"Link no Texto\" data-track-links=\"\" data-mrf-recirculation=\"Mat\u00e9ria - Links no Texto\">Em novembro deste ano, o sal\u00e1rio m\u00e9dio real \u2014 descontada a infla\u00e7\u00e3o \u2014 de admiss\u00e3o foi de R$ 2.152,89. O n\u00famero&nbsp;<strong><span class=\"highlight highlighted\">representa queda em rela\u00e7\u00e3o a outubro<\/span><\/strong>, quando estava em R$ 2.160,28.<\/p>\n<\/div>\n<\/div>\n<div id=\"chunk-2bu8j\" style=\"text-align: justify;\">\n<div class=\"mc-column content-text active-extra-styles\" data-block-type=\"unstyled\" data-block-weight=\"14\" data-block-id=\"24\">\n<p class=\"content-text__container\" data-track-category=\"Link no Texto\" data-track-links=\"\" data-mrf-recirculation=\"Mat\u00e9ria - Links no Texto\">Em novembro de 2023, o sal\u00e1rio m\u00e9dio de admiss\u00e3o real foi de R$ 2.118,56.<\/p>\n<\/div>\n<\/div>\n<div id=\"chunk-c6kd6\" style=\"text-align: justify;\">\n<div class=\"mc-column content-text active-extra-styles\" data-block-type=\"raw\" data-block-weight=\"3\" data-block-id=\"25\">\n<p class=\"content-text__container\" data-mrf-recirculation=\"Mat\u00e9ria - Links no Texto\">&nbsp;<\/p>\n<div class=\"content-intertitle\">\n<h2>Estoque de empregos<\/h2>\n<\/div>\n<\/div>\n<\/div>\n<div id=\"chunk-3qdes\" style=\"text-align: justify;\">\n<div class=\"mc-column content-text active-extra-styles\" data-block-type=\"unstyled\" data-block-weight=\"25\" data-block-id=\"26\">\n<p class=\"content-text__container\" data-track-category=\"Link no Texto\" data-track-links=\"\" data-mrf-recirculation=\"Mat\u00e9ria - Links no Texto\">Os dados mostram ainda que em novembro, o Brasil tinha saldo de 47,7 milh\u00f5es de empregos com carteira assinada, o chamado estoque de empregos formais.<\/p>\n<\/div>\n<\/div>\n<div id=\"chunk-7nuv9\" style=\"text-align: justify;\">\n<div class=\"mc-column content-text active-extra-styles\" data-block-type=\"unstyled\" data-block-weight=\"25\" data-block-id=\"27\">\n<p class=\"content-text__container\" data-track-category=\"Link no Texto\" data-track-links=\"\" data-mrf-recirculation=\"Mat\u00e9ria - Links no Texto\">Esse \u00e9 o melhor resultado para meses de novembro desde o inicio do cadastro. Em novembro de 2023, o estoque estava em 45,9 milh\u00f5es.<\/p>\n<\/div>\n<\/div>\n<div id=\"chunk-607h7\" style=\"text-align: justify;\">\n<div class=\"mc-column content-text active-extra-styles\" data-block-type=\"raw\" data-block-weight=\"3\" data-block-id=\"28\">\n<p class=\"content-text__container\" data-mrf-recirculation=\"Mat\u00e9ria - Links no Texto\">&nbsp;<\/p>\n<div class=\"content-intertitle\">\n<h2>Caged X Pnad<\/h2>\n<\/div>\n<\/div>\n<\/div>\n<div id=\"chunk-bc66n\" style=\"text-align: justify;\">\n<div class=\"mc-column content-text active-extra-styles\" data-block-type=\"unstyled\" data-block-weight=\"27\" data-block-id=\"29\">\n<p class=\"content-text__container\" data-track-category=\"Link no Texto\" data-track-links=\"\" data-mrf-recirculation=\"Mat\u00e9ria - Links no Texto\">Os dados do Cadastro Geral de Empregados e Desempregados divulgados nesta sexta-feira (27) consideram somente os trabalhadores com carteira assinada, ou seja,&nbsp;<strong>n\u00e3o incluem os trabalhadores informais.<\/strong><\/p>\n<\/div>\n<\/div>\n<div id=\"chunk-c1qpa\">\n<div class=\"mc-column content-text active-extra-styles\" data-block-type=\"unstyled\" data-block-weight=\"31\" data-block-id=\"30\">\n<p class=\"content-text__container\" style=\"text-align: justify;\" data-track-category=\"Link no Texto\" data-track-links=\"\" data-mrf-recirculation=\"Mat\u00e9ria - Links no Texto\">Com isso, n\u00e3o s\u00e3o compar\u00e1veis com os n\u00fameros do desemprego, divulgados pelo Instituto Brasileiro de Geografia e Estat\u00edstica (IBGE), coletados por meio da Pesquisa Nacional por Amostra de Domic\u00edlios Cont\u00ednua (Pnad).<\/p>\n<p data-track-category=\"Link no Texto\" data-track-links=\"\" data-mrf-recirculation=\"Mat\u00e9ria - Links no Texto\"><em>Fonte: g1<\/em><\/p>\n<p data-track-category=\"Link no Texto\" data-track-links=\"\" data-mrf-recirculation=\"Mat\u00e9ria - Links no Texto\"><em>Foto: Heloise Hamada\/g1<a href=\"https:\/\/www2.comunitaria.com.br\/en\/brasil-gerou-1066-mil-empregos-formais-em-novembro-diz-ministerio-do-trabalho-e-emprego\/empregos\/\" rel=\"attachment wp-att-67917\"><img loading=\"lazy\" decoding=\"async\" class=\"aligncenter size-full wp-image-67917\" src=\"http:\/\/www2.comunitaria.com.br\/wp-content\/uploads\/2024\/12\/empregos.avif\" alt=\"\" width=\"984\" height=\"738\"><\/a><\/em><\/p>\n<\/div>\n<\/div>\n<\/div>\n<\/div>\n<\/div>","protected":false},"excerpt":{"rendered":"<p>O Brasil gerou&nbsp;106,6 mil empregos com carteira assinada em novembro deste ano, divulgou nesta sexta-feira (27) o&nbsp;Minist\u00e9rio do Trabalho&nbsp;e Emprego. O n\u00famero faz parte do Cadastro Geral de Empregados e Desempregados (Caged) e representa o saldo l\u00edquido \u2014 contrata\u00e7\u00f5es menos demiss\u00f5es \u2014 da gera\u00e7\u00e3o de empregos formais. Segundo o governo federal, ao todo foram registrados<\/p>\n<div class=\"read-more-wrapper\"><a class=\"read-more\" href=\"https:\/\/www2.comunitaria.com.br\/en\/brasil-gerou-1066-mil-empregos-formais-em-novembro-diz-ministerio-do-trabalho-e-emprego\/\" title=\"Read More\"> <span class=\"button\">Read More<\/span><\/a><\/div>","protected":false},"author":2,"featured_media":67917,"comment_status":"closed","ping_status":"closed","sticky":false,"template":"","format":"standard","meta":{"ngg_post_thumbnail":0,"footnotes":""},"categories":[47,39,28,33,38],"tags":[7127,7126],"class_list":["post-67916","post","type-post","status-publish","format-standard","has-post-thumbnail","hentry","category-brasil","category-economia","category-destaque","category-noticias","category-politica","tag-empregos-formais","tag-ministerio-do-trabalho-e-emprego"],"amp_enabled":true,"_links":{"self":[{"href":"https:\/\/www2.comunitaria.com.br\/en\/wp-json\/wp\/v2\/posts\/67916","targetHints":{"allow":["GET"]}}],"collection":[{"href":"https:\/\/www2.comunitaria.com.br\/en\/wp-json\/wp\/v2\/posts"}],"about":[{"href":"https:\/\/www2.comunitaria.com.br\/en\/wp-json\/wp\/v2\/types\/post"}],"author":[{"embeddable":true,"href":"https:\/\/www2.comunitaria.com.br\/en\/wp-json\/wp\/v2\/users\/2"}],"replies":[{"embeddable":true,"href":"https:\/\/www2.comunitaria.com.br\/en\/wp-json\/wp\/v2\/comments?post=67916"}],"version-history":[{"count":0,"href":"https:\/\/www2.comunitaria.com.br\/en\/wp-json\/wp\/v2\/posts\/67916\/revisions"}],"wp:featuredmedia":[{"embeddable":true,"href":"https:\/\/www2.comunitaria.com.br\/en\/wp-json\/wp\/v2\/media\/67917"}],"wp:attachment":[{"href":"https:\/\/www2.comunitaria.com.br\/en\/wp-json\/wp\/v2\/media?parent=67916"}],"wp:term":[{"taxonomy":"category","embeddable":true,"href":"https:\/\/www2.comunitaria.com.br\/en\/wp-json\/wp\/v2\/categories?post=67916"},{"taxonomy":"post_tag","embeddable":true,"href":"https:\/\/www2.comunitaria.com.br\/en\/wp-json\/wp\/v2\/tags?post=67916"}],"curies":[{"name":"wp","href":"https:\/\/api.w.org\/{rel}","templated":true}]}}