{"id":67892,"date":"2024-12-24T11:42:56","date_gmt":"2024-12-24T13:42:56","guid":{"rendered":"https:\/\/www2.comunitaria.com.br\/?p=67892"},"modified":"2024-12-24T11:42:57","modified_gmt":"2024-12-24T13:42:57","slug":"daniel-silveira-descumpre-regras-da-liberdade-condicional-e-e-preso-pela-pf-no-rio-de-janeiro","status":"publish","type":"post","link":"https:\/\/www2.comunitaria.com.br\/en\/daniel-silveira-descumpre-regras-da-liberdade-condicional-e-e-preso-pela-pf-no-rio-de-janeiro\/","title":{"rendered":"Daniel Silveira descumpre regras da liberdade condicional e \u00e9 preso pela PF no Rio de Janeiro"},"content":{"rendered":"<div id=\"chunk-12tbr\">\n<div class=\"mc-column content-text active-extra-styles\" data-block-type=\"unstyled\" data-block-weight=\"30\" data-block-id=\"3\">\n<p class=\"content-text__container\" style=\"text-align: justify;\" data-track-category=\"Link no Texto\" data-track-links=\"\" data-mrf-recirculation=\"Mat\u00e9ria - Links no Texto\">O ex-deputado Daniel Silveira foi preso pela Pol\u00edcia Federal (PF) nesta ter\u00e7a-feira (24) no&nbsp;Rio de Janeiro, por determina\u00e7\u00e3o do ministro&nbsp;Alexandre de Moraes, do Supremo Tribunal Federal (STF).<\/p>\n<\/div>\n<\/div>\n<div class=\"wall protected-content\">\n<div id=\"chunk-5ca40\" style=\"text-align: justify;\">\n<div class=\"mc-column content-text active-extra-styles\" data-block-type=\"unstyled\" data-block-weight=\"29\" data-block-id=\"4\">\n<p class=\"content-text__container\" data-track-category=\"Link no Texto\" data-track-links=\"\" data-mrf-recirculation=\"Mat\u00e9ria - Links no Texto\">Segundo apura\u00e7\u00e3o da&nbsp;<strong>GloboNews,<\/strong>&nbsp;Silveira retornou \u00e0 pris\u00e3o por n\u00e3o respeitar o hor\u00e1rio de recolhimento, um dos crit\u00e9rios estabelecidos pela&nbsp;liberdade condicional,&nbsp;concedida por Moraes na \u00faltima sexta-feira (20).<\/p>\n<\/div>\n<\/div>\n<div id=\"chunk-cphl1\" style=\"text-align: justify;\">\n<div class=\"mc-column content-text active-extra-styles\" data-block-type=\"unstyled\" data-block-weight=\"31\" data-block-id=\"5\">\n<p class=\"content-text__container\" data-track-category=\"Link no Texto\" data-track-links=\"\" data-mrf-recirculation=\"Mat\u00e9ria - Links no Texto\">A defesa do ex-deputado alega que ele descumpriu as decis\u00f5es em raz\u00e3o de uma visita ao hospital, e que a determina\u00e7\u00e3o \u00e9 uma &#8220;total arbitrariedade do STF&#8221;&nbsp;<em>(veja mais abaixo).<\/em><\/p>\n<\/div>\n<\/div>\n<div id=\"chunk-43fkb\">\n<div class=\"mc-column content-text active-extra-styles\" data-block-type=\"unstyled\" data-block-weight=\"23\" data-block-id=\"6\">\n<p class=\"content-text__container\" style=\"text-align: justify;\" data-track-category=\"Link no Texto\" data-track-links=\"\" data-mrf-recirculation=\"Mat\u00e9ria - Links no Texto\">O ex-deputado foi detido em Petr\u00f3polis (RJ) e ser\u00e1 levado para Bangu 8, pres\u00eddio do Complexo de Gericin\u00f3, na Zona Oeste do Rio.<\/p>\n<div id=\"chunk-3337l\" style=\"text-align: justify;\">\n<div class=\"mc-column content-text active-extra-styles\" data-block-type=\"unstyled\" data-block-weight=\"36\" data-block-id=\"9\">\n<p class=\"content-text__container\" data-track-category=\"Link no Texto\" data-track-links=\"\" data-mrf-recirculation=\"Mat\u00e9ria - Links no Texto\">Silveira foi condenado pelo Supremo em 2022 a 8 anos e 9 meses de pris\u00e3o por&nbsp;<strong>est\u00edmulo a atos antidemocr\u00e1ticos&nbsp;<\/strong>e ataques aos ministros do tribunal e a institui\u00e7\u00f5es, como o pr\u00f3prio STF<em>&nbsp;(relembre mais abaixo).<\/em><\/p>\n<\/div>\n<\/div>\n<div id=\"chunk-9j2c6\" style=\"text-align: justify;\">\n<div class=\"mc-column content-text active-extra-styles\" data-block-type=\"unstyled\" data-block-weight=\"56\" data-block-id=\"10\">\n<p class=\"content-text__container\" data-track-category=\"Link no Texto\" data-track-links=\"\" data-mrf-recirculation=\"Mat\u00e9ria - Links no Texto\">Na decis\u00e3o, Moraes descreve que &#8220;logo em seu primeiro dia em livramento condicional o sentenciado desrespeitou as condi\u00e7\u00f5es impostas pois \u2014 conforme informa\u00e7\u00e3o prestada pela SEAP\/RJ \u2013, no dia 22 de dezembro, somente retornou \u00e0 sua resid\u00eancia as 02h10 horas da madrugada, ou seja, mais de quatro horas do hor\u00e1rio limite fixado nas condi\u00e7\u00f5es judiciais&#8221;.<\/p>\n<\/div>\n<\/div>\n<div id=\"chunk-8l98s\" style=\"text-align: justify;\">\n<div class=\"mc-column content-text active-extra-styles\" data-block-type=\"unstyled\" data-block-weight=\"37\" data-block-id=\"11\">\n<p class=\"content-text__container\" data-track-category=\"Link no Texto\" data-track-links=\"\" data-mrf-recirculation=\"Mat\u00e9ria - Links no Texto\">Conforme a decis\u00e3o, a defesa de Silveira enviou um documento \u00e0 Justi\u00e7a nesta segunda (24) informando que o acusado esteve em um hospital na data, das 22h59 \u00e0s 0h34, sem autoriza\u00e7\u00e3o judicial ou &#8220;qualquer determina\u00e7\u00e3o de urg\u00eancia&#8221;.<\/p>\n<\/div>\n<\/div>\n<div id=\"chunk-5satg\" style=\"text-align: justify;\">\n<div class=\"content-ads content-ads--reveal\" data-block-type=\"ads\" data-block-id=\"12\">&nbsp;<\/div>\n<\/div>\n<div id=\"chunk-e7lp9\" style=\"text-align: justify;\">\n<div class=\"mc-column content-text active-extra-styles\" data-block-type=\"unstyled\" data-block-weight=\"40\" data-block-id=\"13\">\n<p class=\"content-text__container\" data-track-category=\"Link no Texto\" data-track-links=\"\" data-mrf-recirculation=\"Mat\u00e9ria - Links no Texto\">&#8220;N\u00e3o bastasse isso, a libera\u00e7\u00e3o do hospital \u2013 se \u00e9 que realmente existiu a estadia \u2013 ocorreu as 0h34 horas do dia 22\/12, sendo que a viola\u00e7\u00e3o do hor\u00e1rio estendeu-se at\u00e9 as 02h10 horas&#8221;, descreve o ministro no documento.<\/p>\n<\/div>\n<\/div>\n<div id=\"chunk-68fo3\" style=\"text-align: justify;\">\n<div class=\"mc-column content-text active-extra-styles\" data-block-type=\"unstyled\" data-block-weight=\"54\" data-block-id=\"14\">\n<p class=\"content-text__container\" data-track-category=\"Link no Texto\" data-track-links=\"\" data-mrf-recirculation=\"Mat\u00e9ria - Links no Texto\">\u00c0&nbsp;<strong>TV Globo<\/strong>&nbsp;a defesa de Silveira informou que &#8220;o Sr. Daniel Silveira foi ao hospital no dia 21 com fortes dores nos rins, ap\u00f3s, foi medicado e retornou para sua casa. Devido a esse motivo de sa\u00fade e devidamente comprovado, o ministro adotou tal postura que na verdade \u00e9 outra arbitrariedade do STF&#8221;.<\/p>\n<\/div>\n<\/div>\n<div id=\"chunk-969l\" style=\"text-align: justify;\">\n<div class=\"mc-column content-text active-extra-styles\" data-block-type=\"unstyled\" data-block-weight=\"26\" data-block-id=\"15\">\n<p class=\"content-text__container\" data-track-category=\"Link no Texto\" data-track-links=\"\" data-mrf-recirculation=\"Mat\u00e9ria - Links no Texto\">Ao longo do processo, o ex-deputado tem um hist\u00f3rico de descumprimento de determina\u00e7\u00f5es judiciais em diversas ocasi\u00f5es. Fato reiterado por Moraes na decis\u00e3o desta ter\u00e7a.<\/p>\n<\/div>\n<\/div>\n<div id=\"chunk-fcvr7\" style=\"text-align: justify;\">\n<div class=\"mc-column content-text active-extra-styles\" data-block-type=\"raw\" data-block-weight=\"38\" data-block-id=\"16\">\n<p class=\"content-text__container\" data-mrf-recirculation=\"Mat\u00e9ria - Links no Texto\">&nbsp;<\/p>\n<blockquote class=\"content-blockquote theme-border-color-primary-before\"><p>&#8220;O sentenciado demonstrou, novamente, seu total desrespeito ao Poder Judici\u00e1rio e \u00e0 legisla\u00e7\u00e3o brasileira, como fez por, ao menos, 227 vezes em que violou e descumpriu as medidas cautelares diversas da pris\u00e3o durante toda a instru\u00e7\u00e3o processual penal&#8221;.<\/p><\/blockquote>\n<p>&nbsp;<\/p>\n<\/div>\n<\/div>\n<div id=\"chunk-aajnh\" style=\"text-align: justify;\">\n<div class=\"mc-column content-text active-extra-styles\" data-block-type=\"raw\" data-block-weight=\"2\" data-block-id=\"17\">\n<div class=\"content-intertitle\">\n<h2>Liberdade condicional<\/h2>\n<\/div>\n<\/div>\n<\/div>\n<div id=\"chunk-ej8nj\" style=\"text-align: justify;\">\n<div class=\"mc-column content-text active-extra-styles\" data-block-type=\"unstyled\" data-block-weight=\"36\" data-block-id=\"18\">\n<p class=\"content-text__container\" data-track-category=\"Link no Texto\" data-track-links=\"\" data-mrf-recirculation=\"Mat\u00e9ria - Links no Texto\">Na \u00faltima sexta-feira (20), Moraes atendeu a um pedido da Procuradoria-geral da Rep\u00fablica (PGR) e concedeu liberdade condicional ao ex-deputado, ap\u00f3s confirmar que Silveira atende aos crit\u00e9rios estabelecidos por ter cumprido um ter\u00e7o da pena.<\/p>\n<\/div>\n<\/div>\n<div id=\"chunk-6jpt6\" style=\"text-align: justify;\">\n<div class=\"mc-column content-text active-extra-styles\" data-block-type=\"raw\" data-block-weight=\"42\" data-block-id=\"19\">\n<p class=\"content-text__container\" data-mrf-recirculation=\"Mat\u00e9ria - Links no Texto\">&nbsp;<\/p>\n<blockquote class=\"content-blockquote theme-border-color-primary-before\"><p>O ministro, no entanto, escreveu na decis\u00e3o que &#8220;em respeito ao princ\u00edpio da individualiza\u00e7\u00e3o da pena, h\u00e1, portanto,&nbsp;<span class=\"highlight highlighted\">circunst\u00e2ncias f\u00e1ticas que recomendam uma especial cautela na aferi\u00e7\u00e3o do m\u00e9rito do condenado para fins de progress\u00e3o do regime prisional e de livramento condicional&#8221;.<\/span><\/p><\/blockquote>\n<p>&nbsp;<\/p>\n<\/div>\n<\/div>\n<div id=\"chunk-9cq4k\" style=\"text-align: justify;\">\n<div class=\"mc-column content-text active-extra-styles\" data-block-type=\"unstyled\" data-block-weight=\"25\" data-block-id=\"21\">\n<p class=\"content-text__container\" data-track-category=\"Link no Texto\" data-track-links=\"\" data-mrf-recirculation=\"Mat\u00e9ria - Links no Texto\">Conforme a decis\u00e3o, o ex-parlamentar&nbsp;<strong>teria que usar tornozeleira eletr\u00f4nica&nbsp;<\/strong>e deveria atender a uma s\u00e9rie de crit\u00e9rios, estabelecidos para presos em liberdade condicional.<\/p>\n<\/div>\n<\/div>\n<div id=\"chunk-cved6\" style=\"text-align: justify;\">\n<div class=\"mc-column content-text active-extra-styles\" data-block-type=\"unstyled\" data-block-weight=\"2\" data-block-id=\"22\">\n<p class=\"content-text__container\" data-track-category=\"Link no Texto\" data-track-links=\"\" data-mrf-recirculation=\"Mat\u00e9ria - Links no Texto\"><strong>S\u00e3o eles:<\/strong><\/p>\n<\/div>\n<\/div>\n<div id=\"chunk-6cmr9\" style=\"text-align: justify;\">\n<div class=\"mc-column content-text active-extra-styles\" data-block-type=\"raw\" data-block-weight=\"213\" data-block-id=\"23\">\n<ul class=\"content-unordered-list\">\n<li>Proibi\u00e7\u00e3o de ausentar-se da regi\u00e3o e&nbsp;<span class=\"highlight highlighted\">obriga\u00e7\u00e3o de recolher-se \u00e0 resid\u00eancia no per\u00edodo noturno, das 22h \u00e0s 6h, bem como nos s\u00e1bados, domingos e feriados;<\/span><\/li>\n<li>Comprova\u00e7\u00e3o da obten\u00e7\u00e3o de ocupa\u00e7\u00e3o l\u00edcita, no prazo de 15 dias a contar da concess\u00e3o do benef\u00edcio;<\/li>\n<li>Comparecimento semanal, \u00e0s segundas-feiras, perante o ju\u00edzo;<\/li>\n<li>Proibi\u00e7\u00e3o de mudan\u00e7a de resid\u00eancia sem pr\u00e9via autoriza\u00e7\u00e3o do STF;<\/li>\n<li>Proibi\u00e7\u00e3o de utiliza\u00e7\u00e3o de redes sociais ou grupos de aplicativos de mensagens, tais como Facebook, Youtube, Instagram, LinkedIn, X (ex-Twitter), TikTok, WhatsApp, Telegram, Discord, entre outras, inclusive por meio de c\u00f4njuge, parentes e de terceiros;<\/li>\n<li>Proibi\u00e7\u00e3o de concess\u00e3o de entrevista ou manifesta\u00e7\u00f5es a qualquer \u00f3rg\u00e3o de imprensa, blog, site ou rede social, sem pr\u00e9via autoriza\u00e7\u00e3o judicial, inclusive por meio de c\u00f4njuge, parentes e de terceiros;<\/li>\n<li>Proibi\u00e7\u00e3o de frequ\u00eancia a clubes de tiro, bares, boates e casas de jogos;<\/li>\n<li>Proibi\u00e7\u00e3o de frequ\u00eancia e participa\u00e7\u00e3o em cerim\u00f4nias, festas ou homenagens realizadas em unidades militares das For\u00e7as Armadas ou das Pol\u00edcias Federal, Rodovi\u00e1ria Federal, Militar, Civil, Penal, Legislativa e Judicial, ou ainda, de Guardas Civis;<\/li>\n<li>Veda\u00e7\u00e3o \u00e0 posse ou porte de qualquer arma de fogo;<\/li>\n<li>Manuten\u00e7\u00e3o da suspens\u00e3o do passaporte, proibindo-se, ainda, a obten\u00e7\u00e3o de novo documento;<\/li>\n<li>Proibi\u00e7\u00e3o de qualquer tipo de contato, inclusive por interm\u00e9dio de terceiras pessoas, com os indiciados no inqu\u00e9rito do golpe.<\/li>\n<\/ul>\n<\/div>\n<\/div>\n<div id=\"chunk-aolr7\" style=\"text-align: justify;\">\n<div class=\"mc-column content-text active-extra-styles\" data-block-type=\"raw\" data-block-weight=\"3\" data-block-id=\"25\">\n<div class=\"content-intertitle\">\n<h2>Ataques \u00e0s institui\u00e7\u00f5es<\/h2>\n<\/div>\n<\/div>\n<\/div>\n<div id=\"chunk-1u73f\" style=\"text-align: justify;\">\n<div class=\"mc-column content-text active-extra-styles\" data-block-type=\"unstyled\" data-block-weight=\"15\" data-block-id=\"26\">\n<p class=\"content-text__container\" data-track-category=\"Link no Texto\" data-track-links=\"\" data-mrf-recirculation=\"Mat\u00e9ria - Links no Texto\">Daniel Silveira virou r\u00e9u em abril de 2021, no \u00e2mbito do inqu\u00e9rito sobre atos antidemocr\u00e1ticos.<\/p>\n<\/div>\n<\/div>\n<div id=\"chunk-9pq90\" style=\"text-align: justify;\">\n<div class=\"mc-column content-text active-extra-styles\" data-block-type=\"unstyled\" data-block-weight=\"38\" data-block-id=\"27\">\n<p class=\"content-text__container\" data-track-category=\"Link no Texto\" data-track-links=\"\" data-mrf-recirculation=\"Mat\u00e9ria - Links no Texto\">Em fevereiro daquele ano, ele foi preso por ter publicado um um v\u00eddeo no qual defende o AI-5, instrumento de repress\u00e3o mais duro da ditadura militar, e pregado a destitui\u00e7\u00e3o de ministros do STF, ambos os atos inconstitucionais.<\/p>\n<\/div>\n<\/div>\n<div id=\"chunk-d6lk\" style=\"text-align: justify;\">\n<div class=\"mc-column content-text active-extra-styles\" data-block-type=\"unstyled\" data-block-weight=\"40\" data-block-id=\"28\">\n<p class=\"content-text__container\" data-track-category=\"Link no Texto\" data-track-links=\"\" data-mrf-recirculation=\"Mat\u00e9ria - Links no Texto\">Ao longo do processo, Silveira teve decretadas outra pris\u00e3o e medidas restritivas por descumprir ordens como a de uso de tornozeleira eletr\u00f4nica e de n\u00e3o se comunicar com outros investigados. O ex-deputado chegou a atacar o Supremo em novos eventos.<\/p>\n<\/div>\n<\/div>\n<div id=\"chunk-6hsbp\" style=\"text-align: justify;\">\n<div class=\"mc-column content-text active-extra-styles\" data-block-type=\"unstyled\" data-block-weight=\"21\" data-block-id=\"29\">\n<p class=\"content-text__container\" data-track-category=\"Link no Texto\" data-track-links=\"\" data-mrf-recirculation=\"Mat\u00e9ria - Links no Texto\">Em mar\u00e7o, Alexandre de Moraes determinou que ele voltasse a ser monitorado eletronicamente e proibiu que ele participasse de eventos p\u00fablicos.<\/p>\n<\/div>\n<\/div>\n<div id=\"chunk-3veq1\" style=\"text-align: justify;\">\n<div class=\"mc-column content-text active-extra-styles\" data-block-type=\"unstyled\" data-block-weight=\"42\" data-block-id=\"30\">\n<p class=\"content-text__container\" data-track-category=\"Link no Texto\" data-track-links=\"\" data-mrf-recirculation=\"Mat\u00e9ria - Links no Texto\">Silveira chegou a ficar dois dias sem sair da C\u00e2mara para evitar a medida. S\u00f3 depois que Moraes determinou pagamento de multa di\u00e1ria de R$ 15 mil e bloqueio das contas do parlamentar, ele foi \u00e0 Pol\u00edcia Federal para instalar o equipamento.<\/p>\n<\/div>\n<\/div>\n<div id=\"chunk-2b2pv\">\n<div class=\"mc-column content-text active-extra-styles\" data-block-type=\"unstyled\" data-block-weight=\"18\" data-block-id=\"31\">\n<p class=\"content-text__container\" style=\"text-align: justify;\" data-track-category=\"Link no Texto\" data-track-links=\"\" data-mrf-recirculation=\"Mat\u00e9ria - Links no Texto\">Silveira foi candidato nas elei\u00e7\u00f5es de 2022, quando tentou se reeleger deputado federal, mas n\u00e3o obteve votos suficientes.<\/p>\n<p data-track-category=\"Link no Texto\" data-track-links=\"\" data-mrf-recirculation=\"Mat\u00e9ria - Links no Texto\"><em>Fonte: g1&nbsp;<\/em><\/p>\n<p data-track-category=\"Link no Texto\" data-track-links=\"\" data-mrf-recirculation=\"Mat\u00e9ria - Links no Texto\"><em>Foto: Evaristo SA\/AFP<a href=\"https:\/\/www2.comunitaria.com.br\/en\/daniel-silveira-descumpre-regras-da-liberdade-condicional-e-e-preso-pela-pf-no-rio-de-janeiro\/000-328m9vr\/\" rel=\"attachment wp-att-67893\"><img loading=\"lazy\" decoding=\"async\" class=\"aligncenter size-full wp-image-67893\" src=\"http:\/\/www2.comunitaria.com.br\/wp-content\/uploads\/2024\/12\/000-328m9vr.webp\" alt=\"\" width=\"640\" height=\"426\" srcset=\"https:\/\/www2.comunitaria.com.br\/wp-content\/uploads\/2024\/12\/000-328m9vr.webp 640w, https:\/\/www2.comunitaria.com.br\/wp-content\/uploads\/2024\/12\/000-328m9vr-300x200.webp 300w\" sizes=\"auto, (max-width: 640px) 100vw, 640px\" \/><\/a><\/em><\/p>\n<\/div>\n<\/div>\n<\/div>\n<\/div>\n<\/div>","protected":false},"excerpt":{"rendered":"<p>O ex-deputado Daniel Silveira foi preso pela Pol\u00edcia Federal (PF) nesta ter\u00e7a-feira (24) no&nbsp;Rio de Janeiro, por determina\u00e7\u00e3o do ministro&nbsp;Alexandre de Moraes, do Supremo Tribunal Federal (STF). Segundo apura\u00e7\u00e3o da&nbsp;GloboNews,&nbsp;Silveira&#8230;<\/p>","protected":false},"author":2,"featured_media":67893,"comment_status":"closed","ping_status":"closed","sticky":false,"template":"","format":"standard","meta":{"ngg_post_thumbnail":0,"footnotes":""},"categories":[47,33,36,38],"tags":[7119,1768,1368],"class_list":["post-67892","post","type-post","status-publish","format-standard","has-post-thumbnail","hentry","category-brasil","category-noticias","category-policia","category-politica","tag-daniel-silveira","tag-policia-federal","tag-rio-de-janeiro"],"amp_enabled":true,"_links":{"self":[{"href":"https:\/\/www2.comunitaria.com.br\/en\/wp-json\/wp\/v2\/posts\/67892","targetHints":{"allow":["GET"]}}],"collection":[{"href":"https:\/\/www2.comunitaria.com.br\/en\/wp-json\/wp\/v2\/posts"}],"about":[{"href":"https:\/\/www2.comunitaria.com.br\/en\/wp-json\/wp\/v2\/types\/post"}],"author":[{"embeddable":true,"href":"https:\/\/www2.comunitaria.com.br\/en\/wp-json\/wp\/v2\/users\/2"}],"replies":[{"embeddable":true,"href":"https:\/\/www2.comunitaria.com.br\/en\/wp-json\/wp\/v2\/comments?post=67892"}],"version-history":[{"count":0,"href":"https:\/\/www2.comunitaria.com.br\/en\/wp-json\/wp\/v2\/posts\/67892\/revisions"}],"wp:featuredmedia":[{"embeddable":true,"href":"https:\/\/www2.comunitaria.com.br\/en\/wp-json\/wp\/v2\/media\/67893"}],"wp:attachment":[{"href":"https:\/\/www2.comunitaria.com.br\/en\/wp-json\/wp\/v2\/media?parent=67892"}],"wp:term":[{"taxonomy":"category","embeddable":true,"href":"https:\/\/www2.comunitaria.com.br\/en\/wp-json\/wp\/v2\/categories?post=67892"},{"taxonomy":"post_tag","embeddable":true,"href":"https:\/\/www2.comunitaria.com.br\/en\/wp-json\/wp\/v2\/tags?post=67892"}],"curies":[{"name":"wp","href":"https:\/\/api.w.org\/{rel}","templated":true}]}}