{"id":67873,"date":"2024-12-23T11:57:43","date_gmt":"2024-12-23T13:57:43","guid":{"rendered":"https:\/\/www2.comunitaria.com.br\/?p=67873"},"modified":"2024-12-23T11:57:44","modified_gmt":"2024-12-23T13:57:44","slug":"paulinho-dill-de-os-atuais-e-transferido-para-hospital-de-passo-fundo","status":"publish","type":"post","link":"https:\/\/www2.comunitaria.com.br\/en\/paulinho-dill-de-os-atuais-e-transferido-para-hospital-de-passo-fundo\/","title":{"rendered":"Paulinho Dill, de Os Atuais, \u00e9 transferido para hospital de Passo Fundo"},"content":{"rendered":"<div class=\"article-paragraph\">\n<p style=\"text-align: justify;\"><strong>Paulinho Dill<\/strong>, cantor da banda Os Atuais, foi&nbsp;<strong>transferido para o Hospital de Cl\u00ednicas<\/strong>&nbsp;de<strong>&nbsp;Passo Fundo&nbsp;<\/strong>na tarde deste domingo (22).&nbsp;<\/p>\n<\/div>\n<div class=\"article-paragraph\" style=\"text-align: justify;\">\n<p>Em nota divulgada nas redes sociais, a banda informou que a decis\u00e3o ocorreu pois&nbsp;<strong>a recupera\u00e7\u00e3o de Paulinho n\u00e3o apresentou progresso<\/strong>&nbsp;e &#8220;n\u00e3o tem respondido bem ao tratamento at\u00e9 o momento&#8221;.<\/p>\n<\/div>\n<div class=\"article-paragraph\">\n<p style=\"text-align: justify;\">Ele estava&nbsp;<strong>internado desde 6 de dezembro no Hospital de Santo \u00c2ngelo<\/strong>, para realizar uma cirurgia na face. Na \u00faltima quinta-feira (19), o m\u00fasico foi diagnosticado com uma infec\u00e7\u00e3o pulmonar.<\/p>\n<div class=\"article-paragraph\" style=\"text-align: justify;\">\n<p><strong>Paulinho Dill sofreu um acidente no dia 11 de novembro<\/strong>, na RS-307, na altura do km 50, no trecho entre Santo Cristo e C\u00e2ndido God\u00f3i, no noroeste do Estado.&nbsp;<\/p>\n<\/div>\n<div class=\"article-paragraph\" style=\"text-align: justify;\">\n<p>Conforme o Comando Rodovi\u00e1rio da Brigada Militar (CRBM),&nbsp;<strong>o m\u00fasico perdeu o controle do ve\u00edculo<\/strong>&nbsp;e capotou.<\/p>\n<\/div>\n<div class=\"article-paragraph\" style=\"text-align: justify;\">\n<p>Ele&nbsp;<strong>ficou internado em estado grave<\/strong>&nbsp;na UTI do Hospital Vida e Sa\u00fade, em Santa Rosa, e chegou a ser entubado. Quando o artista saiu da terapia intensiva e foi levado para o leito cl\u00ednico, recebeu a visita dos colegas de banda no quarto.<\/p>\n<\/div>\n<div class=\"article-paragraph\" style=\"text-align: justify;\">\n<h3>Leia a nota na \u00edntegra<\/h3>\n<\/div>\n<div class=\"article-paragraph\" style=\"text-align: justify;\">\n<p><em>&#8220;Queridos amigos e f\u00e3s,<\/em><\/p>\n<\/div>\n<div class=\"article-paragraph\" style=\"text-align: justify;\">\n<p><em>Informamos que o Paulinho ser\u00e1 transferido para Passo Fundo ainda hoje, domingo, 22 de dezembro, pois n\u00e3o tem respondido bem ao tratamento at\u00e9 o momento.<\/em><\/p>\n<\/div>\n<div class=\"article-paragraph\" style=\"text-align: justify;\">\n<p><em>Infelizmente, sua recupera\u00e7\u00e3o n\u00e3o apresentou progresso, o que exige esse novo passo no cuidado.<\/em><\/p>\n<\/div>\n<div class=\"article-paragraph\" style=\"text-align: justify;\">\n<p><em>Seguimos comprometidos em mant\u00ea-los informados com toda a transpar\u00eancia e respeito. Assim que houver novidades, compartilharemos com voc\u00eas prontamente.<\/em><\/p>\n<\/div>\n<div class=\"article-paragraph\">\n<p style=\"text-align: justify;\"><em>Pedimos que continuem com suas ora\u00e7\u00f5es e enviando energias positivas. O apoio e a torcida de cada um de voc\u00eas s\u00e3o fundamentais neste momento t\u00e3o desafiador&#8221;.<\/em><\/p>\n<p style=\"text-align: justify;\"><em>Fonte: Di\u00e1rio Ga\u00facho<\/em><\/p>\n<p style=\"text-align: justify;\"><em>Foto: Instagram<a href=\"https:\/\/www2.comunitaria.com.br\/en\/paulinho-dill-de-os-atuais-e-transferido-para-hospital-de-passo-fundo\/5066830_d03c30f0093812e\/\" rel=\"attachment wp-att-67874\"><img loading=\"lazy\" decoding=\"async\" class=\"aligncenter size-full wp-image-67874\" src=\"http:\/\/www2.comunitaria.com.br\/wp-content\/uploads\/2024\/12\/5066830_d03c30f0093812e.jpg\" alt=\"\" width=\"600\" height=\"400\" srcset=\"https:\/\/www2.comunitaria.com.br\/wp-content\/uploads\/2024\/12\/5066830_d03c30f0093812e.jpg 600w, https:\/\/www2.comunitaria.com.br\/wp-content\/uploads\/2024\/12\/5066830_d03c30f0093812e-300x200.jpg 300w\" sizes=\"auto, (max-width: 600px) 100vw, 600px\" \/><\/a><\/em><\/p>\n<\/div>\n<\/div>","protected":false},"excerpt":{"rendered":"<p>Paulinho Dill, cantor da banda Os Atuais, foi&nbsp;transferido para o Hospital de Cl\u00ednicas&nbsp;de&nbsp;Passo Fundo&nbsp;na tarde deste domingo (22).&nbsp; Em nota divulgada nas redes sociais, a banda informou que a decis\u00e3o ocorreu pois&nbsp;a recupera\u00e7\u00e3o de Paulinho n\u00e3o apresentou progresso&nbsp;e &#8220;n\u00e3o tem respondido bem ao tratamento at\u00e9 o momento&#8221;. Ele estava&nbsp;internado desde 6 de dezembro no Hospital<\/p>\n<div class=\"read-more-wrapper\"><a class=\"read-more\" href=\"https:\/\/www2.comunitaria.com.br\/en\/paulinho-dill-de-os-atuais-e-transferido-para-hospital-de-passo-fundo\/\" title=\"Read More\"> <span class=\"button\">Read More<\/span><\/a><\/div>","protected":false},"author":2,"featured_media":67874,"comment_status":"closed","ping_status":"closed","sticky":false,"template":"","format":"standard","meta":{"ngg_post_thumbnail":0,"footnotes":""},"categories":[46,28,33],"tags":[2378,6955],"class_list":["post-67873","post","type-post","status-publish","format-standard","has-post-thumbnail","hentry","category-estado","category-destaque","category-noticias","tag-os-atuais","tag-paulinho-dill"],"amp_enabled":true,"_links":{"self":[{"href":"https:\/\/www2.comunitaria.com.br\/en\/wp-json\/wp\/v2\/posts\/67873","targetHints":{"allow":["GET"]}}],"collection":[{"href":"https:\/\/www2.comunitaria.com.br\/en\/wp-json\/wp\/v2\/posts"}],"about":[{"href":"https:\/\/www2.comunitaria.com.br\/en\/wp-json\/wp\/v2\/types\/post"}],"author":[{"embeddable":true,"href":"https:\/\/www2.comunitaria.com.br\/en\/wp-json\/wp\/v2\/users\/2"}],"replies":[{"embeddable":true,"href":"https:\/\/www2.comunitaria.com.br\/en\/wp-json\/wp\/v2\/comments?post=67873"}],"version-history":[{"count":0,"href":"https:\/\/www2.comunitaria.com.br\/en\/wp-json\/wp\/v2\/posts\/67873\/revisions"}],"wp:featuredmedia":[{"embeddable":true,"href":"https:\/\/www2.comunitaria.com.br\/en\/wp-json\/wp\/v2\/media\/67874"}],"wp:attachment":[{"href":"https:\/\/www2.comunitaria.com.br\/en\/wp-json\/wp\/v2\/media?parent=67873"}],"wp:term":[{"taxonomy":"category","embeddable":true,"href":"https:\/\/www2.comunitaria.com.br\/en\/wp-json\/wp\/v2\/categories?post=67873"},{"taxonomy":"post_tag","embeddable":true,"href":"https:\/\/www2.comunitaria.com.br\/en\/wp-json\/wp\/v2\/tags?post=67873"}],"curies":[{"name":"wp","href":"https:\/\/api.w.org\/{rel}","templated":true}]}}