{"id":67836,"date":"2024-12-20T17:15:03","date_gmt":"2024-12-20T19:15:03","guid":{"rendered":"https:\/\/www2.comunitaria.com.br\/?p=67836"},"modified":"2024-12-20T17:15:04","modified_gmt":"2024-12-20T19:15:04","slug":"divisao-de-acesso-competicao-comeca-em-maio-de-2025","status":"publish","type":"post","link":"https:\/\/www2.comunitaria.com.br\/en\/divisao-de-acesso-competicao-comeca-em-maio-de-2025\/","title":{"rendered":"Divis\u00e3o de Acesso: competi\u00e7\u00e3o come\u00e7a em maio de 2025"},"content":{"rendered":"<p class=\"p1\"><span class=\"s1\">A Federa\u00e7\u00e3o Ga\u00facha de Futebol &#8211; FGF divulga o&nbsp;<b>calend\u00e1rio oficial das competi\u00e7\u00f5es profissionais masculinas<\/b> da entidade para a temporada 2025. O Gauch\u00e3o S\u00e9rie A2 ter\u00e1 inicio no dia 17 de maio e ir\u00e1 se estender at\u00e9 31 de agosto com 21 datas.&nbsp;<\/span><\/p>\n<p>O Uni\u00e3o Frederiquense trabalha com nova diretoria para equalizar, inicialmente, as finan\u00e7as do clube para ap\u00f3s estruturar um elenco para a disputa da competi\u00e7\u00e3o.&nbsp;<\/p>\n<p>Confira o calend\u00e1rio com as demais competi\u00e7\u00f5es organizadas pela FGF:&nbsp;<\/p>\n<p><a href=\"https:\/\/www2.comunitaria.com.br\/en\/divisao-de-acesso-competicao-comeca-em-maio-de-2025\/fgf\/\" rel=\"attachment wp-att-67837\"><img loading=\"lazy\" decoding=\"async\" class=\"aligncenter size-full wp-image-67837\" src=\"http:\/\/www2.comunitaria.com.br\/wp-content\/uploads\/2024\/12\/FGF.png\" alt=\"\" width=\"568\" height=\"509\" srcset=\"https:\/\/www2.comunitaria.com.br\/wp-content\/uploads\/2024\/12\/FGF.png 568w, https:\/\/www2.comunitaria.com.br\/wp-content\/uploads\/2024\/12\/FGF-300x269.png 300w\" sizes=\"auto, (max-width: 568px) 100vw, 568px\" \/><\/a><\/p>\n<p>&nbsp;<\/p>\n<p class=\"p1\"><span class=\"s2\">&nbsp;<\/span><\/p>","protected":false},"excerpt":{"rendered":"<p>A Federa\u00e7\u00e3o Ga\u00facha de Futebol &#8211; FGF divulga o&nbsp;calend\u00e1rio oficial das competi\u00e7\u00f5es profissionais masculinas da entidade para a temporada 2025. O Gauch\u00e3o S\u00e9rie A2 ter\u00e1 inicio no dia 17 de maio e ir\u00e1 se estender at\u00e9 31 de agosto com 21 datas.&nbsp; O Uni\u00e3o Frederiquense trabalha com nova diretoria para equalizar, inicialmente, as finan\u00e7as do<\/p>\n<div class=\"read-more-wrapper\"><a class=\"read-more\" href=\"https:\/\/www2.comunitaria.com.br\/en\/divisao-de-acesso-competicao-comeca-em-maio-de-2025\/\" title=\"Read More\"> <span class=\"button\">Read More<\/span><\/a><\/div>","protected":false},"author":2,"featured_media":67839,"comment_status":"closed","ping_status":"closed","sticky":false,"template":"","format":"standard","meta":{"ngg_post_thumbnail":0,"footnotes":""},"categories":[6188,34,42,28,33,48],"tags":[],"class_list":["post-67836","post","type-post","status-publish","format-standard","has-post-thumbnail","hentry","category-esporte","category-esportes","category-fred-west","category-destaque","category-noticias","category-uniao-frederiquense"],"amp_enabled":true,"_links":{"self":[{"href":"https:\/\/www2.comunitaria.com.br\/en\/wp-json\/wp\/v2\/posts\/67836","targetHints":{"allow":["GET"]}}],"collection":[{"href":"https:\/\/www2.comunitaria.com.br\/en\/wp-json\/wp\/v2\/posts"}],"about":[{"href":"https:\/\/www2.comunitaria.com.br\/en\/wp-json\/wp\/v2\/types\/post"}],"author":[{"embeddable":true,"href":"https:\/\/www2.comunitaria.com.br\/en\/wp-json\/wp\/v2\/users\/2"}],"replies":[{"embeddable":true,"href":"https:\/\/www2.comunitaria.com.br\/en\/wp-json\/wp\/v2\/comments?post=67836"}],"version-history":[{"count":0,"href":"https:\/\/www2.comunitaria.com.br\/en\/wp-json\/wp\/v2\/posts\/67836\/revisions"}],"wp:featuredmedia":[{"embeddable":true,"href":"https:\/\/www2.comunitaria.com.br\/en\/wp-json\/wp\/v2\/media\/67839"}],"wp:attachment":[{"href":"https:\/\/www2.comunitaria.com.br\/en\/wp-json\/wp\/v2\/media?parent=67836"}],"wp:term":[{"taxonomy":"category","embeddable":true,"href":"https:\/\/www2.comunitaria.com.br\/en\/wp-json\/wp\/v2\/categories?post=67836"},{"taxonomy":"post_tag","embeddable":true,"href":"https:\/\/www2.comunitaria.com.br\/en\/wp-json\/wp\/v2\/tags?post=67836"}],"curies":[{"name":"wp","href":"https:\/\/api.w.org\/{rel}","templated":true}]}}