{"id":67804,"date":"2024-12-20T10:14:30","date_gmt":"2024-12-20T12:14:30","guid":{"rendered":"https:\/\/www2.comunitaria.com.br\/?p=67804"},"modified":"2024-12-20T10:14:31","modified_gmt":"2024-12-20T12:14:31","slug":"poder-legislativo-recebe-reconhecimento-da-diretoria-do-hdp","status":"publish","type":"post","link":"https:\/\/www2.comunitaria.com.br\/en\/poder-legislativo-recebe-reconhecimento-da-diretoria-do-hdp\/","title":{"rendered":"Poder Legislativo recebe reconhecimento da diretoria do HDP"},"content":{"rendered":"<p style=\"text-align: justify;\"><span style=\"font-weight: 400;\">A diretoria do Hospital Divina Provid\u00eancia (HDP) realizou na segunda-feira, 16, uma homenagem ao Poder Legislativo de Frederico Westphalen. Na oportunidade, foi entregue uma placa de reconhecimento ao trabalho dos vereadores da gest\u00e3o 2021-2024, pelo apoio e contribui\u00e7\u00f5es feitas \u00e0 casa de sa\u00fade nos \u00faltimos quatro anos. O momento foi conduzido pela presidente do HDP, Silvia Regina Canan e reuniu tamb\u00e9m o primeiro-vice-presidente, Alessandro Mess; o tesoureiro, Alexandre Jos\u00e9 Stival; a secret\u00e1ria, Dalila Helena Tr\u00eas e o administrador, Luis Eduardo Bertoldi. Representando a atual Legislatura estiveram presentes o presidente, Leandro Mazzutti e o vereador, Belonir Vendruscolo, al\u00e9m dos parlamentares eleitos para o mandato 2025-2028, Adilson Severo, Alessandro Molossi, Ismael Cocco dos Santos, Marizete Frozzi e Rubia Dal Puppo.<\/span><\/p>\n<p style=\"text-align: justify;\"><span style=\"font-weight: 400;\">A diretoria aproveitou a ocasi\u00e3o tamb\u00e9m para parabenizar os vereadores eleitos para a pr\u00f3xima Legislatura, desejando-lhes sucesso e refor\u00e7ando a necessidade de manter as parcerias. \u201cRefor\u00e7amos os la\u00e7os de coopera\u00e7\u00e3o entre o Hospital e o Poder Legislativo, visando o fortalecimento de a\u00e7\u00f5es em prol da sa\u00fade regional e a melhoria cont\u00ednua dos servi\u00e7os prestados \u00e0 comunidade\u201d, destacou Silvia.<\/span><\/p>\n<p style=\"text-align: justify;\"><span style=\"font-weight: 400;\">Todos dos edis agradeceram o reconhecimento e reafirmaram o compromisso de continuidade nas parcerias com o Hospital Divina Provid\u00eancia. \u201cTodos os anos aprovamos projetos de conv\u00eanios, em que s\u00e3o repassados recursos financeiros para a manuten\u00e7\u00e3o do HDP. Em 2024, inclusive, o Poder Legislativo antecipou as sobras or\u00e7ament\u00e1rias para C\u00e2mara para o Executivo, no valor de R$ 1.680.000,00, para a manuten\u00e7\u00e3o da Unidade de Terapia Intensiva (UTI). Neste m\u00eas, tamb\u00e9m foram indicadas as Emendas Impositivas Individuais dos vereadores ao Or\u00e7amento de 2025, que juntas ir\u00e3o somar mais R$ 750 mil para a constru\u00e7\u00e3o da Oncologia na casa de sa\u00fade\u201d, destacou Mazzutti.<a href=\"https:\/\/www2.comunitaria.com.br\/en\/poder-legislativo-recebe-reconhecimento-da-diretoria-do-hdp\/reconhecimento-dp-hdp-ao-legislativo-3\/\" rel=\"attachment wp-att-67805\"><img loading=\"lazy\" decoding=\"async\" class=\"aligncenter size-full wp-image-67805\" src=\"http:\/\/www2.comunitaria.com.br\/wp-content\/uploads\/2024\/12\/Reconhecimento-dp-HDP-ao-Legislativo-3.jpg\" alt=\"\" width=\"1680\" height=\"1265\" srcset=\"https:\/\/www2.comunitaria.com.br\/wp-content\/uploads\/2024\/12\/Reconhecimento-dp-HDP-ao-Legislativo-3.jpg 1680w, https:\/\/www2.comunitaria.com.br\/wp-content\/uploads\/2024\/12\/Reconhecimento-dp-HDP-ao-Legislativo-3-300x226.jpg 300w, https:\/\/www2.comunitaria.com.br\/wp-content\/uploads\/2024\/12\/Reconhecimento-dp-HDP-ao-Legislativo-3-1024x771.jpg 1024w, https:\/\/www2.comunitaria.com.br\/wp-content\/uploads\/2024\/12\/Reconhecimento-dp-HDP-ao-Legislativo-3-768x578.jpg 768w, https:\/\/www2.comunitaria.com.br\/wp-content\/uploads\/2024\/12\/Reconhecimento-dp-HDP-ao-Legislativo-3-1536x1157.jpg 1536w, https:\/\/www2.comunitaria.com.br\/wp-content\/uploads\/2024\/12\/Reconhecimento-dp-HDP-ao-Legislativo-3-1200x904.jpg 1200w\" sizes=\"auto, (max-width: 1680px) 100vw, 1680px\" \/><\/a><\/span><\/p>","protected":false},"excerpt":{"rendered":"<p>A diretoria do Hospital Divina Provid\u00eancia (HDP) realizou na segunda-feira, 16, uma homenagem ao Poder Legislativo de Frederico Westphalen. Na oportunidade, foi entregue uma placa de reconhecimento ao trabalho dos vereadores da gest\u00e3o 2021-2024, pelo apoio e contribui\u00e7\u00f5es feitas \u00e0 casa de sa\u00fade nos \u00faltimos quatro anos. O momento foi conduzido pela presidente do HDP,<\/p>\n<div class=\"read-more-wrapper\"><a class=\"read-more\" href=\"https:\/\/www2.comunitaria.com.br\/en\/poder-legislativo-recebe-reconhecimento-da-diretoria-do-hdp\/\" title=\"Read More\"> <span class=\"button\">Read More<\/span><\/a><\/div>","protected":false},"author":2,"featured_media":67805,"comment_status":"closed","ping_status":"closed","sticky":false,"template":"","format":"standard","meta":{"ngg_post_thumbnail":0,"footnotes":""},"categories":[42,28,33,37],"tags":[82,609],"class_list":["post-67804","post","type-post","status-publish","format-standard","has-post-thumbnail","hentry","category-fred-west","category-destaque","category-noticias","category-saude","tag-frederico-westphalen","tag-hdp"],"amp_enabled":true,"_links":{"self":[{"href":"https:\/\/www2.comunitaria.com.br\/en\/wp-json\/wp\/v2\/posts\/67804","targetHints":{"allow":["GET"]}}],"collection":[{"href":"https:\/\/www2.comunitaria.com.br\/en\/wp-json\/wp\/v2\/posts"}],"about":[{"href":"https:\/\/www2.comunitaria.com.br\/en\/wp-json\/wp\/v2\/types\/post"}],"author":[{"embeddable":true,"href":"https:\/\/www2.comunitaria.com.br\/en\/wp-json\/wp\/v2\/users\/2"}],"replies":[{"embeddable":true,"href":"https:\/\/www2.comunitaria.com.br\/en\/wp-json\/wp\/v2\/comments?post=67804"}],"version-history":[{"count":0,"href":"https:\/\/www2.comunitaria.com.br\/en\/wp-json\/wp\/v2\/posts\/67804\/revisions"}],"wp:featuredmedia":[{"embeddable":true,"href":"https:\/\/www2.comunitaria.com.br\/en\/wp-json\/wp\/v2\/media\/67805"}],"wp:attachment":[{"href":"https:\/\/www2.comunitaria.com.br\/en\/wp-json\/wp\/v2\/media?parent=67804"}],"wp:term":[{"taxonomy":"category","embeddable":true,"href":"https:\/\/www2.comunitaria.com.br\/en\/wp-json\/wp\/v2\/categories?post=67804"},{"taxonomy":"post_tag","embeddable":true,"href":"https:\/\/www2.comunitaria.com.br\/en\/wp-json\/wp\/v2\/tags?post=67804"}],"curies":[{"name":"wp","href":"https:\/\/api.w.org\/{rel}","templated":true}]}}