{"id":67786,"date":"2024-12-19T17:00:04","date_gmt":"2024-12-19T19:00:04","guid":{"rendered":"https:\/\/www2.comunitaria.com.br\/?p=67786"},"modified":"2024-12-19T17:00:05","modified_gmt":"2024-12-19T19:00:05","slug":"cooperados-da-cresol-raiz-recebem-r-62-milhoes-em-juros-sobre-capital-social","status":"publish","type":"post","link":"https:\/\/www2.comunitaria.com.br\/en\/cooperados-da-cresol-raiz-recebem-r-62-milhoes-em-juros-sobre-capital-social\/","title":{"rendered":"Cooperados da Cresol Raiz recebem R$ 6,2 milh\u00f5es em juros sobre capital social"},"content":{"rendered":"<p style=\"text-align: justify;\">A Cresol Raiz realizou em dezembro o pagamento de juros sobre o capital social para cooperados. Os juros s\u00e3o uma forma de remunera\u00e7\u00e3o pela participa\u00e7\u00e3o do associado no modelo de neg\u00f3cios por meio de cotas capitais \u2014 assim ele tamb\u00e9m se torna dono da cooperativa. Neste ano, mais de R$ 6,2 milh\u00f5es ser\u00e3o depositados para os cooperados da Cresol, de acordo com as suas movimenta\u00e7\u00f5es financeiras.<\/p>\n<p style=\"text-align: justify;\">Formado pelas contribui\u00e7\u00f5es dos associados, o capital social \u00e9 um dos alicerces da Cresol, permitindo a amplia\u00e7\u00e3o de sua atua\u00e7\u00e3o e o desenvolvimento de solu\u00e7\u00f5es financeiras eficientes e mais acess\u00edveis. Os juros s\u00e3o calculados com base no saldo m\u00e9dio do capital social de cada cooperado.<\/p>\n<p style=\"text-align: justify;\">Os pagamentos aconteceram no m\u00eas de dezembro e os cooperados conseguem consultar seu extrato pelo aplicativo da Cresol ou diretamente nas ag\u00eancias da cooperativa.<\/p>\n<p style=\"text-align: justify;\">Al\u00e9m de contribuir para a amplia\u00e7\u00e3o do patrim\u00f4nio do cooperado e aumentar sua seguran\u00e7a financeira para o futuro, o capital social permite \u00e0 cooperativa fazer investimentos em infraestrutura e novos produtos, o que tamb\u00e9m tem reflexo na comunidade. \u201cReceber os juros \u00e9 apenas parte do retorno por participar de uma cooperativa. A for\u00e7a do cooperativismo est\u00e1 no impacto positivo que conseguimos gerar nas comunidades onde atuamos. Cada real investido no capital social tem reflexo no desenvolvimento local, no crescimento de pequenos neg\u00f3cios e na qualidade de vida dos nossos associados\u201d, destaca Cledir Magri, presidente da Cresol Raiz e Confedera\u00e7\u00e3o.<\/p>\n<p style=\"text-align: justify;\"><strong>Sobre a Cresol Raiz<\/strong><\/p>\n<p style=\"text-align: justify;\">A Cresol Raiz, com 16 anos de hist\u00f3ria, j\u00e1 se destaca como uma cooperativa s\u00f3lida e de refer\u00eancia em sua \u00e1rea de atua\u00e7\u00e3o. Com 48 ag\u00eancias de relacionamento espalhadas pelo M\u00e9dio Alto Uruguai, Celeiro, Metropolitana e Vale do Sinos, no Rio Grande do Sul e na regi\u00e3o do Paje\u00fa, em Pernambuco, a cooperativa segue crescendo com a confian\u00e7a de seus associados, refor\u00e7ando a import\u00e2ncia do pagamento de capital social como parte fundamental para a constru\u00e7\u00e3o do seu desenvolvimento e do crescimento das comunidades em que est\u00e1 inserida.<\/p>\n<p style=\"text-align: justify;\"><a href=\"https:\/\/www2.comunitaria.com.br\/en\/cooperados-da-cresol-raiz-recebem-r-62-milhoes-em-juros-sobre-capital-social\/foto-juros-ao-capital\/\" rel=\"attachment wp-att-67787\"><img loading=\"lazy\" decoding=\"async\" class=\"aligncenter size-full wp-image-67787\" src=\"http:\/\/www2.comunitaria.com.br\/wp-content\/uploads\/2024\/12\/Foto-juros-ao-capital.jpg\" alt=\"\" width=\"1600\" height=\"1166\" srcset=\"https:\/\/www2.comunitaria.com.br\/wp-content\/uploads\/2024\/12\/Foto-juros-ao-capital.jpg 1600w, https:\/\/www2.comunitaria.com.br\/wp-content\/uploads\/2024\/12\/Foto-juros-ao-capital-300x219.jpg 300w, https:\/\/www2.comunitaria.com.br\/wp-content\/uploads\/2024\/12\/Foto-juros-ao-capital-1024x746.jpg 1024w, https:\/\/www2.comunitaria.com.br\/wp-content\/uploads\/2024\/12\/Foto-juros-ao-capital-768x560.jpg 768w, https:\/\/www2.comunitaria.com.br\/wp-content\/uploads\/2024\/12\/Foto-juros-ao-capital-1536x1119.jpg 1536w, https:\/\/www2.comunitaria.com.br\/wp-content\/uploads\/2024\/12\/Foto-juros-ao-capital-1200x875.jpg 1200w\" sizes=\"auto, (max-width: 1600px) 100vw, 1600px\" \/><\/a><\/p>","protected":false},"excerpt":{"rendered":"<p>A Cresol Raiz realizou em dezembro o pagamento de juros sobre o capital social para cooperados. Os juros s\u00e3o uma forma de remunera\u00e7\u00e3o pela participa\u00e7\u00e3o do associado no modelo de&#8230;<\/p>","protected":false},"author":2,"featured_media":67787,"comment_status":"closed","ping_status":"closed","sticky":false,"template":"","format":"standard","meta":{"ngg_post_thumbnail":0,"footnotes":""},"categories":[6177,33],"tags":[1468,6357],"class_list":["post-67786","post","type-post","status-publish","format-standard","has-post-thumbnail","hentry","category-cresol","category-noticias","tag-cresol","tag-cresol-raiz"],"amp_enabled":true,"_links":{"self":[{"href":"https:\/\/www2.comunitaria.com.br\/en\/wp-json\/wp\/v2\/posts\/67786","targetHints":{"allow":["GET"]}}],"collection":[{"href":"https:\/\/www2.comunitaria.com.br\/en\/wp-json\/wp\/v2\/posts"}],"about":[{"href":"https:\/\/www2.comunitaria.com.br\/en\/wp-json\/wp\/v2\/types\/post"}],"author":[{"embeddable":true,"href":"https:\/\/www2.comunitaria.com.br\/en\/wp-json\/wp\/v2\/users\/2"}],"replies":[{"embeddable":true,"href":"https:\/\/www2.comunitaria.com.br\/en\/wp-json\/wp\/v2\/comments?post=67786"}],"version-history":[{"count":0,"href":"https:\/\/www2.comunitaria.com.br\/en\/wp-json\/wp\/v2\/posts\/67786\/revisions"}],"wp:featuredmedia":[{"embeddable":true,"href":"https:\/\/www2.comunitaria.com.br\/en\/wp-json\/wp\/v2\/media\/67787"}],"wp:attachment":[{"href":"https:\/\/www2.comunitaria.com.br\/en\/wp-json\/wp\/v2\/media?parent=67786"}],"wp:term":[{"taxonomy":"category","embeddable":true,"href":"https:\/\/www2.comunitaria.com.br\/en\/wp-json\/wp\/v2\/categories?post=67786"},{"taxonomy":"post_tag","embeddable":true,"href":"https:\/\/www2.comunitaria.com.br\/en\/wp-json\/wp\/v2\/tags?post=67786"}],"curies":[{"name":"wp","href":"https:\/\/api.w.org\/{rel}","templated":true}]}}