{"id":67776,"date":"2024-12-18T11:41:09","date_gmt":"2024-12-18T13:41:09","guid":{"rendered":"https:\/\/www2.comunitaria.com.br\/?p=67776"},"modified":"2024-12-18T11:41:10","modified_gmt":"2024-12-18T13:41:10","slug":"poder-legislativo-divulga-nota-de-repudio","status":"publish","type":"post","link":"https:\/\/www2.comunitaria.com.br\/en\/poder-legislativo-divulga-nota-de-repudio\/","title":{"rendered":"Poder Legislativo divulga Nota de Rep\u00fadio"},"content":{"rendered":"<p style=\"text-align: justify;\"><span style=\"font-weight: 400;\">A C\u00e2mara de Vereadores de Frederico Westphalen vem por meio desta nota repudiar os fatos ocorridos durante a Sess\u00e3o Ordin\u00e1ria da ter\u00e7a-feira, 17.&nbsp;<\/span><\/p>\n<p style=\"text-align: justify;\"><span style=\"font-weight: 400;\">O Poder Legislativo abomina qualquer ato de viol\u00eancia verbal e n\u00e3o-verbal e lamenta o ocorrido nas depend\u00eancias do Plen\u00e1rio Hil\u00e1rio Piovesan da C\u00e2mara Municipal.&nbsp;<\/span><\/p>\n<p style=\"text-align: justify;\"><span style=\"font-weight: 400;\">Da mesma forma, repudiamos o completo desrespeito (por parte de alguns presentes) aos trabalhos dos Vereadores, bem como \u00e9 inadmiss\u00edvel qualquer forma de amea\u00e7a e coa\u00e7\u00e3o \u00e0 liberdade de express\u00e3o e de voto de cada membro desta Casa Legislativa.<\/span><\/p>\n<p style=\"text-align: justify;\"><span style=\"font-weight: 400;\">Reiteramos o compromisso com a comunidade e a legalidade do direito de manifesta\u00e7\u00e3o dentro dos limites legais e o direito \u00e0 Democracia.<a href=\"https:\/\/www2.comunitaria.com.br\/en\/poder-legislativo-divulga-nota-de-repudio\/nota-de-repudio\/\" rel=\"attachment wp-att-67777\"><img loading=\"lazy\" decoding=\"async\" class=\"aligncenter size-full wp-image-67777\" src=\"http:\/\/www2.comunitaria.com.br\/wp-content\/uploads\/2024\/12\/Nota-de-Repudio.png\" alt=\"\" width=\"1080\" height=\"1080\" srcset=\"https:\/\/www2.comunitaria.com.br\/wp-content\/uploads\/2024\/12\/Nota-de-Repudio.png 1080w, https:\/\/www2.comunitaria.com.br\/wp-content\/uploads\/2024\/12\/Nota-de-Repudio-300x300.png 300w, https:\/\/www2.comunitaria.com.br\/wp-content\/uploads\/2024\/12\/Nota-de-Repudio-1024x1024.png 1024w, https:\/\/www2.comunitaria.com.br\/wp-content\/uploads\/2024\/12\/Nota-de-Repudio-150x150.png 150w, https:\/\/www2.comunitaria.com.br\/wp-content\/uploads\/2024\/12\/Nota-de-Repudio-768x768.png 768w\" sizes=\"auto, (max-width: 1080px) 100vw, 1080px\" \/><\/a><\/span><\/p>\n<p>&nbsp;<\/p>","protected":false},"excerpt":{"rendered":"<p>A C\u00e2mara de Vereadores de Frederico Westphalen vem por meio desta nota repudiar os fatos ocorridos durante a Sess\u00e3o Ordin\u00e1ria da ter\u00e7a-feira, 17.&nbsp; O Poder Legislativo abomina qualquer ato de viol\u00eancia verbal e n\u00e3o-verbal e lamenta o ocorrido nas depend\u00eancias do Plen\u00e1rio Hil\u00e1rio Piovesan da C\u00e2mara Municipal.&nbsp; Da mesma forma, repudiamos o completo desrespeito (por<\/p>\n<div class=\"read-more-wrapper\"><a class=\"read-more\" href=\"https:\/\/www2.comunitaria.com.br\/en\/poder-legislativo-divulga-nota-de-repudio\/\" title=\"Read More\"> <span class=\"button\">Read More<\/span><\/a><\/div>","protected":false},"author":2,"featured_media":67777,"comment_status":"closed","ping_status":"closed","sticky":false,"template":"","format":"standard","meta":{"ngg_post_thumbnail":0,"footnotes":""},"categories":[42,28],"tags":[82],"class_list":["post-67776","post","type-post","status-publish","format-standard","has-post-thumbnail","hentry","category-fred-west","category-destaque","tag-frederico-westphalen"],"amp_enabled":true,"_links":{"self":[{"href":"https:\/\/www2.comunitaria.com.br\/en\/wp-json\/wp\/v2\/posts\/67776","targetHints":{"allow":["GET"]}}],"collection":[{"href":"https:\/\/www2.comunitaria.com.br\/en\/wp-json\/wp\/v2\/posts"}],"about":[{"href":"https:\/\/www2.comunitaria.com.br\/en\/wp-json\/wp\/v2\/types\/post"}],"author":[{"embeddable":true,"href":"https:\/\/www2.comunitaria.com.br\/en\/wp-json\/wp\/v2\/users\/2"}],"replies":[{"embeddable":true,"href":"https:\/\/www2.comunitaria.com.br\/en\/wp-json\/wp\/v2\/comments?post=67776"}],"version-history":[{"count":0,"href":"https:\/\/www2.comunitaria.com.br\/en\/wp-json\/wp\/v2\/posts\/67776\/revisions"}],"wp:featuredmedia":[{"embeddable":true,"href":"https:\/\/www2.comunitaria.com.br\/en\/wp-json\/wp\/v2\/media\/67777"}],"wp:attachment":[{"href":"https:\/\/www2.comunitaria.com.br\/en\/wp-json\/wp\/v2\/media?parent=67776"}],"wp:term":[{"taxonomy":"category","embeddable":true,"href":"https:\/\/www2.comunitaria.com.br\/en\/wp-json\/wp\/v2\/categories?post=67776"},{"taxonomy":"post_tag","embeddable":true,"href":"https:\/\/www2.comunitaria.com.br\/en\/wp-json\/wp\/v2\/tags?post=67776"}],"curies":[{"name":"wp","href":"https:\/\/api.w.org\/{rel}","templated":true}]}}