{"id":67774,"date":"2024-12-18T11:34:14","date_gmt":"2024-12-18T13:34:14","guid":{"rendered":"https:\/\/www2.comunitaria.com.br\/?p=67774"},"modified":"2024-12-18T11:34:15","modified_gmt":"2024-12-18T13:34:15","slug":"quatro-homens-sao-presos-com-fuzil-israelense-apos-ataque-a-tiros-no-rs","status":"publish","type":"post","link":"https:\/\/www2.comunitaria.com.br\/en\/quatro-homens-sao-presos-com-fuzil-israelense-apos-ataque-a-tiros-no-rs\/","title":{"rendered":"Quatro homens s\u00e3o presos com fuzil israelense ap\u00f3s ataque a tiros no RS"},"content":{"rendered":"<p style=\"text-align: justify;\">Na noite de segunda-feira, 16, quatro homens, com idades entre 18 e 27 anos, foram presos pela Brigada Militar em Serafina Corr\u00eaa, interior do Rio Grande do Sul. Eles s\u00e3o investigados por tentativa de homic\u00eddio, disparo de arma de fogo, porte ilegal de armamento restrito, recepta\u00e7\u00e3o e associa\u00e7\u00e3o criminosa.<\/p>\n<p style=\"text-align: justify;\">De acordo com a pol\u00edcia, os agentes retornavam de uma ocorr\u00eancia pela VRS-351 quando perceberam um ve\u00edculo estacionado de forma suspeita na margem da rodovia. Durante a abordagem, tiros foram ouvidos pr\u00f3ximos \u00e0 comunidade de Capela S\u00e3o Jo\u00e3o. Pouco depois, os policiais interceptaram outro ve\u00edculo com tr\u00eas homens, que circulavam na \u00e1rea.<\/p>\n<p style=\"text-align: justify;\">No carro, foram apreendidos dois fuzis calibre.556 &#8211; um americano e outro israelense equipado com mira hologr\u00e1fica &#8211; ambos com numera\u00e7\u00e3o raspada. Os agentes tamb\u00e9m encontraram 85 muni\u00e7\u00f5es, quatro carregadores de fuzil, duas toucas ninja e tr\u00eas pares de luva.<\/p>\n<p style=\"text-align: justify;\">Segundo a investiga\u00e7\u00e3o, o homem abordado inicialmente estaria esperando para auxiliar na fuga dos demais suspeitos. J\u00e1 no local dos disparos, a pol\u00edcia recolheu 49 c\u00e1psulas deflagradas de calibre .556. Uma resid\u00eancia de madeira foi atingida, mas o morador n\u00e3o sofreu ferimentos.<\/p>\n<p style=\"text-align: justify;\">Os quatro detidos foram levados para a Delegacia de Pol\u00edcia de Marau e, posteriormente, encaminhados ao pres\u00eddio. As armas e os equipamentos foram apreendidos para per\u00edcia.<\/p>\n<p style=\"text-align: justify;\"><em>Fonte: Terra<\/em><\/p>\n<p style=\"text-align: justify;\"><em>Foto: Brigada Militar<\/em><\/p>\n<p style=\"text-align: justify;\"><a href=\"https:\/\/www2.comunitaria.com.br\/en\/quatro-homens-sao-presos-com-fuzil-israelense-apos-ataque-a-tiros-no-rs\/708734439-173443422082\/\" rel=\"attachment wp-att-67775\"><img loading=\"lazy\" decoding=\"async\" class=\"aligncenter size-full wp-image-67775\" src=\"http:\/\/www2.comunitaria.com.br\/wp-content\/uploads\/2024\/12\/708734439-173443422082.webp\" alt=\"\" width=\"774\" height=\"436\" srcset=\"https:\/\/www2.comunitaria.com.br\/wp-content\/uploads\/2024\/12\/708734439-173443422082.webp 774w, https:\/\/www2.comunitaria.com.br\/wp-content\/uploads\/2024\/12\/708734439-173443422082-300x169.webp 300w, https:\/\/www2.comunitaria.com.br\/wp-content\/uploads\/2024\/12\/708734439-173443422082-768x433.webp 768w\" sizes=\"auto, (max-width: 774px) 100vw, 774px\" \/><\/a><\/p>","protected":false},"excerpt":{"rendered":"<p>Na noite de segunda-feira, 16, quatro homens, com idades entre 18 e 27 anos, foram presos pela Brigada Militar em Serafina Corr\u00eaa, interior do Rio Grande do Sul. Eles s\u00e3o investigados por tentativa de homic\u00eddio, disparo de arma de fogo, porte ilegal de armamento restrito, recepta\u00e7\u00e3o e associa\u00e7\u00e3o criminosa. De acordo com a pol\u00edcia, os<\/p>\n<div class=\"read-more-wrapper\"><a class=\"read-more\" href=\"https:\/\/www2.comunitaria.com.br\/en\/quatro-homens-sao-presos-com-fuzil-israelense-apos-ataque-a-tiros-no-rs\/\" title=\"Read More\"> <span class=\"button\">Read More<\/span><\/a><\/div>","protected":false},"author":2,"featured_media":67775,"comment_status":"closed","ping_status":"closed","sticky":false,"template":"","format":"standard","meta":{"ngg_post_thumbnail":0,"footnotes":""},"categories":[46,33,36,43],"tags":[1192,7093],"class_list":["post-67774","post","type-post","status-publish","format-standard","has-post-thumbnail","hentry","category-estado","category-noticias","category-policia","category-regiao","tag-rio-grande-do-sul","tag-serafina-correa"],"amp_enabled":true,"_links":{"self":[{"href":"https:\/\/www2.comunitaria.com.br\/en\/wp-json\/wp\/v2\/posts\/67774","targetHints":{"allow":["GET"]}}],"collection":[{"href":"https:\/\/www2.comunitaria.com.br\/en\/wp-json\/wp\/v2\/posts"}],"about":[{"href":"https:\/\/www2.comunitaria.com.br\/en\/wp-json\/wp\/v2\/types\/post"}],"author":[{"embeddable":true,"href":"https:\/\/www2.comunitaria.com.br\/en\/wp-json\/wp\/v2\/users\/2"}],"replies":[{"embeddable":true,"href":"https:\/\/www2.comunitaria.com.br\/en\/wp-json\/wp\/v2\/comments?post=67774"}],"version-history":[{"count":0,"href":"https:\/\/www2.comunitaria.com.br\/en\/wp-json\/wp\/v2\/posts\/67774\/revisions"}],"wp:featuredmedia":[{"embeddable":true,"href":"https:\/\/www2.comunitaria.com.br\/en\/wp-json\/wp\/v2\/media\/67775"}],"wp:attachment":[{"href":"https:\/\/www2.comunitaria.com.br\/en\/wp-json\/wp\/v2\/media?parent=67774"}],"wp:term":[{"taxonomy":"category","embeddable":true,"href":"https:\/\/www2.comunitaria.com.br\/en\/wp-json\/wp\/v2\/categories?post=67774"},{"taxonomy":"post_tag","embeddable":true,"href":"https:\/\/www2.comunitaria.com.br\/en\/wp-json\/wp\/v2\/tags?post=67774"}],"curies":[{"name":"wp","href":"https:\/\/api.w.org\/{rel}","templated":true}]}}