{"id":67702,"date":"2024-12-16T10:24:53","date_gmt":"2024-12-16T12:24:53","guid":{"rendered":"https:\/\/www2.comunitaria.com.br\/?p=67702"},"modified":"2024-12-16T10:24:53","modified_gmt":"2024-12-16T12:24:53","slug":"festival-atena-e-incluido-no-calendario-oficial-de-eventos-do-municipio-de-frederico-westphalen","status":"publish","type":"post","link":"https:\/\/www2.comunitaria.com.br\/en\/festival-atena-e-incluido-no-calendario-oficial-de-eventos-do-municipio-de-frederico-westphalen\/","title":{"rendered":"Festival Atena \u00e9 inclu\u00eddo no Calend\u00e1rio Oficial de Eventos do Munic\u00edpio de Frederico Westphalen"},"content":{"rendered":"<p style=\"text-align: justify;\"><span style=\"font-weight: 400;\">O tradicional Festival Atena, que em 2025 chegar\u00e1 a sua 11\u00aa edi\u00e7\u00e3o, foi inclu\u00eddo no Calend\u00e1rio Oficial de Eventos do Munic\u00edpio de Frederico Westphalen (Lei Municipal N\u00ba 2.276\/1998). A inclus\u00e3o foi aprovada de forma un\u00e2nime por todos os vereadores do Poder Legislativo, na Sess\u00e3o Ordin\u00e1ria da ter\u00e7a-feira, 10. A iniciativa do projeto de lei (PL N\u00ba 11\/2024) foi da vereadora Aline Ferrari Caeran (PP).<\/span><\/p>\n<p style=\"text-align: justify;\"><span style=\"font-weight: 400;\">Promovido pela Associa\u00e7\u00e3o Cultural Atena (ACA), o evento trata-se de um movimento cultural multilinguagem, que estimula o interc\u00e2mbio e integra\u00e7\u00e3o socioecon\u00f4mica-cultural, sendo um dos eventos culturais de destaque no Norte do Estado do Rio Grande do Sul por reunir arte, cultura, educa\u00e7\u00e3o e solidariedade, oferecendo programa\u00e7\u00e3o diversificada e gratuita para toda a comunidade. Busca especialmente fortalecer a identidade cultural, fomentar a criatividade art\u00edstica e promover a inclus\u00e3o social.<\/span><\/p>\n<p style=\"text-align: justify;\"><span style=\"font-weight: 400;\">&#8211; O Festival Atena, por meio da arte, promove o desenvolvimento econ\u00f4mico, fomentando o turismo e a gera\u00e7\u00e3o de riquezas no nosso munic\u00edpio. Conforme dados referentes \u00e0s outras edi\u00e7\u00f5es do evento, a programa\u00e7\u00e3o j\u00e1 teve at\u00e9 49 munic\u00edpios participantes, quatro universidades parceiras, cinco mil artistas, 11 institui\u00e7\u00f5es sociais assistidas, 21 mil expectadores, 125 contrata\u00e7\u00f5es de trabalho, 700 alunos nas oficinas, 36 escolas participantes, duas mil medalhas e 110 trof\u00e9us. Al\u00e9m disso, a proje\u00e7\u00e3o que se tem para a 11\u00aa edi\u00e7\u00e3o \u00e9 a abrang\u00eancia de cerca de 30 munic\u00edpios, 580 mil ouvintes das r\u00e1dios, oito mil leitores de jornais, 30 mil ouvintes de carros de som, 250 mil pessoas das redes institucionais, 200 mil contas em redes sociais, 25 escolas participantes, quatro universidades parceiras, 10 institui\u00e7\u00f5es sociais assistidas, dentre elas, Apae, Lar S\u00e3o Francisco, Liga Feminina de Combate ao C\u00e2ncer e Promenor; e mais de seis mil participantes. Portanto, tais dados demonstram de maneira significativa o fomento ao turismo, \u00e0 cultura e \u00e0 economia do munic\u00edpio de Frederico Westphalen, que sedia o evento \u2013 destaca a propositora na justificativa do projeto de lei.<\/span><\/p>\n<p style=\"text-align: justify;\"><b>RESUMO DA SESS\u00c3O<\/b><\/p>\n<p style=\"text-align: justify;\"><b>Mat\u00e9ria do Poder Executivo:&nbsp;<\/b><\/p>\n<p style=\"text-align: justify;\"><b>Projeto de Lei N\u00ba 095\/2024 \u2013 <\/b><span style=\"font-weight: 400;\">Autoriza o Poder Executivo a celebrar Conv\u00eanio de Coopera\u00e7\u00e3o com a Sociedade Beneficente do Hospital de Caridade (Ced\u00eancia de servidores p\u00fablicos municipais para atua\u00e7\u00e3o no HDP) (Pedido de Vista).<\/span><\/p>\n<p style=\"text-align: justify;\"><b>Projeto de Lei N\u00ba 100\/2024 \u2013 <\/b><span style=\"font-weight: 400;\">Altera dispositivo da Lei Municipal N\u00ba 5.164, de 18 de setembro de 2023, que autoriza o Poder Executivo Municipal a contratar, em raz\u00e3o de excepcional interesse p\u00fablico, um assistente social e um psic\u00f3logo para atua\u00e7\u00e3o na Secretaria Municipal de Assist\u00eancia Social e Habita\u00e7\u00e3o, no Projeto Renascer (Altera\u00e7\u00e3o no prazo de vig\u00eancia dos contratos, antes v\u00e1lidos at\u00e9 31 de dezembro de 2024) (Aprovado com 10 votos).<\/span><\/p>\n<p style=\"text-align: justify;\"><b>Projeto de Lei N\u00ba 101\/2024 \u2013 <\/b><span style=\"font-weight: 400;\">Altera dispositivo da Lei Municipal N\u00ba 5.263, de 12 de abril de 2024, que autoriza o Poder Executivo Municipal a contratar, em raz\u00e3o de excepcional interesse p\u00fablico, dois assistentes sociais, um psic\u00f3logo e um educador social para execu\u00e7\u00e3o da Pol\u00edtica Municipal de Assist\u00eancia Social (Altera\u00e7\u00e3o no prazo de vig\u00eancia dos contratos, antes v\u00e1lidos at\u00e9 31 de dezembro de 2024) (Aprovado com 10 votos).<\/span><\/p>\n<p style=\"text-align: justify;\"><b>Projeto de Lei N\u00ba 102\/2024 \u2013 <\/b><span style=\"font-weight: 400;\">Altera dispositivo da Lei Municipal N\u00ba 5.131, de 29 de junho de 2023, que autoriza o Poder Executivo Municipal a contratar, em raz\u00e3o de excepcional interesse p\u00fablico, seis agentes visitadores do PIM (Altera\u00e7\u00e3o no prazo de vig\u00eancia dos contratos, antes v\u00e1lidos at\u00e9 31 de dezembro de 2024) (Aprovado com 10 votos).<\/span><\/p>\n<p style=\"text-align: justify;\"><b>Projeto de Lei N\u00ba 110\/2024 \u2013 <\/b><span style=\"font-weight: 400;\">Altera dispositivo da Lei Municipal N\u00b0 5.078, de 01 de mar\u00e7o de 2023, que autoriza o Poder Executivo Municipal a contratar, em raz\u00e3o de excepcional interesse p\u00fablico, um motorista para atua\u00e7\u00e3o na Secretaria Municipal de Assist\u00eancia Social e Habita\u00e7\u00e3o e dois motoristas e um operador de m\u00e1quinas para a Secretaria Municipal de Agricultura (Altera\u00e7\u00e3o no prazo de vig\u00eancia dos contratos, antes v\u00e1lidos at\u00e9 31 de dezembro de 2024) (Aprovado com 10 votos).<\/span><\/p>\n<p style=\"text-align: justify;\"><b>Projeto de Lei N\u00ba 111\/2024 \u2013 <\/b><span style=\"font-weight: 400;\">Altera dispositivo da Lei Municipal N\u00b0 5.100, de 12 de abril de 2023, que autoriza o Poder Executivo Municipal a contratar, em raz\u00e3o de excepcional interesse p\u00fablico, oito vigilantes para atua\u00e7\u00e3o na Secretaria Municipal de Educa\u00e7\u00e3o e Cultura (Altera\u00e7\u00e3o no prazo de vig\u00eancia dos contratos, antes v\u00e1lidos at\u00e9 31 de dezembro de 2024) (Aprovado com 10 votos).<\/span><\/p>\n<p style=\"text-align: justify;\"><b>Projeto de Lei N\u00ba 113\/2024 \u2013 <\/b><span style=\"font-weight: 400;\">Altera dispositivo da Lei Municipal N\u00ba 5.179, de 20 de outubro de 2023, que autoriza o Poder Executivo Municipal a contratar, em raz\u00e3o de excepcional interesse p\u00fablico, um m\u00e9dico-veterin\u00e1rio para atua\u00e7\u00e3o na Secretaria Municipal de Agricultura (Altera\u00e7\u00e3o no prazo de vig\u00eancia do contrato, antes v\u00e1lido at\u00e9 31 de dezembro de 2024) (Aprovado com 10 votos).<\/span><\/p>\n<p style=\"text-align: justify;\"><b>Projeto de Lei N\u00ba 114\/2024 \u2013 <\/b><span style=\"font-weight: 400;\">Altera dispositivo da Lei municipal N\u00ba 5.284, de 20 de junho de 2024, que autoriza o Poder Executivo Municipal a contratar, em raz\u00e3o de excepcional interesse p\u00fablico, um condutor de ve\u00edculos de emerg\u00eancia, um atendente de Farm\u00e1cia, um farmac\u00eautico e um servente para a Secretaria Municipal de Sa\u00fade (Altera\u00e7\u00e3o no prazo de vig\u00eancia dos contratos, antes v\u00e1lidos at\u00e9 31 de dezembro de 2024) (Aprovado com 10 votos).<\/span><\/p>\n<p style=\"text-align: justify;\"><b>Projeto de Lei N\u00ba 115\/2024 \u2013 <\/b><span style=\"font-weight: 400;\">Altera dispositivo da Lei Municipal N\u00ba 5.293, de 03 de julho de 2024, que autoriza o Poder Executivo Municipal a contratar, em raz\u00e3o de excepcional interesse p\u00fablico, um educador social para atua\u00e7\u00e3o na Secretaria Municipal de Assist\u00eancia Social e Habita\u00e7\u00e3o (Altera\u00e7\u00e3o no prazo de vig\u00eancia do contrato, antes v\u00e1lido at\u00e9 31 de dezembro de 2024) (Aprovado com 10 votos).<\/span><\/p>\n<p style=\"text-align: justify;\"><b>Projeto de Lei N\u00ba 116\/2024 \u2013 <\/b><span style=\"font-weight: 400;\">Altera dispositivo da Lei Municipal N\u00ba 5.285, de 20 de junho de 2024, que autoriza o Poder Executivo Municipal a contratar, em raz\u00e3o de excepcional interesse p\u00fablico, um lubrificador para atua\u00e7\u00e3o na Secretaria Municipal de Obras, Via\u00e7\u00e3o e Servi\u00e7os Urbanos (Altera\u00e7\u00e3o no prazo de vig\u00eancia do contrato, antes v\u00e1lido at\u00e9 31 de dezembro de 2024) (Aprovado com 10 votos).<\/span><\/p>\n<p style=\"text-align: justify;\"><b>Projeto de Lei N\u00ba 117\/2024 \u2013 <\/b><span style=\"font-weight: 400;\">Altera dispositivo da Lei Municipal N\u00ba 5.117, de 25 de maio de 2023, que autoriza o Poder Executivo Municipal a contratar, em raz\u00e3o de excepcional interesse p\u00fablico, quatro oper\u00e1rios especializados, um motorista e dois operadores de m\u00e1quinas para atua\u00e7\u00e3o na Secretaria Municipal de Obras, Via\u00e7\u00e3o e Servi\u00e7os Urbanos (Altera\u00e7\u00e3o no prazo de vig\u00eancia dos contratos, antes v\u00e1lidos at\u00e9 31 de dezembro de 2024) (Aprovado com 10 votos).<\/span><\/p>\n<p style=\"text-align: justify;\"><b>Projeto de Lei N\u00ba 118\/2024 \u2013 <\/b><span style=\"font-weight: 400;\">Altera dispositivo da Lei Municipal N\u00b0 5.226, de 25 de janeiro de 2024, que autoriza o Poder Executivo Municipal a contratar, em raz\u00e3o de excepcional interesse p\u00fablico, um psic\u00f3logo e um assistente social para atua\u00e7\u00e3o no Programa Rede Bem Cuidar da Secretaria Municipal de Sa\u00fade (Altera\u00e7\u00e3o no prazo de vig\u00eancia dos contratos, antes v\u00e1lidos at\u00e9 31 de dezembro de 2024) (Aprovado com 10 votos).<\/span><\/p>\n<p style=\"text-align: justify;\"><b>Projeto de Lei N\u00ba 119\/2024 \u2013 <\/b><span style=\"font-weight: 400;\">Altera dispositivo da Lei Municipal N\u00b0 5.232, de 07 de fevereiro de 2024, que autoriza o Poder Executivo Municipal a contratar, em raz\u00e3o de excepcional interesse p\u00fablico, dois psicopedagogos, dois psic\u00f3logos, um assistente social e dois fonoaudi\u00f3logos que integram a Equipe Multidisciplinar para atua\u00e7\u00e3o na Secretaria Municipal de Educa\u00e7\u00e3o e Cultura (Altera\u00e7\u00e3o no prazo de vig\u00eancia dos contratos, antes v\u00e1lidos at\u00e9 31 de dezembro de 2024) (Aprovado com 10 votos).<\/span><\/p>\n<p style=\"text-align: justify;\"><b>Projeto de Lei N\u00ba 120\/2024 \u2013 <\/b><span style=\"font-weight: 400;\">Altera dispositivo da Lei Municipal N\u00ba 5.273, de 20 de maio de 2024 e da Lei Municipal N\u00b0 5.192, de 05 de dezembro de 2023, que autorizam o Poder Executivo Municipal a contratar, em raz\u00e3o de excepcional interesse p\u00fablico, dois psic\u00f3logos para a Secretaria Municipal de Sa\u00fade (Altera\u00e7\u00e3o no prazo de vig\u00eancia dos contratos, antes v\u00e1lidos at\u00e9 31 de dezembro de 2024) (Aprovado com 10 votos).<\/span><\/p>\n<p style=\"text-align: justify;\"><b>Projeto de Lei N\u00ba 121\/2024 \u2013 <\/b><span style=\"font-weight: 400;\">Altera dispositivo da Lei Municipal N\u00ba 5.278, de 04 de junho de 2024 e da Lei municipal de N\u00b0 5.592, de 03 de julho de 2024, que autorizam o Poder Executivo Municipal a contratar, em raz\u00e3o de excepcional interesse p\u00fablico, dois cirurgi\u00f5es-dentistas para atua\u00e7\u00e3o na Secretaria Municipal de Sa\u00fade (Altera\u00e7\u00e3o no prazo de vig\u00eancia dos contratos, antes v\u00e1lidos at\u00e9 31 de dezembro de 2024) (Aprovado com 10 votos).<\/span><\/p>\n<p style=\"text-align: justify;\"><b>Projeto de Lei N\u00ba 131\/2024 \u2013 <\/b><span style=\"font-weight: 400;\">Autoriza o Poder Executivo Municipal a receber doa\u00e7\u00e3o de im\u00f3vel, de uma \u00e1rea de 384,23 m\u00b2, localizado no Bairro S\u00e3o Jos\u00e9 (Aprovado com 10 votos).<\/span><\/p>\n<p style=\"text-align: justify;\"><b>Mat\u00e9ria do Poder Legislativo:<\/b><\/p>\n<p style=\"text-align: justify;\"><b>Projeto de Lei N\u00ba 11\/2024 \u2013 <\/b><span style=\"font-weight: 400;\">Inclui no Calend\u00e1rio Oficial de Eventos do Munic\u00edpio de Frederico Westphalen o Festival Atena (Aprovado com 10 votos).<\/span><\/p>\n<p><a href=\"https:\/\/www2.comunitaria.com.br\/en\/festival-atena-e-incluido-no-calendario-oficial-de-eventos-do-municipio-de-frederico-westphalen\/cia-retricirco-frederico-westphalen2\/\" rel=\"attachment wp-att-67704\"><img loading=\"lazy\" decoding=\"async\" class=\"aligncenter size-full wp-image-67704\" src=\"http:\/\/www2.comunitaria.com.br\/wp-content\/uploads\/2024\/12\/cia-retricirco-frederico-westphalen2.jpg\" alt=\"\" width=\"1680\" height=\"1120\" srcset=\"https:\/\/www2.comunitaria.com.br\/wp-content\/uploads\/2024\/12\/cia-retricirco-frederico-westphalen2.jpg 1680w, https:\/\/www2.comunitaria.com.br\/wp-content\/uploads\/2024\/12\/cia-retricirco-frederico-westphalen2-300x200.jpg 300w, https:\/\/www2.comunitaria.com.br\/wp-content\/uploads\/2024\/12\/cia-retricirco-frederico-westphalen2-1024x683.jpg 1024w, https:\/\/www2.comunitaria.com.br\/wp-content\/uploads\/2024\/12\/cia-retricirco-frederico-westphalen2-768x512.jpg 768w, https:\/\/www2.comunitaria.com.br\/wp-content\/uploads\/2024\/12\/cia-retricirco-frederico-westphalen2-1536x1024.jpg 1536w, https:\/\/www2.comunitaria.com.br\/wp-content\/uploads\/2024\/12\/cia-retricirco-frederico-westphalen2-1200x800.jpg 1200w\" sizes=\"auto, (max-width: 1680px) 100vw, 1680px\" \/><\/a><\/p>","protected":false},"excerpt":{"rendered":"<p>O tradicional Festival Atena, que em 2025 chegar\u00e1 a sua 11\u00aa edi\u00e7\u00e3o, foi inclu\u00eddo no Calend\u00e1rio Oficial de Eventos do Munic\u00edpio de Frederico Westphalen (Lei Municipal N\u00ba 2.276\/1998). A inclus\u00e3o&#8230;<\/p>","protected":false},"author":2,"featured_media":67704,"comment_status":"closed","ping_status":"closed","sticky":false,"template":"","format":"standard","meta":{"ngg_post_thumbnail":0,"footnotes":""},"categories":[3593,44,46,42,28,43],"tags":[2802,82],"class_list":["post-67702","post","type-post","status-publish","format-standard","has-post-thumbnail","hentry","category-cultura","category-educacao","category-estado","category-fred-west","category-destaque","category-regiao","tag-festival-atena","tag-frederico-westphalen"],"amp_enabled":true,"_links":{"self":[{"href":"https:\/\/www2.comunitaria.com.br\/en\/wp-json\/wp\/v2\/posts\/67702","targetHints":{"allow":["GET"]}}],"collection":[{"href":"https:\/\/www2.comunitaria.com.br\/en\/wp-json\/wp\/v2\/posts"}],"about":[{"href":"https:\/\/www2.comunitaria.com.br\/en\/wp-json\/wp\/v2\/types\/post"}],"author":[{"embeddable":true,"href":"https:\/\/www2.comunitaria.com.br\/en\/wp-json\/wp\/v2\/users\/2"}],"replies":[{"embeddable":true,"href":"https:\/\/www2.comunitaria.com.br\/en\/wp-json\/wp\/v2\/comments?post=67702"}],"version-history":[{"count":0,"href":"https:\/\/www2.comunitaria.com.br\/en\/wp-json\/wp\/v2\/posts\/67702\/revisions"}],"wp:featuredmedia":[{"embeddable":true,"href":"https:\/\/www2.comunitaria.com.br\/en\/wp-json\/wp\/v2\/media\/67704"}],"wp:attachment":[{"href":"https:\/\/www2.comunitaria.com.br\/en\/wp-json\/wp\/v2\/media?parent=67702"}],"wp:term":[{"taxonomy":"category","embeddable":true,"href":"https:\/\/www2.comunitaria.com.br\/en\/wp-json\/wp\/v2\/categories?post=67702"},{"taxonomy":"post_tag","embeddable":true,"href":"https:\/\/www2.comunitaria.com.br\/en\/wp-json\/wp\/v2\/tags?post=67702"}],"curies":[{"name":"wp","href":"https:\/\/api.w.org\/{rel}","templated":true}]}}