{"id":67472,"date":"2024-12-12T17:07:37","date_gmt":"2024-12-12T19:07:37","guid":{"rendered":"https:\/\/www2.comunitaria.com.br\/?p=67472"},"modified":"2024-12-12T17:07:37","modified_gmt":"2024-12-12T19:07:37","slug":"producao-de-graos-no-pais-pode-chegar-a-3224-milhoes-de-toneladas-na-safra-2024-25-estima-conab","status":"publish","type":"post","link":"https:\/\/www2.comunitaria.com.br\/en\/producao-de-graos-no-pais-pode-chegar-a-3224-milhoes-de-toneladas-na-safra-2024-25-estima-conab\/","title":{"rendered":"Produ\u00e7\u00e3o de gr\u00e3os no pa\u00eds pode chegar a 322,4 milh\u00f5es de toneladas na safra 2024\/25, estima Conab"},"content":{"rendered":"<p dir=\"ltr\" style=\"text-align: justify;\">A estimativa para a safra de gr\u00e3os 2024\/25 \u00e9 de uma produ\u00e7\u00e3o de 322,4 milh\u00f5es de toneladas no pa\u00eds, o que representa um aumento de 8,2%, ou seja, 24,5 milh\u00f5es de toneladas superior ao volume obtido no ciclo 2023\/24. Caso o resultado seja confirmado, ser\u00e1 a maior safra registrada na s\u00e9rie hist\u00f3rica da Companhia Nacional de Abastecimento (Conab). J\u00e1 com rela\u00e7\u00e3o \u00e0 \u00e1rea, a expectativa \u00e9 que sejam semeados 81,39 milh\u00f5es de hectares na atual safra, somando todos os ciclos de produ\u00e7\u00e3o, o que corresponde a uma adi\u00e7\u00e3o de 1,45 milh\u00e3o de hectares em rela\u00e7\u00e3o \u00e0 temporada anterior. Os n\u00fameros constam no terceiro levantamento da safra de gr\u00e3os, divulgado nesta quinta-feira (12) pela estatal.&nbsp;<\/p>\n<p style=\"text-align: justify;\">&nbsp;<\/p>\n<p dir=\"ltr\" style=\"text-align: justify;\">\u201cAs chuvas ocorridas at\u00e9 o momento favorecem as lavouras nos principais estados produtores. Em alguns locais tivemos curtos per\u00edodos de falta de chuva, mas n\u00e3o o suficiente para influenciar na estimativa de um novo recorde na produ\u00e7\u00e3o brasileira de gr\u00e3os\u201d, destaca o presidente da Companhia, Edegar Pretto.<\/p>\n<p style=\"text-align: justify;\">&nbsp;<\/p>\n<p dir=\"ltr\" style=\"text-align: justify;\">A semeadura da soja entra nos est\u00e1gios finais. Nesta semana, o \u00edndice de plantio atingiu 94,1% dos 47,37 milh\u00f5es de hectares destinados para a oleaginosa. O clima tem contribu\u00eddo para a implanta\u00e7\u00e3o e o desenvolvimento da cultura em grande parte dos estados produtores. Em algumas regi\u00f5es do Mato Grosso do Sul, Paran\u00e1, Piau\u00ed, Tocantins e Maranh\u00e3o foram registrados curtos per\u00edodos de falta de chuva. Ainda assim, as condi\u00e7\u00f5es clim\u00e1ticas s\u00e3o favor\u00e1veis e \u00e9 esperada uma produ\u00e7\u00e3o de 166,21 milh\u00f5es de toneladas, uma alta 12,5% em rela\u00e7\u00e3o ao volume colhido em 2023\/24.<\/p>\n<p style=\"text-align: justify;\">&nbsp;<\/p>\n<p dir=\"ltr\" style=\"text-align: justify;\">Com crescimento de 9,8% na \u00e1rea destinada para o arroz, estimada em 1,77 milh\u00e3o de hectares, o plantio da cultura tamb\u00e9m avan\u00e7a e j\u00e1 chega a 86,6%. De acordo com o levantamento da Conab, \u00e9 esperado um incremento de \u00e1rea tanto no cultivo do arroz de sequeiro quanto sob irriga\u00e7\u00e3o. Com isso, a produ\u00e7\u00e3o est\u00e1 estimada em torno de 12,1 milh\u00f5es de toneladas do gr\u00e3o.<\/p>\n<p style=\"text-align: justify;\">&nbsp;<\/p>\n<p dir=\"ltr\" style=\"text-align: justify;\">No caso do feij\u00e3o, \u00e9 esperado um crescimento de 1,7% na \u00e1rea, estimada em 2,9 milh\u00f5es de hectares. O maior incremento na \u00e1rea \u00e9 esperado no primeiro ciclo de plantio da leguminosa, podendo chegar a 907 mil hectares, e a semeadura j\u00e1 atinge 60,5%. A produ\u00e7\u00e3o total tamb\u00e9m deve crescer 3,5% com expectativa de atingir volume em torno de 3,36 milh\u00f5es de toneladas.<\/p>\n<p style=\"text-align: justify;\">&nbsp;<\/p>\n<p dir=\"ltr\" style=\"text-align: justify;\">Para o milho, a previs\u00e3o \u00e9 de uma produ\u00e7\u00e3o total de 119,63 milh\u00f5es de toneladas, 3,4% acima da safra anterior. Apenas no primeiro ciclo do cereal, \u00e9 esperada uma colheita de 22,61 milh\u00f5es de toneladas. A semeadura da primeira safra j\u00e1 ultrapassa 70% da \u00e1rea e as condi\u00e7\u00f5es clim\u00e1ticas, nas principais regi\u00f5es produtoras, favorecem as lavouras. A Conab tamb\u00e9m prev\u00ea uma eleva\u00e7\u00e3o de 3% na \u00e1rea destinada ao cultivo de algod\u00e3o, com o plantio chegando a aproximadamente 2 milh\u00f5es de hectares, o que resulta em uma estimativa de produ\u00e7\u00e3o de pluma em 3,69 milh\u00f5es de toneladas.<\/p>\n<p style=\"text-align: justify;\">&nbsp;<\/p>\n<p dir=\"ltr\" style=\"text-align: justify;\">J\u00e1 a colheita das lavouras de inverno da safra 2024 caminha para a sua finaliza\u00e7\u00e3o, com a conclus\u00e3o prevista para meados deste m\u00eas. Para o trigo, principal produto cultivado, a estimativa \u00e9 de uma colheita de 8,06 milh\u00f5es de toneladas, redu\u00e7\u00e3o de 0,4% do resultado obtido na safra anterior. Essa menor produ\u00e7\u00e3o foi ocasionada, principalmente, pela redu\u00e7\u00e3o de 14,1% na \u00e1rea de plantio dos estados da regi\u00e3o Sul, que representam 85,4% da \u00e1rea ocupada com trigo no pa\u00eds, aliada ao comportamento clim\u00e1tico desfavor\u00e1vel durante todo o ciclo da cultura no Paran\u00e1.<\/p>\n<p style=\"text-align: justify;\">&nbsp;<\/p>\n<p dir=\"ltr\" style=\"text-align: justify;\"><strong>Maior safra da hist\u00f3ria do RS<\/strong><\/p>\n<p dir=\"ltr\" style=\"text-align: justify;\">A Conab prev\u00ea, para o Rio Grande do Sul, uma safra recorde de 38,29 milh\u00f5es de toneladas de gr\u00e3os, um aumento de 3,3% em rela\u00e7\u00e3o \u00e0 safra passada. Isso mant\u00e9m o estado na posi\u00e7\u00e3o de terceiro maior produtor de gr\u00e3os no pa\u00eds. J\u00e1 a \u00e1rea semeada est\u00e1 prevista em 10,49 milh\u00f5es de hectares, um crescimento de 0,7%. O terceiro levantamento da Companhia mostra um cen\u00e1rio de recupera\u00e7\u00e3o de safra e de estabilidade em rela\u00e7\u00e3o \u00e0s estimativas iniciais do ciclo 2024\/25.<\/p>\n<p style=\"text-align: justify;\">&nbsp;<\/p>\n<p dir=\"ltr\" style=\"text-align: justify;\">Soja&nbsp;\u2013 O RS \u00e9 o terceiro estado que mais produz soja, atr\u00e1s do Mato Grosso e do Paran\u00e1, resultado da recupera\u00e7\u00e3o de produtividade da cultura. O volume esperado \u00e9 de 20,34 milh\u00f5es de toneladas, um aumento de 3,5%. A \u00e1rea cultivada deve ter eleva\u00e7\u00e3o de 1,1%, chegando a 6,84 milh\u00f5es de hectares.<\/p>\n<p style=\"text-align: justify;\">&nbsp;<\/p>\n<p dir=\"ltr\" style=\"text-align: justify;\">Milho&nbsp;\u2013 A produ\u00e7\u00e3o de milho deve alcan\u00e7ar 4,3 milh\u00f5es de toneladas, uma queda de 11,4%. A \u00e1rea tamb\u00e9m apresenta redu\u00e7\u00e3o, de 11,7%, e est\u00e1 prevista em 719,6 mil hectares. As lavouras de primeira safra foram semeadas em agosto, setembro e outubro. Em dezembro, deve-se iniciar o plantio das \u00e1reas mais tardias, em sucess\u00e3o, principalmente, aos cultivos de fumo, pastagens e milho silagem.<\/p>\n<p style=\"text-align: justify;\">&nbsp;<\/p>\n<p dir=\"ltr\" style=\"text-align: justify;\">Arroz&nbsp;\u2013 A safra de arroz pode chegar a 8,26 milh\u00f5es de toneladas. J\u00e1 as lavouras somam 988 mil hectares. As altas s\u00e3o, respectivamente, de 15,3% na produ\u00e7\u00e3o e de 9,7% na \u00e1rea. A expectativa \u00e9 de aumento da \u00e1rea cultivada em todas as regi\u00f5es produtoras, com destaque para as regi\u00f5es Sul e Fronteira Oeste.<\/p>\n<p style=\"text-align: justify;\">&nbsp;<\/p>\n<p dir=\"ltr\" style=\"text-align: justify;\">Trigo (safra 2023\/24)&nbsp;\u2013 A estimativa de produ\u00e7\u00e3o de trigo \u00e9 de 4,12 milh\u00f5es de toneladas, um aumento de 42,3%. A \u00e1rea est\u00e1 prevista em 1,34 milh\u00e3o de hectares, uma queda de 10,6%. O levantamento mostrou uma \u00e1rea menor, mas uma boa produtividade, recuperando em rela\u00e7\u00e3o \u00e0 safra passada. A colheita est\u00e1 praticamente finalizada em todas as regi\u00f5es do estado.<\/p>\n<p>Feij\u00e3o&nbsp;\u2013 O RS deve colher 76 mil toneladas de feij\u00e3o, 6% a mais do que na safra anterior. A \u00e1rea est\u00e1 prevista em 49,4 mil hectares, uma alta de 1,9%. O cultivo do feij\u00e3o cores se concentra no Planalto Superior, onde a semeadura ocorre a partir de dezembro. A \u00e1rea cultivada tem apresentado uma tend\u00eancia de aumento nas safras recentes, devido \u00e0 rentabilidade e \u00e0s condi\u00e7\u00f5es clim\u00e1ticas favor\u00e1veis. J\u00e1 a semeadura do feij\u00e3o preto de primeira safra alcan\u00e7a 70% da \u00e1rea prevista no estado. A \u00e1rea tem apresentado tend\u00eancia de redu\u00e7\u00e3o nas safras recentes, uma vez que quest\u00f5es mercadol\u00f3gicas t\u00eam influenciado na decis\u00e3o do plantio, exceto nas \u00e1reas do Planalto Superior, onde h\u00e1 sistemas de rota\u00e7\u00e3o de culturas e perspectivas de boas produtividades.<\/p>\n<p style=\"text-align: justify;\">&nbsp;<\/p>\n<p dir=\"ltr\" style=\"text-align: justify;\">As informa\u00e7\u00f5es completas sobre o 3\u00b0 Levantamento da Safra de Gr\u00e3os 2024\/25 e as condi\u00e7\u00f5es de mercado destes produtos podem ser conferidos no Portal da Conab:&nbsp;<a href=\"https:\/\/www.conab.gov.br\/info-agro\/safras\/graos\" target=\"_blank\" rel=\"noopener\" data-saferedirecturl=\"https:\/\/www.google.com\/url?q=https:\/\/www.conab.gov.br\/info-agro\/safras\/graos&amp;source=gmail&amp;ust=1734113518583000&amp;usg=AOvVaw3NVLVEYpNb9Y_8mna3jn6I\">https:\/\/www.conab.gov.br\/info-<wbr>agro\/safras\/graos<\/a> <a href=\"https:\/\/www2.comunitaria.com.br\/en\/producao-de-graos-no-pais-pode-chegar-a-3224-milhoes-de-toneladas-na-safra-2024-25-estima-conab\/foto-paulo-kurtz-embrapa\/\" rel=\"attachment wp-att-67473\"><img loading=\"lazy\" decoding=\"async\" class=\"aligncenter size-full wp-image-67473\" src=\"http:\/\/www2.comunitaria.com.br\/wp-content\/uploads\/2024\/12\/Foto-Paulo-Kurtz-Embrapa.jpg\" alt=\"\" width=\"1680\" height=\"1128\" srcset=\"https:\/\/www2.comunitaria.com.br\/wp-content\/uploads\/2024\/12\/Foto-Paulo-Kurtz-Embrapa.jpg 1680w, https:\/\/www2.comunitaria.com.br\/wp-content\/uploads\/2024\/12\/Foto-Paulo-Kurtz-Embrapa-300x201.jpg 300w, https:\/\/www2.comunitaria.com.br\/wp-content\/uploads\/2024\/12\/Foto-Paulo-Kurtz-Embrapa-1024x688.jpg 1024w, https:\/\/www2.comunitaria.com.br\/wp-content\/uploads\/2024\/12\/Foto-Paulo-Kurtz-Embrapa-768x516.jpg 768w, https:\/\/www2.comunitaria.com.br\/wp-content\/uploads\/2024\/12\/Foto-Paulo-Kurtz-Embrapa-1536x1031.jpg 1536w, https:\/\/www2.comunitaria.com.br\/wp-content\/uploads\/2024\/12\/Foto-Paulo-Kurtz-Embrapa-1200x806.jpg 1200w\" sizes=\"auto, (max-width: 1680px) 100vw, 1680px\" \/><\/a><\/p>","protected":false},"excerpt":{"rendered":"<p>A estimativa para a safra de gr\u00e3os 2024\/25 \u00e9 de uma produ\u00e7\u00e3o de 322,4 milh\u00f5es de toneladas no pa\u00eds, o que representa um aumento de 8,2%, ou seja, 24,5 milh\u00f5es&#8230;<\/p>","protected":false},"author":2,"featured_media":67473,"comment_status":"closed","ping_status":"closed","sticky":false,"template":"","format":"standard","meta":{"ngg_post_thumbnail":0,"footnotes":""},"categories":[6254,47,39,46,28],"tags":[591,4807,1192],"class_list":["post-67472","post","type-post","status-publish","format-standard","has-post-thumbnail","hentry","category-agricultura","category-brasil","category-economia","category-estado","category-destaque","tag-agricultura","tag-conab","tag-rio-grande-do-sul"],"amp_enabled":true,"_links":{"self":[{"href":"https:\/\/www2.comunitaria.com.br\/en\/wp-json\/wp\/v2\/posts\/67472","targetHints":{"allow":["GET"]}}],"collection":[{"href":"https:\/\/www2.comunitaria.com.br\/en\/wp-json\/wp\/v2\/posts"}],"about":[{"href":"https:\/\/www2.comunitaria.com.br\/en\/wp-json\/wp\/v2\/types\/post"}],"author":[{"embeddable":true,"href":"https:\/\/www2.comunitaria.com.br\/en\/wp-json\/wp\/v2\/users\/2"}],"replies":[{"embeddable":true,"href":"https:\/\/www2.comunitaria.com.br\/en\/wp-json\/wp\/v2\/comments?post=67472"}],"version-history":[{"count":0,"href":"https:\/\/www2.comunitaria.com.br\/en\/wp-json\/wp\/v2\/posts\/67472\/revisions"}],"wp:featuredmedia":[{"embeddable":true,"href":"https:\/\/www2.comunitaria.com.br\/en\/wp-json\/wp\/v2\/media\/67473"}],"wp:attachment":[{"href":"https:\/\/www2.comunitaria.com.br\/en\/wp-json\/wp\/v2\/media?parent=67472"}],"wp:term":[{"taxonomy":"category","embeddable":true,"href":"https:\/\/www2.comunitaria.com.br\/en\/wp-json\/wp\/v2\/categories?post=67472"},{"taxonomy":"post_tag","embeddable":true,"href":"https:\/\/www2.comunitaria.com.br\/en\/wp-json\/wp\/v2\/tags?post=67472"}],"curies":[{"name":"wp","href":"https:\/\/api.w.org\/{rel}","templated":true}]}}