{"id":6747,"date":"2015-08-20T15:20:50","date_gmt":"2015-08-20T17:20:50","guid":{"rendered":"http:\/\/www2.comunitaria.com.br\/?p=6747"},"modified":"2015-08-20T15:20:50","modified_gmt":"2015-08-20T17:20:50","slug":"uergs-promove-manifestacao-no-centro-de-frederico-westphalen","status":"publish","type":"post","link":"https:\/\/www2.comunitaria.com.br\/en\/uergs-promove-manifestacao-no-centro-de-frederico-westphalen\/","title":{"rendered":"Uergs promove manifesta\u00e7\u00e3o no centro de Frederico Westphalen"},"content":{"rendered":"<p style=\"text-align: justify;\">Est\u00e1 programado para acontecer na noite desta quinta-feira, 20, na pra\u00e7a da matriz, em Frederico Westphalen, mais uma manifesta\u00e7\u00e3o contra as medidas que vem sendo adotadas pelo governo do Estado.<\/p>\n<p style=\"text-align: justify;\">A organiza\u00e7\u00e3o do protesto ser\u00e1 da Associa\u00e7\u00e3o dos Docentes da Uergs \u2013 Aduergs \u2013 de Frederico Westphalen, al\u00e9m do movimento dos estudantes da institui\u00e7\u00e3o e tem previs\u00e3o de in\u00edcio \u00e0s 20 horas. Os servidores convidam outras entidades a participarem da mobiliza\u00e7\u00e3o que tem como foco a defesa da Universidade Estadual do Rio Grande do Sul, dos servi\u00e7os p\u00fablicos e dos servidores p\u00fablicos do Estado.<\/p>\n<p style=\"text-align: justify;\"><strong>O Alto Uruguai<\/strong><\/p>\n<p style=\"text-align: justify;\"><strong>Foto: \u00a0Mobiliza\u00e7\u00e3o de professores em Frederico Westphalen, realizada pelo\u00a0Cpers.<\/strong><\/p>","protected":false},"excerpt":{"rendered":"<p>Est\u00e1 programado para acontecer na noite desta quinta-feira, 20, na pra\u00e7a da matriz, em Frederico Westphalen, mais uma manifesta\u00e7\u00e3o contra as medidas que vem sendo adotadas pelo governo do Estado. A organiza\u00e7\u00e3o do protesto ser\u00e1 da Associa\u00e7\u00e3o dos Docentes da Uergs \u2013 Aduergs \u2013 de Frederico Westphalen, al\u00e9m do movimento dos estudantes da institui\u00e7\u00e3o e<\/p>\n<div class=\"read-more-wrapper\"><a class=\"read-more\" href=\"https:\/\/www2.comunitaria.com.br\/en\/uergs-promove-manifestacao-no-centro-de-frederico-westphalen\/\" title=\"Read More\"> <span class=\"button\">Read More<\/span><\/a><\/div>","protected":false},"author":2,"featured_media":6748,"comment_status":"open","ping_status":"closed","sticky":false,"template":"","format":"standard","meta":{"ngg_post_thumbnail":0,"footnotes":""},"categories":[44,46,42,33],"tags":[519,1500,1413,126],"class_list":["post-6747","post","type-post","status-publish","format-standard","has-post-thumbnail","hentry","category-educacao","category-estado","category-fred-west","category-noticias","tag-estado-2","tag-manifestacao","tag-servidores-publicos","tag-uergs"],"amp_enabled":true,"_links":{"self":[{"href":"https:\/\/www2.comunitaria.com.br\/en\/wp-json\/wp\/v2\/posts\/6747","targetHints":{"allow":["GET"]}}],"collection":[{"href":"https:\/\/www2.comunitaria.com.br\/en\/wp-json\/wp\/v2\/posts"}],"about":[{"href":"https:\/\/www2.comunitaria.com.br\/en\/wp-json\/wp\/v2\/types\/post"}],"author":[{"embeddable":true,"href":"https:\/\/www2.comunitaria.com.br\/en\/wp-json\/wp\/v2\/users\/2"}],"replies":[{"embeddable":true,"href":"https:\/\/www2.comunitaria.com.br\/en\/wp-json\/wp\/v2\/comments?post=6747"}],"version-history":[{"count":0,"href":"https:\/\/www2.comunitaria.com.br\/en\/wp-json\/wp\/v2\/posts\/6747\/revisions"}],"wp:featuredmedia":[{"embeddable":true,"href":"https:\/\/www2.comunitaria.com.br\/en\/wp-json\/wp\/v2\/media\/6748"}],"wp:attachment":[{"href":"https:\/\/www2.comunitaria.com.br\/en\/wp-json\/wp\/v2\/media?parent=6747"}],"wp:term":[{"taxonomy":"category","embeddable":true,"href":"https:\/\/www2.comunitaria.com.br\/en\/wp-json\/wp\/v2\/categories?post=6747"},{"taxonomy":"post_tag","embeddable":true,"href":"https:\/\/www2.comunitaria.com.br\/en\/wp-json\/wp\/v2\/tags?post=6747"}],"curies":[{"name":"wp","href":"https:\/\/api.w.org\/{rel}","templated":true}]}}