{"id":67337,"date":"2024-12-04T17:32:43","date_gmt":"2024-12-04T19:32:43","guid":{"rendered":"https:\/\/www2.comunitaria.com.br\/?p=67337"},"modified":"2024-12-04T17:32:44","modified_gmt":"2024-12-04T19:32:44","slug":"pib-do-brasil-e-destaque-do-g20-mas-nivel-de-investimento-preocupa","status":"publish","type":"post","link":"https:\/\/www2.comunitaria.com.br\/en\/pib-do-brasil-e-destaque-do-g20-mas-nivel-de-investimento-preocupa\/","title":{"rendered":"PIB do Brasil \u00e9 destaque do G20, mas n\u00edvel de investimento preocupa"},"content":{"rendered":"<p style=\"text-align: justify;\">O Brasil teve o quarto maior crescimento econ\u00f4mico no terceiro trimestre de 2024 entre os pa\u00edses do G20 que j\u00e1 divulgaram o resultado do per\u00edodo. O G20 re\u00fane as 19 maiores economias do mundo mais as uni\u00f5es Europeia e Africana. De acordo com o Sistema de Contas Nacionais Trimestrais, divulgado na ter\u00e7a-feira (3) pelo Instituto Brasileiro de Geografia e Estat\u00edstica (IBGE), a&nbsp;expans\u00e3o ante o segundo trimestre foi de 0,9%.<img decoding=\"async\" src=\"https:\/\/agenciabrasil.ebc.com.br\/ebc.png?id=1622404&amp;o=node\"><img decoding=\"async\" src=\"https:\/\/agenciabrasil.ebc.com.br\/ebc.gif?id=1622404&amp;o=node\"><\/p>\n<p style=\"text-align: justify;\">Apesar do destaque no&nbsp;<em>ranking<\/em>&nbsp;de crescimento, especialistas ouvidos pela&nbsp;<strong>Ag\u00eancia Brasil<\/strong>&nbsp;defendem o aumento da produtividade e do n\u00edvel de investimentos para que o desempenho positivo do Produto Interno Bruto (PIB, conjunto de todos os bens e servi\u00e7os produzidos no pa\u00eds) n\u00e3o seja apenas um \u201cvoo da galinha\u201d, ou seja, n\u00e3o duradouro.<\/p>\n<p style=\"text-align: justify;\">Um&nbsp;levantamento&nbsp;feito pela Secretaria de Pol\u00edtica Econ\u00f4mica (SPE) do Minist\u00e9rio da Fazenda mostra que o desempenho trimestral da economia brasileira fica atr\u00e1s apenas do da Indon\u00e9sia (+1,5%), \u00cdndia (+1,3%) e do M\u00e9xico (1,1%), se igualando \u00e0 expans\u00e3o da China (+0,9%). O&nbsp;<em>ranking<\/em>&nbsp;mostra que o pa\u00eds supera na\u00e7\u00f5es como os Estados Unidos (+0,7%), a Fran\u00e7a (+0,4%), Alemanha (+01%) e o Reino Unido (+0,1).<\/p>\n<p style=\"text-align: justify;\">Comparando o terceiro trimestre de 2024 com o mesmo per\u00edodo de 2023, o Brasil tamb\u00e9m apresenta a quarta maior expans\u00e3o, com um salto de 4%, ficando atr\u00e1s apenas da&nbsp;\u00cdndia (5,4%), Indon\u00e9sia (5%) e China (4,6%). Os Estados Unidos, maior economia do mundo, s\u00e3o o s\u00e9timo colocado, com alta do PIB de 2,7%.<\/p>\n<p style=\"text-align: justify;\">\u201cRealmente esse crescimento est\u00e1 sendo forte n\u00e3o s\u00f3 no terceiro trimestre, mas ao longo do ano\u201d, destaca a economista Juliana Trece, do Instituto Brasileiro de Economia (Ibre) da Funda\u00e7\u00e3o Getulio Vargas (FGV).<\/p>\n<h2 style=\"text-align: justify;\">Expectativa revista<\/h2>\n<p style=\"text-align: justify;\">Com o resultado brasileiro no terceiro trimestre de 2024 tido como surpreendente, a SPE afirma que a proje\u00e7\u00e3o do Minist\u00e9rio da Fazenda para o crescimento do PIB deste ano, atualmente em 3,3%, \u201cdever\u00e1 ser revisada para cima\u201d.<\/p>\n<p style=\"text-align: justify;\">J\u00e1 o&nbsp;boletim Focus, elaborado pelo Banco Central a partir da proje\u00e7\u00e3o de institui\u00e7\u00f5es financeiras, estima que o PIB crescer\u00e1 3,22% este ano. H\u00e1 quatro semanas, a proje\u00e7\u00e3o era de 3,10%.<\/p>\n<p style=\"text-align: justify;\">De acordo com o professor adjunto de economia Caio Ferrari, da Universidade do Estado do Rio de Janeiro (Uerj), a expans\u00e3o do PIB n\u00e3o ser\u00e1 suficiente para o pa\u00eds subir no&nbsp;<em>ranking<\/em>&nbsp;global de economias. Ele cita que os pa\u00edses que antecedem o Brasil s\u00e3o o Canad\u00e1 (nono) e a It\u00e1lia (oitavo).<\/p>\n<p style=\"text-align: justify;\">\u201cO Canad\u00e1 vive um momento bom economicamente, infla\u00e7\u00e3o baixa e aumento da imigra\u00e7\u00e3o. A It\u00e1lia vive um momento um pouco mais complicado, com desafios como alto endividamento, mas a diferen\u00e7a do tamanho da produ\u00e7\u00e3o gira em torno de US$ 200 bilh\u00f5es [R$ 1,2 trilh\u00e3o]. Ent\u00e3o, pelo menos no curto prazo, o crescimento do Brasil n\u00e3o vai permitir alcan\u00e7ar essas economias\u201d, avalia.<\/p>\n<p style=\"text-align: justify;\">\u201cOutro ponto \u00e9 que o crescimento acumulado no \u00faltimo ano, que gira em torno de 4%, \u00e9 pr\u00f3ximo da m\u00e9dia de economias em desenvolvimento como o Brasil, ou seja, o pa\u00eds se expande, mais ou menos, no ritmo que pa\u00edses parecidos crescem\u201d, completa.<\/p>\n<h2 style=\"text-align: justify;\">Necessidade de investimentos<\/h2>\n<p style=\"text-align: justify;\">A economista Juliana Trece pondera que o Brasil tem um grande desafio para manter trajet\u00f3ria de crescimento no&nbsp;<em>ranking<\/em>&nbsp;global. \u201cA gente acaba sempre enfrentando uma barreira na compara\u00e7\u00e3o internacional relacionada \u00e0 nossa taxa de investimento.\u201d<\/p>\n<p style=\"text-align: justify;\">De acordo com o IBGE, a taxa de investimento brasileira no terceiro trimestre ficou em 17,6%, o que representa um crescimento em rela\u00e7\u00e3o \u00e0 observada no mesmo per\u00edodo do ano anterior (16,4%).<\/p>\n<p style=\"text-align: justify;\">\u201cSubiu, mas, se comparar com outros pa\u00edses, ainda \u00e9 uma taxa muito baixa. Na Am\u00e9rica Latina, por exemplo, est\u00e1 em torno de 21%\u201d, explica a coordenadora do Monitor do PIB da FGV, estudo que busca adiantar dados sobre o comportamento da economia brasileira.<\/p>\n<p style=\"text-align: justify;\">Ela acrescenta&nbsp;que o Brasil enfrenta a perspectiva de aumento da taxa b\u00e1sica de juros (Selic) em 2025, \u201ce isso afeta exatamente o investimento\u201d.<\/p>\n<p style=\"text-align: justify;\">A Selic \u00e9 um instrumento do Banco Central para, principalmente, controlar a infla\u00e7\u00e3o. Taxa alta \u00e9 sin\u00f4nimo de freio na atividade econ\u00f4mica, o que tem potencial de conter aumento de pre\u00e7os, mas, por outro lado, desestimula investimentos e a cria\u00e7\u00e3o de emprego e renda.<\/p>\n<p style=\"text-align: justify;\">Atualmente a&nbsp;taxa est\u00e1 em 11,25% ao ano. A expectativa do Focus \u00e9 que os juros b\u00e1sicos terminem 2025 em 12,63% ao ano.<\/p>\n<p style=\"text-align: justify;\">Ao apontar motores da economia brasileira, o professor Caio Ferrari cita o agroneg\u00f3cio voltado \u00e0 exporta\u00e7\u00e3o, \u201ca desvaloriza\u00e7\u00e3o do c\u00e2mbio ajuda a tornar as exporta\u00e7\u00f5es brasileiras mais competitivas\u201d, e a demanda gerada pelos gastos crescentes do governo.<\/p>\n<p style=\"text-align: justify;\">Mas ele ressalta que, para a trajet\u00f3ria de crescimento se mostrar sustent\u00e1vel, \u00e9 preciso que a capacidade de produ\u00e7\u00e3o da economia se expanda, em vez de depender de aumento de exporta\u00e7\u00f5es e de demanda impulsionada por gastos do governo.<\/p>\n<p style=\"text-align: justify;\">\u201cUma expans\u00e3o do lado da forma\u00e7\u00e3o de capital fixo [investimentos] seria um indicativo mais confi\u00e1vel de que o crescimento seria mais perene ou de longo prazo\u201d, afirma.<\/p>\n<blockquote><p>\u201cO principal desafio da economia brasileira est\u00e1 no ganho de produtividade e, nesse quesito, os dados mostram, na verdade, uma piora nos \u00faltimos anos desde a crise pol\u00edtica que j\u00e1 vai completar dez anos em breve\u201d, complementa Caio Ferrari, citando a crise que terminou no&nbsp;<em>impeachment<\/em>&nbsp;da presidente Dilma Rousseff, em 2016.<\/p><\/blockquote>\n<h2 style=\"text-align: justify;\">Qualidade de vida<\/h2>\n<p style=\"text-align: justify;\">Juliana Trece, da FGV, avalia que, para o crescimento do PIB se refletir em melhoria de qualidade de vida da popula\u00e7\u00e3o, \u00e9 preciso tamb\u00e9m que o pa\u00eds caminhe para reduzir desigualdades. Ela cita os programas de transfer\u00eancia de renda do governo, como o Bolsa Fam\u00edlia. &#8220;S\u00e3o fundamentais e muito importantes.&#8221;&nbsp;Mas aponta que h\u00e1 ainda outras formas de diminuir disparidades.<\/p>\n<p style=\"text-align: justify;\">&#8220;Uma das melhores formas de mexer na estrutura da desigualdade \u00e9 mexer na educa\u00e7\u00e3o. Isso \u00e9 bom n\u00e3o s\u00f3 para a qualidade de vida, tem reflexo na economia, na produtividade&#8221;, ressalta.<\/p>\n<p style=\"text-align: justify;\">&#8220;\u00c9 algo muito importante para pensar a sustentabilidade no crescimento e dessa melhora da qualidade de vida&#8221;, emenda.<\/p>\n<p style=\"text-align: justify;\">A economista acrescenta que um dos problemas \u00e9 o fato de investimento em educa\u00e7\u00e3o n\u00e3o apresentar efeitos imediatos.<\/p>\n<blockquote><p>&#8220;Tem que come\u00e7ar a investir agora e daqui a dez, 15 anos essa popula\u00e7\u00e3o com maior tempo de educa\u00e7\u00e3o de mais qualidade vai come\u00e7ar a chegar no mercado de trabalho, e a\u00ed voc\u00ea vai conseguir ver melhoras&#8221;, explica Juliana Trece.<\/p><\/blockquote>\n<p style=\"text-align: justify;\">Ela acrescenta que, mesmo no &#8220;ambiente delicado&#8221; de n\u00edvel de gastos do governo, &#8220;investir em educa\u00e7\u00e3o n\u00e3o \u00e9 custo&#8221;. &#8220;\u00c9 realmente um investimento para ter um pa\u00eds mais s\u00f3lido&#8221;, considera.<\/p>\n<h2 style=\"text-align: justify;\">Economia real<\/h2>\n<p style=\"text-align: justify;\">A divulga\u00e7\u00e3o do PIB positivo contrastou com o resultado negativo do principal \u00edndice te\u00f3rico do mercado financeiro, o Ibovespa, da B3 (antiga Bolsa de Valores de S\u00e3o Paulo), que pode ser entendido como uma m\u00e9dia do comportamento das a\u00e7\u00f5es das principais empresas listadas na B3. Enquanto a economia brasileira cresce 3,3% de janeiro a setembro, o Ibovespa fechou novembro com queda de 6,35% no ano.<\/p>\n<p style=\"text-align: justify;\">Juliana Trece explica que isso tem a ver com o fato de que a bolsa se baseia mais em expectativas, que envolvem outras vari\u00e1veis al\u00e9m do PIB.<\/p>\n<p style=\"text-align: justify;\">Ela cita que na economia real o Brasil tem taxa de desemprego nas m\u00ednimas hist\u00f3ricas \u2013&nbsp;6,2% no trimestre encerrado em outubro&nbsp;\u2013 por\u00e9m press\u00e3o inflacion\u00e1ria e subida prov\u00e1vel de juros, que acabam sendo ruins&nbsp;para a atividade econ\u00f4mica.<\/p>\n<p style=\"text-align: justify;\">Ela lembra ainda que o chamado \u201cmercado\u201d \u2013 ambiente de negocia\u00e7\u00e3o formado por grandes investidores e especuladores, que atuam na compra e venda de ativos (a\u00e7\u00f5es, moedas, t\u00edtulos p\u00fablicos, etc.) \u2013&nbsp;encontrou \u201cru\u00eddo\u201d no&nbsp;pacote de corte de gastos&nbsp;apresentado pelo governo na semana passada.<\/p>\n<p style=\"text-align: justify;\">\u201cA sensa\u00e7\u00e3o \u00e9 que [os cortes] poderiam ser maiores, teve todo um ru\u00eddo com a declara\u00e7\u00e3o sobre a&nbsp;isen\u00e7\u00e3o de Imposto de Renda para [quem recebe] at\u00e9 R$ 5mil. Ent\u00e3o acaba gerando essa incerteza\u201d, detalha.<\/p>\n<p style=\"text-align: justify;\">O governo tem defendido que a perda de arrecada\u00e7\u00e3o proporcionada pela isen\u00e7\u00e3o ser\u00e1 compensada por maior taxa\u00e7\u00e3o de pessoas que recebem mais de R$ 50 mil por m\u00eas.<\/p>\n<p style=\"text-align: justify;\">O professor Caio Ferrari enxerga que h\u00e1 um pouco de \u201ctemeridade\u201d do mercado com o resultado, que \u00e9 bastante puxado por gastos do governo.<\/p>\n<p style=\"text-align: justify;\">\u201cCom o desafio fiscal que o governo tem pela frente, os cortes de gastos e aumentos de impostos que t\u00eam que vir no futuro diminuem um pouco do otimismo para uma trajet\u00f3ria de crescimento sustent\u00e1vel. Em resumo, o receio \u00e9 que o resultado positivo de hoje em dia seja apenas um &#8216;voo de galinha'&#8221;, avalia.<\/p>\n<h2 style=\"text-align: justify;\">No Congresso<\/h2>\n<p style=\"text-align: justify;\">O pacote de corte de gastos que limita o aumento real do sal\u00e1rio m\u00ednimo e cria restri\u00e7\u00f5es para acesso ao Bolsa Fam\u00edlia e ao Benef\u00edcio de Presta\u00e7\u00e3o Continuada (BPC, que garante um sal\u00e1rio m\u00ednimo para idosos e pessoas com defici\u00eancia de baixa renda)&nbsp;foi enviado pelo governo \u00e0 C\u00e2mara dos Deputados. A inten\u00e7\u00e3o do Executivo federal \u00e9 votar o texto ainda em 2025.<\/p>\n<p style=\"text-align: justify;\"><em>Fonte: Ag\u00eancia Brasil<\/em><\/p>\n<p style=\"text-align: justify;\"><em>Foto: Marcello Casal Jr\/Ag\u00eancia Brasil<a href=\"https:\/\/www2.comunitaria.com.br\/pib-do-brasil-e-destaque-do-g20-mas-nivel-de-investimento-preocupa\/real_moeda_dinheiro_mcajr_2904223667-1\/\" rel=\"attachment wp-att-67338\"><img loading=\"lazy\" decoding=\"async\" class=\"aligncenter size-full wp-image-67338\" src=\"http:\/\/www2.comunitaria.com.br\/wp-content\/uploads\/2024\/12\/real_moeda_dinheiro_mcajr_2904223667-1.webp\" alt=\"\" width=\"1170\" height=\"700\" srcset=\"https:\/\/www2.comunitaria.com.br\/wp-content\/uploads\/2024\/12\/real_moeda_dinheiro_mcajr_2904223667-1.webp 1170w, https:\/\/www2.comunitaria.com.br\/wp-content\/uploads\/2024\/12\/real_moeda_dinheiro_mcajr_2904223667-1-300x179.webp 300w, https:\/\/www2.comunitaria.com.br\/wp-content\/uploads\/2024\/12\/real_moeda_dinheiro_mcajr_2904223667-1-1024x613.webp 1024w, https:\/\/www2.comunitaria.com.br\/wp-content\/uploads\/2024\/12\/real_moeda_dinheiro_mcajr_2904223667-1-768x459.webp 768w\" sizes=\"auto, (max-width: 1170px) 100vw, 1170px\" \/><\/a><\/em><\/p>\n","protected":false},"excerpt":{"rendered":"<p>O Brasil teve o quarto maior crescimento econ\u00f4mico no terceiro trimestre de 2024 entre os pa\u00edses do G20 que j\u00e1 divulgaram o resultado do per\u00edodo. O G20 re\u00fane as 19&#8230;<\/p>","protected":false},"author":2,"featured_media":67338,"comment_status":"closed","ping_status":"closed","sticky":false,"template":"","format":"standard","meta":{"ngg_post_thumbnail":0,"footnotes":""},"categories":[47,39,33],"tags":[6328,5012],"class_list":["post-67337","post","type-post","status-publish","format-standard","has-post-thumbnail","hentry","category-brasil","category-economia","category-noticias","tag-g20","tag-produto-interno-bruto"],"amp_enabled":true,"_links":{"self":[{"href":"https:\/\/www2.comunitaria.com.br\/en\/wp-json\/wp\/v2\/posts\/67337","targetHints":{"allow":["GET"]}}],"collection":[{"href":"https:\/\/www2.comunitaria.com.br\/en\/wp-json\/wp\/v2\/posts"}],"about":[{"href":"https:\/\/www2.comunitaria.com.br\/en\/wp-json\/wp\/v2\/types\/post"}],"author":[{"embeddable":true,"href":"https:\/\/www2.comunitaria.com.br\/en\/wp-json\/wp\/v2\/users\/2"}],"replies":[{"embeddable":true,"href":"https:\/\/www2.comunitaria.com.br\/en\/wp-json\/wp\/v2\/comments?post=67337"}],"version-history":[{"count":0,"href":"https:\/\/www2.comunitaria.com.br\/en\/wp-json\/wp\/v2\/posts\/67337\/revisions"}],"wp:featuredmedia":[{"embeddable":true,"href":"https:\/\/www2.comunitaria.com.br\/en\/wp-json\/wp\/v2\/media\/67338"}],"wp:attachment":[{"href":"https:\/\/www2.comunitaria.com.br\/en\/wp-json\/wp\/v2\/media?parent=67337"}],"wp:term":[{"taxonomy":"category","embeddable":true,"href":"https:\/\/www2.comunitaria.com.br\/en\/wp-json\/wp\/v2\/categories?post=67337"},{"taxonomy":"post_tag","embeddable":true,"href":"https:\/\/www2.comunitaria.com.br\/en\/wp-json\/wp\/v2\/tags?post=67337"}],"curies":[{"name":"wp","href":"https:\/\/api.w.org\/{rel}","templated":true}]}}