{"id":67290,"date":"2024-12-03T10:22:12","date_gmt":"2024-12-03T12:22:12","guid":{"rendered":"https:\/\/www2.comunitaria.com.br\/?p=67290"},"modified":"2024-12-03T10:22:13","modified_gmt":"2024-12-03T12:22:13","slug":"com-apoio-do-governo-rio-grande-do-sul-conquista-quinta-colocacao-nos-jogos-da-juventude-2024","status":"publish","type":"post","link":"https:\/\/www2.comunitaria.com.br\/en\/com-apoio-do-governo-rio-grande-do-sul-conquista-quinta-colocacao-nos-jogos-da-juventude-2024\/","title":{"rendered":"Com apoio do governo, Rio Grande do Sul conquista quinta coloca\u00e7\u00e3o nos Jogos da Juventude 2024"},"content":{"rendered":"<p>O Rio Grande do Sul encerrou sua participa\u00e7\u00e3o nos Jogos da Juventude 2024 mostrando, mais uma vez, a for\u00e7a do esporte ga\u00facho. Apoiada pela Secretaria do Esporte e Lazer (SEL), a delega\u00e7\u00e3o do RS terminou a competi\u00e7\u00e3o em quinto lugar entre os 26 Estados participantes e o Distrito Federal. Foram 42 medalhas (13 ouros, 13 pratas e 16 bronzes)&nbsp;conquistadas nas disputas realizadas em Jo\u00e3o Pessoa, na Para\u00edba, de 13 a 28 de novembro. O RS manteve a coloca\u00e7\u00e3o obtida em 2023, com o acr\u00e9scimo de uma medalha a mais na campanha geral.<\/p>\n<p>Na edi\u00e7\u00e3o deste ano, a delega\u00e7\u00e3o ga\u00facha foi formada por 194 participantes, sendo 185 atletas com at\u00e9 17 anos, al\u00e9m de t\u00e9cnicos, dirigentes e servidores da Secretaria do Esporte e Lazer. A comitiva do RS contou com o apoio da SEL, que se empenhou na organiza\u00e7\u00e3o e na log\u00edstica para a participa\u00e7\u00e3o dos atletas no evento, al\u00e9m de fornecer as passagens a\u00e9reas e os uniformes, por meio de incentivo financeiro oriundo da Lei Pel\u00e9. A SEL tamb\u00e9m organizou as seletivas estaduais, por meio do Campeonato Estudantil do Rio Grande do Sul.<\/p>\n<p>&#8220;A Secretaria do Esporte e Lazer tem muito orgulho de apoiar os atletas ga\u00fachos nesta disputa t\u00e3o importante paras as futuras gera\u00e7\u00f5es do esporte no Estado. E a delega\u00e7\u00e3o ga\u00facha fez uma linda campanha, alcan\u00e7ando o quinto lugar. Parab\u00e9ns a todos os envolvidos&#8221;, disse o titular da SEL, Juliano Franczak, o Ga\u00facho da Geral.<\/p>\n<p><b>Destaques&nbsp;<\/b><\/p>\n<p><b>Ciclismo<\/b><\/p>\n<p>Jo\u00e3o Pedro Oliveira conquistou a primeira medalha do RS na competi\u00e7\u00e3o. Ele atingiu o ouro na modalidade sprint. \u201cDepois de muito treino, muitos meses acordando de madrugada para treinar, conciliando trabalho e treino, posso dizer que fui campe\u00e3o nos Jogos da Juventude,\u201d comemorou o ciclista, que tamb\u00e9m levou uma medalha de bronze em outra disputa.<\/p>\n<p><b>Atletismo<\/b><\/p>\n<p>No atletismo, foram quatro medalhas: um ouro, duas pratas e um bronze. No salto em altura, Maria Eduarda da Cunha, aluna da&nbsp;Institui\u00e7\u00e3o Evang\u00e9lica de Novo Hamburgo, conquistou o ouro. O t\u00e9cnico Mario Kickhofel contou que ela treina de tr\u00eas a quatro vezes por semana. &#8220;Neste ano, ela teve um grande salto de qualidade nos resultados, ganhou a medalha de ouro no Campeonato Brasileiro Sub-16. Agora, ela repete a medalha de ouro, fazendo a melhor marca do Brasil no ano, sendo a primeira do ranking brasileiro&#8221;, destacou orgulhoso.<\/p>\n<p><b>Nata\u00e7\u00e3o<\/b><\/p>\n<p>A nata\u00e7\u00e3o ga\u00facha conquistou dez p\u00f3dios, com quatro medalhas de ouro. Somente Fernanda Silveira levou tr\u00eas medalhas de ouro e uma de prata. Na competi\u00e7\u00e3o em \u00e1guas abertas, Fernanda conquistou o ouro com Nicolas Marques no revezamento misto. A dupla mostrou que \u00e9 vencedora dentro e fora do mar: neste ano, os dois enfrentaram a trag\u00e9dia das enchentes no Rio Grande do Sul antes de alcan\u00e7ar o p\u00f3dio da competi\u00e7\u00e3o. \u201cA gente recolhia doa\u00e7\u00f5es, carregava as caixas e ajudava nas a\u00e7\u00f5es solid\u00e1rias. O nosso clube (Gr\u00eamio N\u00e1utico Uni\u00e3o) virou abrigo. Ent\u00e3o, todas as atividades de treinamento estavam paradas e o foco era ajudar o m\u00e1ximo poss\u00edvel\u201d, comentou Nicolas.<\/p>\n<p><b>Gin\u00e1stica art\u00edstica<\/b><\/p>\n<p>A gin\u00e1stica art\u00edstica ga\u00facha fez bonito nos Jogos da Juventude 2024. Sob a lideran\u00e7a dos t\u00e9cnicos Leonardo Finco e Kiko Burtet, os atletas conquistaram 13 medalhas, sendo sete de ouro. Caio Fernandes (tr\u00eas ouros e duas pratas) e Francine de Oliveira (quatro ouros e duas pratas) dominaram as primeiras coloca\u00e7\u00f5es. Segundo Kiko Burtet, Francine tem um grande potencial: \u201c\u00c9 uma atleta potente, uma menina forte, principalmente no solo e no salto. S\u00e3o dois aparelhos que ela vai ter grande destaque. Se o Brasil investir na base, vamos abastecer o pa\u00eds com atletas, e nos Jogos da Juventude \u00e9 que encontramos esses atletas,\u201d complementou.&nbsp;<\/p>\n<p><b>Sobre os Jogos<\/b><\/p>\n<p>Organizados pelo Comit\u00ea Ol\u00edmpico do Brasil, os Jogos da Juventude oferecem suporte para as modalidades ol\u00edmpicas com a forma\u00e7\u00e3o de jovens atletas e profissionais do esporte. Desde 2000, os jogos re\u00fanem anualmente mais de 4,5 mil atletas com at\u00e9 17 anos oriundos de escolas p\u00fablicas e privadas de todo o pa\u00eds. Mais de 2 milh\u00f5es de estudantes das 27 unidades federativas participam das etapas classificat\u00f3rias em cada Estado.<\/p>\n<p><em>Fonte: Governo do RS<\/em><\/p>\n<p><em>Foto: Divulga\u00e7\u00e3o SEL<a href=\"https:\/\/www2.comunitaria.com.br\/en\/com-apoio-do-governo-rio-grande-do-sul-conquista-quinta-colocacao-nos-jogos-da-juventude-2024\/02163154_2161874_gd\/\" rel=\"attachment wp-att-67291\"><img loading=\"lazy\" decoding=\"async\" class=\"aligncenter size-full wp-image-67291\" src=\"http:\/\/www2.comunitaria.com.br\/wp-content\/uploads\/2024\/12\/02163154_2161874_GD.jpg\" alt=\"\" width=\"945\" height=\"532\" srcset=\"https:\/\/www2.comunitaria.com.br\/wp-content\/uploads\/2024\/12\/02163154_2161874_GD.jpg 945w, https:\/\/www2.comunitaria.com.br\/wp-content\/uploads\/2024\/12\/02163154_2161874_GD-300x169.jpg 300w, https:\/\/www2.comunitaria.com.br\/wp-content\/uploads\/2024\/12\/02163154_2161874_GD-768x432.jpg 768w\" sizes=\"auto, (max-width: 945px) 100vw, 945px\" \/><\/a><\/em><\/p>","protected":false},"excerpt":{"rendered":"<p>O Rio Grande do Sul encerrou sua participa\u00e7\u00e3o nos Jogos da Juventude 2024 mostrando, mais uma vez, a for\u00e7a do esporte ga\u00facho. Apoiada pela Secretaria do Esporte e Lazer (SEL),&#8230;<\/p>","protected":false},"author":2,"featured_media":67291,"comment_status":"closed","ping_status":"closed","sticky":false,"template":"","format":"standard","meta":{"ngg_post_thumbnail":0,"footnotes":""},"categories":[44,6188,46,28],"tags":[7031,1192],"class_list":["post-67290","post","type-post","status-publish","format-standard","has-post-thumbnail","hentry","category-educacao","category-esporte","category-estado","category-destaque","tag-jogos-da-juventude","tag-rio-grande-do-sul"],"amp_enabled":true,"_links":{"self":[{"href":"https:\/\/www2.comunitaria.com.br\/en\/wp-json\/wp\/v2\/posts\/67290","targetHints":{"allow":["GET"]}}],"collection":[{"href":"https:\/\/www2.comunitaria.com.br\/en\/wp-json\/wp\/v2\/posts"}],"about":[{"href":"https:\/\/www2.comunitaria.com.br\/en\/wp-json\/wp\/v2\/types\/post"}],"author":[{"embeddable":true,"href":"https:\/\/www2.comunitaria.com.br\/en\/wp-json\/wp\/v2\/users\/2"}],"replies":[{"embeddable":true,"href":"https:\/\/www2.comunitaria.com.br\/en\/wp-json\/wp\/v2\/comments?post=67290"}],"version-history":[{"count":0,"href":"https:\/\/www2.comunitaria.com.br\/en\/wp-json\/wp\/v2\/posts\/67290\/revisions"}],"wp:featuredmedia":[{"embeddable":true,"href":"https:\/\/www2.comunitaria.com.br\/en\/wp-json\/wp\/v2\/media\/67291"}],"wp:attachment":[{"href":"https:\/\/www2.comunitaria.com.br\/en\/wp-json\/wp\/v2\/media?parent=67290"}],"wp:term":[{"taxonomy":"category","embeddable":true,"href":"https:\/\/www2.comunitaria.com.br\/en\/wp-json\/wp\/v2\/categories?post=67290"},{"taxonomy":"post_tag","embeddable":true,"href":"https:\/\/www2.comunitaria.com.br\/en\/wp-json\/wp\/v2\/tags?post=67290"}],"curies":[{"name":"wp","href":"https:\/\/api.w.org\/{rel}","templated":true}]}}