{"id":67226,"date":"2024-11-29T12:48:57","date_gmt":"2024-11-29T14:48:57","guid":{"rendered":"https:\/\/www2.comunitaria.com.br\/?p=67226"},"modified":"2024-11-29T12:48:58","modified_gmt":"2024-11-29T14:48:58","slug":"gesar-da-ufsm-fw-participa-de-evento-promovido-pela-international-water-association","status":"publish","type":"post","link":"https:\/\/www2.comunitaria.com.br\/en\/gesar-da-ufsm-fw-participa-de-evento-promovido-pela-international-water-association\/","title":{"rendered":"GESAR da UFSM\/FW participa de evento promovido pela International Water Association"},"content":{"rendered":"<p style=\"text-align: justify;\"><span style=\"font-weight: 400;\">Entre os dias 10 e 14 de novembro a International Water Association (IWA) promoveu um evento em Curitiba-PR, com a realiza\u00e7\u00e3o de dois congressos em simult\u00e2neo: 17th IWA Conference on Small Water and Wastewater Systems (SWWS) and 9th IWA Conference on Resource Oriented Sanitation (ROS). O evento contou com a participa\u00e7\u00e3o de autoridades, empresas, ag\u00eancias reguladoras,&nbsp; pesquisadores, professores e estudantes de diversos pa\u00edses, por isso a l\u00edngua oficial das confer\u00eancias foi o ingl\u00eas.<\/span><\/p>\n<p style=\"text-align: justify;\"><span style=\"font-weight: 400;\">A UFSM\/FW participou do evento e foi representada pela mestranda do PPGCTA Gabriela Anzanello, sob orienta\u00e7\u00e3o da prof.\u00aa Samara Decezaro, ambas participantes do grupo de estudos em Saneamento Rural (GESAR).<\/span><\/p>\n<p style=\"text-align: justify;\"><span style=\"font-weight: 400;\">Na oportunidade, Gabriela apresentou 4 trabalhos, sendo tr\u00eas na modalidade oral e um na modalidade p\u00f4ster.&nbsp;<\/span><\/p>\n<ul style=\"text-align: justify;\">\n<li style=\"font-weight: 400;\" aria-level=\"1\"><span style=\"font-weight: 400;\">Initial Operation of Full-Scale Partially Saturated Vertical Flow Constructed Wetlands at a Brazilian University (oral, autoria pr\u00f3pria);<\/span><\/li>\n<li style=\"font-weight: 400;\" aria-level=\"1\"><span style=\"font-weight: 400;\">Hydraulic Behavior of a Full-Scale Partially Saturated Vertical Flow Constructed Wetlands: Wastewater Production and Flow Rate (oral, autoria pr\u00f3pria);<\/span><\/li>\n<li style=\"font-weight: 400;\" aria-level=\"1\"><span style=\"font-weight: 400;\">Case Study: decentralized wastewater treatment at an Brazilian University (oral, co-autora, representando o professor Raphael Correa);<\/span><\/li>\n<li style=\"font-weight: 400;\" aria-level=\"1\"><span style=\"font-weight: 400;\">Backwashed Slow Sand Filter Using Anthracite Coal as a Filtering Medium for Application in Isolated Rural Communities (p\u00f4ster, de autoria da mestranda do GESAR, Milena Binsfeld, orientada do professor Marcus Soares).<\/span><\/li>\n<\/ul>\n<p style=\"text-align: justify;\"><span style=\"font-weight: 400;\">O evento representou uma oportunidade \u00edmpar para divulga\u00e7\u00e3o da nossa institui\u00e7\u00e3o e das pesquisas nela desenvolvidas.<\/span><\/p>\n<p style=\"text-align: justify;\"><span style=\"font-weight: 400;\">Saiba mais sobre o evento (hosts, patrocinadores, apoio de consulados e \u00f3rg\u00e3os da ONU) em: <\/span><a href=\"https:\/\/www.swwsrosconference2024.org\/\"><span style=\"font-weight: 400;\">https:\/\/www.swwsrosconference2<\/span><\/a><\/p>\n<p><a href=\"https:\/\/www2.comunitaria.com.br\/en\/gesar-da-ufsm-fw-participa-de-evento-promovido-pela-international-water-association\/5-apresentacao-banner\/\" rel=\"attachment wp-att-67227\"><img loading=\"lazy\" decoding=\"async\" class=\"aligncenter size-full wp-image-67227\" src=\"http:\/\/www2.comunitaria.com.br\/wp-content\/uploads\/2024\/11\/5.-apresentacao-banner.jpeg\" alt=\"\" width=\"1200\" height=\"1600\" srcset=\"https:\/\/www2.comunitaria.com.br\/wp-content\/uploads\/2024\/11\/5.-apresentacao-banner.jpeg 1200w, https:\/\/www2.comunitaria.com.br\/wp-content\/uploads\/2024\/11\/5.-apresentacao-banner-225x300.jpeg 225w, https:\/\/www2.comunitaria.com.br\/wp-content\/uploads\/2024\/11\/5.-apresentacao-banner-768x1024.jpeg 768w, https:\/\/www2.comunitaria.com.br\/wp-content\/uploads\/2024\/11\/5.-apresentacao-banner-1152x1536.jpeg 1152w, https:\/\/www2.comunitaria.com.br\/wp-content\/uploads\/2024\/11\/5.-apresentacao-banner-900x1200.jpeg 900w, https:\/\/www2.comunitaria.com.br\/wp-content\/uploads\/2024\/11\/5.-apresentacao-banner-1024x1365.jpeg 1024w\" sizes=\"auto, (max-width: 1200px) 100vw, 1200px\" \/><\/a><a href=\"https:\/\/www2.comunitaria.com.br\/en\/gesar-da-ufsm-fw-participa-de-evento-promovido-pela-international-water-association\/3-gabriela-anzanello-sessao-oral-oral-moderada-por-heike-hoffman-rotaria-do-brasil-participantes-prof-dr-gunter-langergraber-boku-university-e-profa-dra-maria-elisa-magri-ufsc\/\" rel=\"attachment wp-att-67228\"><img loading=\"lazy\" decoding=\"async\" class=\"aligncenter size-full wp-image-67228\" src=\"http:\/\/www2.comunitaria.com.br\/wp-content\/uploads\/2024\/11\/3.-Gabriela-Anzanello-sessao-oral-oral-moderada-por-Heike-Hoffman-Rotaria-do-Brasil-participantes-Prof.-Dr.-Gunter-Langergraber-Boku-University-e-Profa.-Dra.-Maria-Elisa-Magri-UFSC.jpeg\" alt=\"\" width=\"1600\" height=\"1185\" srcset=\"https:\/\/www2.comunitaria.com.br\/wp-content\/uploads\/2024\/11\/3.-Gabriela-Anzanello-sessao-oral-oral-moderada-por-Heike-Hoffman-Rotaria-do-Brasil-participantes-Prof.-Dr.-Gunter-Langergraber-Boku-University-e-Profa.-Dra.-Maria-Elisa-Magri-UFSC.jpeg 1600w, https:\/\/www2.comunitaria.com.br\/wp-content\/uploads\/2024\/11\/3.-Gabriela-Anzanello-sessao-oral-oral-moderada-por-Heike-Hoffman-Rotaria-do-Brasil-participantes-Prof.-Dr.-Gunter-Langergraber-Boku-University-e-Profa.-Dra.-Maria-Elisa-Magri-UFSC-300x222.jpeg 300w, https:\/\/www2.comunitaria.com.br\/wp-content\/uploads\/2024\/11\/3.-Gabriela-Anzanello-sessao-oral-oral-moderada-por-Heike-Hoffman-Rotaria-do-Brasil-participantes-Prof.-Dr.-Gunter-Langergraber-Boku-University-e-Profa.-Dra.-Maria-Elisa-Magri-UFSC-1024x758.jpeg 1024w, https:\/\/www2.comunitaria.com.br\/wp-content\/uploads\/2024\/11\/3.-Gabriela-Anzanello-sessao-oral-oral-moderada-por-Heike-Hoffman-Rotaria-do-Brasil-participantes-Prof.-Dr.-Gunter-Langergraber-Boku-University-e-Profa.-Dra.-Maria-Elisa-Magri-UFSC-768x569.jpeg 768w, https:\/\/www2.comunitaria.com.br\/wp-content\/uploads\/2024\/11\/3.-Gabriela-Anzanello-sessao-oral-oral-moderada-por-Heike-Hoffman-Rotaria-do-Brasil-participantes-Prof.-Dr.-Gunter-Langergraber-Boku-University-e-Profa.-Dra.-Maria-Elisa-Magri-UFSC-1536x1138.jpeg 1536w, https:\/\/www2.comunitaria.com.br\/wp-content\/uploads\/2024\/11\/3.-Gabriela-Anzanello-sessao-oral-oral-moderada-por-Heike-Hoffman-Rotaria-do-Brasil-participantes-Prof.-Dr.-Gunter-Langergraber-Boku-University-e-Profa.-Dra.-Maria-Elisa-Magri-UFSC-1200x889.jpeg 1200w\" sizes=\"auto, (max-width: 1600px) 100vw, 1600px\" \/><\/a><a href=\"https:\/\/www2.comunitaria.com.br\/en\/gesar-da-ufsm-fw-participa-de-evento-promovido-pela-international-water-association\/2-gabriela-anzanello-iwa\/\" rel=\"attachment wp-att-67229\"><img loading=\"lazy\" decoding=\"async\" class=\"aligncenter size-full wp-image-67229\" src=\"http:\/\/www2.comunitaria.com.br\/wp-content\/uploads\/2024\/11\/2.-Gabriela-Anzanello-IWA.jpeg\" alt=\"\" width=\"1280\" height=\"919\" srcset=\"https:\/\/www2.comunitaria.com.br\/wp-content\/uploads\/2024\/11\/2.-Gabriela-Anzanello-IWA.jpeg 1280w, https:\/\/www2.comunitaria.com.br\/wp-content\/uploads\/2024\/11\/2.-Gabriela-Anzanello-IWA-300x215.jpeg 300w, https:\/\/www2.comunitaria.com.br\/wp-content\/uploads\/2024\/11\/2.-Gabriela-Anzanello-IWA-1024x735.jpeg 1024w, https:\/\/www2.comunitaria.com.br\/wp-content\/uploads\/2024\/11\/2.-Gabriela-Anzanello-IWA-768x551.jpeg 768w, https:\/\/www2.comunitaria.com.br\/wp-content\/uploads\/2024\/11\/2.-Gabriela-Anzanello-IWA-1200x862.jpeg 1200w\" sizes=\"auto, (max-width: 1280px) 100vw, 1280px\" \/><\/a><a href=\"https:\/\/www2.comunitaria.com.br\/en\/gesar-da-ufsm-fw-participa-de-evento-promovido-pela-international-water-association\/1-gabriela-anzanello-iwa\/\" rel=\"attachment wp-att-67230\"><img loading=\"lazy\" decoding=\"async\" class=\"aligncenter size-full wp-image-67230\" src=\"http:\/\/www2.comunitaria.com.br\/wp-content\/uploads\/2024\/11\/1.-Gabriela-Anzanello-IWA.jpeg\" alt=\"\" width=\"1680\" height=\"1260\" srcset=\"https:\/\/www2.comunitaria.com.br\/wp-content\/uploads\/2024\/11\/1.-Gabriela-Anzanello-IWA.jpeg 1680w, https:\/\/www2.comunitaria.com.br\/wp-content\/uploads\/2024\/11\/1.-Gabriela-Anzanello-IWA-300x225.jpeg 300w, https:\/\/www2.comunitaria.com.br\/wp-content\/uploads\/2024\/11\/1.-Gabriela-Anzanello-IWA-1024x768.jpeg 1024w, https:\/\/www2.comunitaria.com.br\/wp-content\/uploads\/2024\/11\/1.-Gabriela-Anzanello-IWA-768x576.jpeg 768w, https:\/\/www2.comunitaria.com.br\/wp-content\/uploads\/2024\/11\/1.-Gabriela-Anzanello-IWA-1536x1152.jpeg 1536w, https:\/\/www2.comunitaria.com.br\/wp-content\/uploads\/2024\/11\/1.-Gabriela-Anzanello-IWA-1200x900.jpeg 1200w\" sizes=\"auto, (max-width: 1680px) 100vw, 1680px\" \/><\/a><\/p>","protected":false},"excerpt":{"rendered":"<p>Entre os dias 10 e 14 de novembro a International Water Association (IWA) promoveu um evento em Curitiba-PR, com a realiza\u00e7\u00e3o de dois congressos em simult\u00e2neo: 17th IWA Conference on&#8230;<\/p>","protected":false},"author":2,"featured_media":67230,"comment_status":"closed","ping_status":"closed","sticky":false,"template":"","format":"standard","meta":{"ngg_post_thumbnail":0,"footnotes":""},"categories":[47,44,46,42,28,33,43],"tags":[7017,7016,1428],"class_list":["post-67226","post","type-post","status-publish","format-standard","has-post-thumbnail","hentry","category-brasil","category-educacao","category-estado","category-fred-west","category-destaque","category-noticias","category-regiao","tag-gabriela-anzanello","tag-gesar","tag-ufsmfw"],"amp_enabled":true,"_links":{"self":[{"href":"https:\/\/www2.comunitaria.com.br\/en\/wp-json\/wp\/v2\/posts\/67226","targetHints":{"allow":["GET"]}}],"collection":[{"href":"https:\/\/www2.comunitaria.com.br\/en\/wp-json\/wp\/v2\/posts"}],"about":[{"href":"https:\/\/www2.comunitaria.com.br\/en\/wp-json\/wp\/v2\/types\/post"}],"author":[{"embeddable":true,"href":"https:\/\/www2.comunitaria.com.br\/en\/wp-json\/wp\/v2\/users\/2"}],"replies":[{"embeddable":true,"href":"https:\/\/www2.comunitaria.com.br\/en\/wp-json\/wp\/v2\/comments?post=67226"}],"version-history":[{"count":0,"href":"https:\/\/www2.comunitaria.com.br\/en\/wp-json\/wp\/v2\/posts\/67226\/revisions"}],"wp:featuredmedia":[{"embeddable":true,"href":"https:\/\/www2.comunitaria.com.br\/en\/wp-json\/wp\/v2\/media\/67230"}],"wp:attachment":[{"href":"https:\/\/www2.comunitaria.com.br\/en\/wp-json\/wp\/v2\/media?parent=67226"}],"wp:term":[{"taxonomy":"category","embeddable":true,"href":"https:\/\/www2.comunitaria.com.br\/en\/wp-json\/wp\/v2\/categories?post=67226"},{"taxonomy":"post_tag","embeddable":true,"href":"https:\/\/www2.comunitaria.com.br\/en\/wp-json\/wp\/v2\/tags?post=67226"}],"curies":[{"name":"wp","href":"https:\/\/api.w.org\/{rel}","templated":true}]}}