{"id":67186,"date":"2024-11-28T17:23:56","date_gmt":"2024-11-28T19:23:56","guid":{"rendered":"https:\/\/www2.comunitaria.com.br\/?p=67186"},"modified":"2024-11-28T17:23:57","modified_gmt":"2024-11-28T19:23:57","slug":"curso-de-relacoes-publicas-da-ufsm-fw-promove-evento-em-comemoracao-aos-seus-15-anos","status":"publish","type":"post","link":"https:\/\/www2.comunitaria.com.br\/en\/curso-de-relacoes-publicas-da-ufsm-fw-promove-evento-em-comemoracao-aos-seus-15-anos\/","title":{"rendered":"Curso de Rela\u00e7\u00f5es P\u00fablicas da UFSM\/FW promove evento em comemora\u00e7\u00e3o aos seus 15 anos"},"content":{"rendered":"<p style=\"text-align: justify;\"><span style=\"font-weight: 400;\">Em 2024, o curso de Rela\u00e7\u00f5es P\u00fablicas da Universidade Federal de Santa Maria, campus Frederico Westphalen (UFSM\/FW), comemora seus 15 anos. Para celebrar essa ocasi\u00e3o, o curso promove o evento \u201c15 Anos de RP na UFSM\/FW: Celebra\u00e7\u00e3o do Dia Nacional das Rela\u00e7\u00f5es P\u00fablicas\u201d, no dia 2 de dezembro, \u00e0s 18h30min, no Sal\u00e3o Nobre da Associa\u00e7\u00e3o Empresarial de Frederico Westphalen (AEFW).<\/span><\/p>\n<p style=\"text-align: justify;\"><span style=\"font-weight: 400;\">Em comemora\u00e7\u00e3o a toda a trajet\u00f3ria do curso e ao Dia Nacional das Rela\u00e7\u00f5es P\u00fablicas, os(as) estudantes da disciplina de Gest\u00e3o de Eventos organizam o evento comemorativo para reunir alunos(as), professores(as) e egressos(as) da gradua\u00e7\u00e3o. Com uma mesa redonda, mediada pela Professora Doutora Lana D\u2019\u00c1vila Campanella, docente do curso, e com as convidadas Professora Doutora Andr\u00e9ia Silveira Athaydes e a rela\u00e7\u00f5es-p\u00fablicas Raquel Schaefer Klauck Macedo, a discuss\u00e3o tem como tema o mercado de trabalho, a carreira acad\u00eamica e a evolu\u00e7\u00e3o da gradua\u00e7\u00e3o de Rela\u00e7\u00f5es P\u00fablicas ao longo dos anos. Na ocasi\u00e3o, tamb\u00e9m acontece o lan\u00e7amento da s\u00e9tima edi\u00e7\u00e3o da revista Conex\u00e3o RP, elaborada por alunos do curso.<\/span><\/p>\n<p style=\"text-align: justify;\"><span style=\"font-weight: 400;\">Andr\u00e9ia, convidada da mesa redonda, \u00e9 graduada em Comunica\u00e7\u00e3o Social, com habilita\u00e7\u00e3o em Rela\u00e7\u00f5es P\u00fablicas, pela Universidade Federal do Rio Grande do Sul (UFRGS). \u00c9 mestre em Management y Marketing Estrat\u00e9gico pela Universidad de Ciencias Empresariales y Sociales (UCES), na Argentina, e doutora em Comunicaci\u00f3n Organizacional pela Universidad de M\u00e1laga, na Espanha, em regime de cotutela com a Universidade de S\u00e3o Paulo (USP). Atualmente, \u00e9 professora do Departamento de Ci\u00eancias da Comunica\u00e7\u00e3o da Universidade Federal de Santa Maria (UFSM). J\u00e1 Raquel \u00e9 formada em Rela\u00e7\u00f5es P\u00fablicas pela UFSM\/FW, e mestranda em Comunica\u00e7\u00e3o na UFSM.<\/span><\/p>\n<p style=\"text-align: justify;\"><span style=\"font-weight: 400;\">Desde 2009, ano de sua implementa\u00e7\u00e3o, o curso conta com mais de 100 egressos, profissionais qualificados para atuar na gest\u00e3o de relacionamentos entre as organiza\u00e7\u00f5es e seus p\u00fablicos. Com uma trajet\u00f3ria marcada por mudan\u00e7as e conquistas, desde 2015, possui conceito m\u00e1ximo (5) na avalia\u00e7\u00e3o de cursos superiores do Minist\u00e9rio da Educa\u00e7\u00e3o (MEC). Atualmente, conta com professores doutores nas diversas \u00e1reas da comunica\u00e7\u00e3o e oferece aos(\u00e0s) estudantes v\u00e1rios projetos de pesquisa e extens\u00e3o. Al\u00e9m disso, a gradua\u00e7\u00e3o atualiza-se constantemente \u00e0s exig\u00eancias do mercado e se dedica para fornecer aos(\u00e0s) alunos(as) a oportunidade de colocar em pr\u00e1tica os conhecimentos adquiridos nas disciplinas.<\/span><\/p>\n<p style=\"text-align: justify;\"><span style=\"font-weight: 400;\">Data: 28.11.2024<\/span><span style=\"font-weight: 400;\"><br \/>\n<\/span><\/p>\n<p style=\"text-align: justify;\"><strong>Aline Eduarda Iora<\/strong><\/p>\n<p style=\"text-align: justify;\"><span style=\"font-weight: 400;\">Acad\u00eamica de Rela\u00e7\u00f5es P\u00fablicas<\/span><\/p>\n<p style=\"text-align: justify;\"><span style=\"font-weight: 400;\">UFSM\/FW<\/span><\/p>\n<p style=\"text-align: justify;\"><span style=\"font-weight: 400;\">aline.iora@acad.ufsm.br<\/span><\/p>\n<p style=\"text-align: justify;\"><strong>Djenabu Sila San\u00e9<\/strong><\/p>\n<p style=\"text-align: justify;\"><span style=\"font-weight: 400;\">Acad\u00eamica de Rela\u00e7\u00f5es P\u00fablicas<\/span><\/p>\n<p style=\"text-align: justify;\"><span style=\"font-weight: 400;\">UFSM\/FW<\/span><\/p>\n<p style=\"text-align: justify;\"><span style=\"font-weight: 400;\">djenabu.sane@acad.ufsm.br<\/span><\/p>\n<p style=\"text-align: justify;\"><strong>Marina Monteiro dos Santos<\/strong><\/p>\n<p style=\"text-align: justify;\"><span style=\"font-weight: 400;\">Acad\u00eamica de Rela\u00e7\u00f5es P\u00fablicas<\/span><\/p>\n<p style=\"text-align: justify;\"><span style=\"font-weight: 400;\">UFSM\/FW<\/span><\/p>\n<p style=\"text-align: justify;\"><span style=\"font-weight: 400;\">marina.monteiro@acad.ufsm.br<\/span><\/p>\n<p style=\"text-align: justify;\"><strong>Sabrina Santana Lins<\/strong><\/p>\n<p style=\"text-align: justify;\"><span style=\"font-weight: 400;\">Acad\u00eamica de Rela\u00e7\u00f5es P\u00fablicas<\/span><\/p>\n<p style=\"text-align: justify;\"><span style=\"font-weight: 400;\">UFSM\/FW<\/span><\/p>\n<p style=\"text-align: justify;\"><span style=\"font-weight: 400;\">sabrina.lins@acad.ufsm.br<a href=\"https:\/\/www2.comunitaria.com.br\/en\/curso-de-relacoes-publicas-da-ufsm-fw-promove-evento-em-comemoracao-aos-seus-15-anos\/site-1\/\" rel=\"attachment wp-att-67187\"><img loading=\"lazy\" decoding=\"async\" class=\"aligncenter size-full wp-image-67187\" src=\"http:\/\/www2.comunitaria.com.br\/wp-content\/uploads\/2024\/11\/Site-1.jpg\" alt=\"\" width=\"1680\" height=\"459\" srcset=\"https:\/\/www2.comunitaria.com.br\/wp-content\/uploads\/2024\/11\/Site-1.jpg 1680w, https:\/\/www2.comunitaria.com.br\/wp-content\/uploads\/2024\/11\/Site-1-300x82.jpg 300w, https:\/\/www2.comunitaria.com.br\/wp-content\/uploads\/2024\/11\/Site-1-1024x280.jpg 1024w, https:\/\/www2.comunitaria.com.br\/wp-content\/uploads\/2024\/11\/Site-1-768x210.jpg 768w, https:\/\/www2.comunitaria.com.br\/wp-content\/uploads\/2024\/11\/Site-1-1536x420.jpg 1536w, https:\/\/www2.comunitaria.com.br\/wp-content\/uploads\/2024\/11\/Site-1-1200x328.jpg 1200w\" sizes=\"auto, (max-width: 1680px) 100vw, 1680px\" \/><\/a><\/span><\/p>","protected":false},"excerpt":{"rendered":"<p>Em 2024, o curso de Rela\u00e7\u00f5es P\u00fablicas da Universidade Federal de Santa Maria, campus Frederico Westphalen (UFSM\/FW), comemora seus 15 anos. Para celebrar essa ocasi\u00e3o, o curso promove o evento&#8230;<\/p>","protected":false},"author":2,"featured_media":67187,"comment_status":"closed","ping_status":"closed","sticky":false,"template":"","format":"standard","meta":{"ngg_post_thumbnail":0,"footnotes":""},"categories":[44,42,28,33],"tags":[61,1428],"class_list":["post-67186","post","type-post","status-publish","format-standard","has-post-thumbnail","hentry","category-educacao","category-fred-west","category-destaque","category-noticias","tag-relacoes-publicas","tag-ufsmfw"],"amp_enabled":true,"_links":{"self":[{"href":"https:\/\/www2.comunitaria.com.br\/en\/wp-json\/wp\/v2\/posts\/67186","targetHints":{"allow":["GET"]}}],"collection":[{"href":"https:\/\/www2.comunitaria.com.br\/en\/wp-json\/wp\/v2\/posts"}],"about":[{"href":"https:\/\/www2.comunitaria.com.br\/en\/wp-json\/wp\/v2\/types\/post"}],"author":[{"embeddable":true,"href":"https:\/\/www2.comunitaria.com.br\/en\/wp-json\/wp\/v2\/users\/2"}],"replies":[{"embeddable":true,"href":"https:\/\/www2.comunitaria.com.br\/en\/wp-json\/wp\/v2\/comments?post=67186"}],"version-history":[{"count":0,"href":"https:\/\/www2.comunitaria.com.br\/en\/wp-json\/wp\/v2\/posts\/67186\/revisions"}],"wp:featuredmedia":[{"embeddable":true,"href":"https:\/\/www2.comunitaria.com.br\/en\/wp-json\/wp\/v2\/media\/67187"}],"wp:attachment":[{"href":"https:\/\/www2.comunitaria.com.br\/en\/wp-json\/wp\/v2\/media?parent=67186"}],"wp:term":[{"taxonomy":"category","embeddable":true,"href":"https:\/\/www2.comunitaria.com.br\/en\/wp-json\/wp\/v2\/categories?post=67186"},{"taxonomy":"post_tag","embeddable":true,"href":"https:\/\/www2.comunitaria.com.br\/en\/wp-json\/wp\/v2\/tags?post=67186"}],"curies":[{"name":"wp","href":"https:\/\/api.w.org\/{rel}","templated":true}]}}