{"id":67152,"date":"2024-11-26T18:40:25","date_gmt":"2024-11-26T20:40:25","guid":{"rendered":"https:\/\/www2.comunitaria.com.br\/?p=67152"},"modified":"2024-11-26T18:40:26","modified_gmt":"2024-11-26T20:40:26","slug":"entenda-fatores-que-levam-rs-a-ter-taxa-de-desemprego-menor-do-que-o-brasil","status":"publish","type":"post","link":"https:\/\/www2.comunitaria.com.br\/en\/entenda-fatores-que-levam-rs-a-ter-taxa-de-desemprego-menor-do-que-o-brasil\/","title":{"rendered":"Entenda fatores que levam RS a ter taxa de desemprego menor do que o Brasil"},"content":{"rendered":"<div id=\"chunk-15dq3\">\n<div class=\"mc-column content-text active-extra-styles \" data-block-type=\"unstyled\" data-block-weight=\"56\" data-block-id=\"3\">\n<p class=\" content-text__container \" style=\"text-align: justify;\" data-track-category=\"Link no Texto\" data-track-links=\"\" data-mrf-recirculation=\"Artigo - Links Texto\">O&nbsp;<strong>Rio Grande do Sul<\/strong>&nbsp;se destaca no cen\u00e1rio nacional com uma taxa de desemprego abaixo da m\u00e9dia brasileira. No terceiro trimestre,&nbsp;<span class=\"highlight highlighted\">a taxa de desocupa\u00e7\u00e3o no estado foi de 5,1%<\/span>, cerca de um ponto percentual abaixo da m\u00e9dia nacional, segundo dados divulgados pelo IBGE e compilados pela Funda\u00e7\u00e3o Ga\u00facha do Trabalho e A\u00e7\u00e3o Social (FGTAS).<\/p>\n<\/div>\n<\/div>\n<div class=\"wall protected-content\">\n<div id=\"chunk-9u5no\" style=\"text-align: justify;\">\n<div class=\"mc-column content-text active-extra-styles \" data-block-type=\"unstyled\" data-block-weight=\"25\" data-block-id=\"5\">\n<p class=\" content-text__container \" data-track-category=\"Link no Texto\" data-track-links=\"\" data-mrf-recirculation=\"Artigo - Links Texto\">O diretor-presidente da FGTAS, Jos\u00e9 Scorsatto, destaca que o estado vive um momento de&nbsp;<strong>&#8220;pleno emprego&#8221;<\/strong>, com&nbsp;<span class=\"highlight highlighted\">n\u00fameros que n\u00e3o eram registrados havia dez anos<\/span>.<\/p>\n<\/div>\n<\/div>\n<div id=\"chunk-adoe2\" style=\"text-align: justify;\">\n<div class=\"mc-column content-text active-extra-styles \" data-block-type=\"unstyled\" data-block-weight=\"36\" data-block-id=\"6\">\n<p class=\" content-text__container \" data-track-category=\"Link no Texto\" data-track-links=\"\" data-mrf-recirculation=\"Artigo - Links Texto\">Scorsatto atribui essa recupera\u00e7\u00e3o a um conjunto de fatores, mesmo ap\u00f3s o impacto das cheias que atingiram o estado em maio de 2024. Segundo ele, a resili\u00eancia das empresas locais foi essencial para a retomada econ\u00f4mica.<\/p>\n<\/div>\n<\/div>\n<div id=\"chunk-89nei\" style=\"text-align: justify;\">\n<div class=\"mc-column content-text active-extra-styles\" data-block-type=\"raw\" data-block-weight=\"36\" data-block-id=\"8\">\n<blockquote class=\"content-blockquote theme-border-color-primary-before\"><p>&#8220;Poderia haver um desemprego muito forte no RS, mas, muito pelo contr\u00e1rio, as empresas que aqui estavam estabelecidas, se firmaram e, em consequ\u00eancia disso, outras empresas vieram investir no Rio Grande do Sul&#8221;, comenta o diretor-presidente.<\/p><\/blockquote>\n<\/div>\n<\/div>\n<div id=\"chunk-6f153\" style=\"text-align: justify;\">\n<div class=\"mc-column content-text active-extra-styles \" data-block-type=\"unstyled\" data-block-weight=\"23\" data-block-id=\"9\">\n<p class=\" content-text__container \" data-track-category=\"Link no Texto\" data-track-links=\"\" data-mrf-recirculation=\"Artigo - Links Texto\">Conforme os dados da pesquisa,&nbsp;<span class=\"highlight highlighted\">o n\u00famero de pessoas empregadas no estado cresceu tanto na compara\u00e7\u00e3o anual quanto em rela\u00e7\u00e3o ao trimestre anterior<\/span>.<\/p>\n<\/div>\n<\/div>\n<div id=\"chunk-fvbv0\">\n<div class=\"mc-column content-text active-extra-styles \" data-block-type=\"unstyled\" data-block-weight=\"45\" data-block-id=\"10\">\n<p class=\" content-text__container \" style=\"text-align: justify;\" data-track-category=\"Link no Texto\" data-track-links=\"\" data-mrf-recirculation=\"Artigo - Links Texto\">Entre&nbsp;<strong>julho e setembro<\/strong>, cerca de&nbsp;<strong>6,3 milh\u00f5es de pessoas estavam na for\u00e7a de trabalho<\/strong>, um aumento de 130 mil pessoas em compara\u00e7\u00e3o com o terceiro trimestre de 2023. J\u00e1 em rela\u00e7\u00e3o ao segundo trimestre de 2024, o aumento foi de 73 mil trabalhadores.<\/p>\n<p style=\"text-align: justify;\" data-track-category=\"Link no Texto\" data-track-links=\"\" data-mrf-recirculation=\"Artigo - Links Texto\">Um fator apontado pelo gestor p\u00fablico \u00e9 o&nbsp;<strong>crescimento da formaliza\u00e7\u00e3o no mercado de trabalho<\/strong>. Atualmente, o Rio Grande do Sul conta com&nbsp;<span class=\"highlight highlighted\">2,46 milh\u00f5es de trabalhadores com carteira assinada<\/span>. Ao mesmo tempo, o trabalho informal tamb\u00e9m apresenta relev\u00e2ncia, com cerca de&nbsp;<span class=\"highlight highlighted\">1,97 milh\u00e3o de pessoas atuando como aut\u00f4nomos sem CNPJ<\/span>, em ocupa\u00e7\u00f5es como motoristas de aplicativos e diaristas.<\/p>\n<div id=\"chunk-6a192\" style=\"text-align: justify;\">\n<div class=\"mc-column content-text active-extra-styles \" data-block-type=\"unstyled\" data-block-weight=\"46\" data-block-id=\"15\">\n<p class=\" content-text__container \" data-track-category=\"Link no Texto\" data-track-links=\"\" data-mrf-recirculation=\"Artigo - Links Texto\">Segundo o diretor-presidente, um setor que teve papel crucial nesse cen\u00e1rio, foi a&nbsp;<strong>constru\u00e7\u00e3o civil<\/strong>. Scorsatto ressalta que houve um aquecimento significativo em obras residenciais e de infraestrutura, como a duplica\u00e7\u00e3o de rodovias e investimentos na melhoria das redes de \u00e1gua, com a entrada de empresas.<\/p>\n<\/div>\n<\/div>\n<div id=\"chunk-8oh8c\" style=\"text-align: justify;\">\n<div class=\"mc-column content-text active-extra-styles\" data-block-type=\"raw\" data-block-weight=\"36\" data-block-id=\"16\">\n<blockquote class=\"content-blockquote theme-border-color-primary-before\"><p>&#8220;A constru\u00e7\u00e3o civil est\u00e1 num &#8216;boom&#8217; de crescimento muito grande e, ao redor da constru\u00e7\u00e3o civil, tem muitas empresas que produzem produto para que isso se realize. O com\u00e9rcio come\u00e7ou a vender novamente&#8221;, diz o gestor.<\/p><\/blockquote>\n<\/div>\n<\/div>\n<div id=\"chunk-e86gk\" style=\"text-align: justify;\">\n<div class=\"mc-column content-text active-extra-styles \" data-block-type=\"unstyled\" data-block-weight=\"16\" data-block-id=\"17\">\n<p class=\" content-text__container \" data-track-category=\"Link no Texto\" data-track-links=\"\" data-mrf-recirculation=\"Artigo - Links Texto\">Segundo Scorsatto, os n\u00fameros mostram que o mercado ga\u00facho consegue absorver a m\u00e3o de obra dispon\u00edvel.<\/p>\n<\/div>\n<\/div>\n<div id=\"chunk-e0npp\" style=\"text-align: justify;\">\n<div class=\"mc-column content-text active-extra-styles \" data-block-type=\"unstyled\" data-block-weight=\"35\" data-block-id=\"18\">\n<p class=\" content-text__container \" data-track-category=\"Link no Texto\" data-track-links=\"\" data-mrf-recirculation=\"Artigo - Links Texto\">O diretor acredita que o Rio Grande do Sul continuar\u00e1 a atrair investimentos e gerar empregos. Empresas est\u00e3o ampliando suas opera\u00e7\u00f5es, e algumas j\u00e1 recorrem a trabalhadores de outros estados para suprir a demanda local.<\/p>\n<\/div>\n<\/div>\n<div id=\"chunk-fs4qr\">\n<div class=\"mc-column content-text active-extra-styles\" data-block-type=\"raw\" data-block-weight=\"60\" data-block-id=\"19\">\n<blockquote class=\"content-blockquote theme-border-color-primary-before\"><p>&#8220;\u00c9 a resili\u00eancia, a determina\u00e7\u00e3o, o conjunto de a\u00e7\u00f5es que est\u00e1 acontecendo no Rio Grande do Sul que fazem com que a ind\u00fastria produza mais, o com\u00e9rcio venda mais. Em consequ\u00eancia disso, a ind\u00fastria precisa produzir e a rota econ\u00f4mica acaba girando de uma forma mais \u00e1gil, mais eficiente e a popula\u00e7\u00e3o ga\u00facha como um todo est\u00e1 ganhando&#8221;, diz Scorsatto.<\/p><\/blockquote>\n<blockquote>\n<div id=\"chunk-1g5l\" style=\"text-align: justify;\">\n<div class=\"mc-column content-text active-extra-styles\" data-block-type=\"raw\" data-block-weight=\"2\" data-block-id=\"22\">\n<div class=\"content-intertitle\">\n<h2>Os desafios<\/h2>\n<\/div>\n<\/div>\n<\/div>\n<div id=\"chunk-8fsra\" style=\"text-align: justify;\">\n<div class=\"mc-column content-text active-extra-styles \" data-block-type=\"unstyled\" data-block-weight=\"62\" data-block-id=\"23\">\n<p class=\" content-text__container \" data-track-category=\"Link no Texto\" data-track-links=\"\" data-mrf-recirculation=\"Artigo - Links Texto\">Apesar do bom momento, h\u00e1 desafios a serem enfrentados. O diretor-presidente da FGTAS aponta que uma pequena parcela da popula\u00e7\u00e3o&nbsp;<span class=\"highlight highlighted\">desistiu de buscar emprego<\/span>, o que exige a\u00e7\u00f5es para&nbsp;<strong>reinseri-los no mercado<\/strong>. Al\u00e9m disso, ele defende a necessidade de&nbsp;<span class=\"highlight highlighted\">qualifica\u00e7\u00e3o profissional<\/span>, especialmente para os que n\u00e3o conclu\u00edram o ensino m\u00e9dio, j\u00e1 que as vagas mais bem remuneradas exigem maior escolaridade.<\/p>\n<\/div>\n<\/div>\n<div id=\"chunk-b01bc\" style=\"text-align: justify;\">\n<div class=\"mc-column content-text active-extra-styles \" data-block-type=\"unstyled\" data-block-weight=\"16\" data-block-id=\"24\">\n<p class=\" content-text__container \" data-track-category=\"Link no Texto\" data-track-links=\"\" data-mrf-recirculation=\"Artigo - Links Texto\">Outra preocupa\u00e7\u00e3o levantada \u00e9 a&nbsp;<span class=\"highlight highlighted\">transi\u00e7\u00e3o de benefici\u00e1rios de programas assistenciais<\/span> para o mercado de trabalho.<\/p>\n<\/div>\n<\/div>\n<div id=\"chunk-7q56m\">\n<div class=\"mc-column content-text active-extra-styles\" style=\"text-align: justify;\" data-block-type=\"raw\" data-block-weight=\"49\" data-block-id=\"25\">\n<blockquote class=\"content-blockquote theme-border-color-primary-before\"><p>&#8220;[Os programas assistenciais] s\u00e3o necess\u00e1rios, s\u00e3o fundamentais, mas eles t\u00eam uma finalidade, que \u00e9 de tirar a pessoa da extrema pobreza. Por isso, eu acho que [&#8230;] os programas t\u00eam que existir, mas tem que ter um momento de transi\u00e7\u00e3o a\u00ed [para inser\u00e7\u00e3o no mercado de trabalho]&#8221;, comenta Scorsatto.<\/p><\/blockquote>\n<\/div>\n<\/div>\n<\/blockquote>\n<div id=\"chunk-7q56m\"><em>Fonte: g1 RS<\/em><\/div>\n<div><em>Foto: Ag\u00eancia Bras\u00edlia<a href=\"https:\/\/www2.comunitaria.com.br\/entenda-fatores-que-levam-rs-a-ter-taxa-de-desemprego-menor-do-que-o-brasil\/29-07-2019-portaria-conjunta-fortalece-a-geracao-de-empregos-para-a-juventude-foto-tony-winston-agencia-brasilia-1024x680\/\" rel=\"attachment wp-att-67153\"><img loading=\"lazy\" decoding=\"async\" class=\"aligncenter size-full wp-image-67153\" src=\"http:\/\/www2.comunitaria.com.br\/wp-content\/uploads\/2024\/11\/29.07.2019-portaria-conjunta-fortalece-a-geracao-de-empregos-para-a-juventude.-foto-tony-winston-agencia-brasilia-1024x680-1.avif\" alt=\"\" width=\"640\" height=\"425\"><\/a><\/em><\/div>\n<\/div>\n<\/div>\n<\/div>\n<\/div>\n<\/div>\n","protected":false},"excerpt":{"rendered":"<p>O&nbsp;Rio Grande do Sul&nbsp;se destaca no cen\u00e1rio nacional com uma taxa de desemprego abaixo da m\u00e9dia brasileira. No terceiro trimestre,&nbsp;a taxa de desocupa\u00e7\u00e3o no estado foi de 5,1%, cerca de&#8230;<\/p>","protected":false},"author":2,"featured_media":67153,"comment_status":"closed","ping_status":"closed","sticky":false,"template":"","format":"standard","meta":{"ngg_post_thumbnail":0,"footnotes":""},"categories":[39,46,33],"tags":[1192,6606],"class_list":["post-67152","post","type-post","status-publish","format-standard","has-post-thumbnail","hentry","category-economia","category-estado","category-noticias","tag-rio-grande-do-sul","tag-taxa-de-desemprego"],"amp_enabled":true,"_links":{"self":[{"href":"https:\/\/www2.comunitaria.com.br\/en\/wp-json\/wp\/v2\/posts\/67152","targetHints":{"allow":["GET"]}}],"collection":[{"href":"https:\/\/www2.comunitaria.com.br\/en\/wp-json\/wp\/v2\/posts"}],"about":[{"href":"https:\/\/www2.comunitaria.com.br\/en\/wp-json\/wp\/v2\/types\/post"}],"author":[{"embeddable":true,"href":"https:\/\/www2.comunitaria.com.br\/en\/wp-json\/wp\/v2\/users\/2"}],"replies":[{"embeddable":true,"href":"https:\/\/www2.comunitaria.com.br\/en\/wp-json\/wp\/v2\/comments?post=67152"}],"version-history":[{"count":0,"href":"https:\/\/www2.comunitaria.com.br\/en\/wp-json\/wp\/v2\/posts\/67152\/revisions"}],"wp:featuredmedia":[{"embeddable":true,"href":"https:\/\/www2.comunitaria.com.br\/en\/wp-json\/wp\/v2\/media\/67153"}],"wp:attachment":[{"href":"https:\/\/www2.comunitaria.com.br\/en\/wp-json\/wp\/v2\/media?parent=67152"}],"wp:term":[{"taxonomy":"category","embeddable":true,"href":"https:\/\/www2.comunitaria.com.br\/en\/wp-json\/wp\/v2\/categories?post=67152"},{"taxonomy":"post_tag","embeddable":true,"href":"https:\/\/www2.comunitaria.com.br\/en\/wp-json\/wp\/v2\/tags?post=67152"}],"curies":[{"name":"wp","href":"https:\/\/api.w.org\/{rel}","templated":true}]}}