{"id":67023,"date":"2024-11-19T14:43:31","date_gmt":"2024-11-19T16:43:31","guid":{"rendered":"https:\/\/www2.comunitaria.com.br\/?p=67023"},"modified":"2024-11-21T16:28:41","modified_gmt":"2024-11-21T18:28:41","slug":"atleta-do-clube-magia-da-patinacao-conquista-primeiro-lugar-em-torneio-estadual-de-patinacao-artistica","status":"publish","type":"post","link":"https:\/\/www2.comunitaria.com.br\/en\/atleta-do-clube-magia-da-patinacao-conquista-primeiro-lugar-em-torneio-estadual-de-patinacao-artistica\/","title":{"rendered":"Atleta do Clube Magia da Patina\u00e7\u00e3o participa de Torneio Estadual de Patina\u00e7\u00e3o Art\u00edstica"},"content":{"rendered":"<p>O ano de 2024 n\u00e3o poderia ter terminado melhor para a equipe de competi\u00e7\u00e3o do Clube Magia da Patina\u00e7\u00e3o de Frederico Westphalen. Entre os dias 6 e 17 de novembro, o clube foi representado pelo atleta Enzo Gabriel Cocco no Torneio Estadual de Patina\u00e7\u00e3o Art\u00edstica realizado na sede da Ellos em Porto Alegre. O torneio voltado para atletas das categorias iniciantes e b\u00e1sico contou com a participa\u00e7\u00e3o de mais de 200 atletas de 23 clubes de todo o estado do Rio Grande do Sul.&nbsp;<\/p>\n<p>Enzo Gabriel, com apenas 6 anos, conquistou o primeiro lugar na Categoria Iniciantes Livres Pr\u00e9-Tots Masculino. O Torneio, organizado pela Federa\u00e7\u00e3o Ga\u00facha de Patinagem, busca garimpar novos talentos e incentivar a pr\u00e1tica do esporte no Estado. Para o T\u00e9cnico Patrik Moretti estes campeonatos a n\u00edvel estadual s\u00e3o sempre muito importantes para o aperfei\u00e7oamento da t\u00e9cnica dos atletas e uma forma de colocar em avalia\u00e7\u00e3o todos os treinos realizados no decorrer do ano. Os atletas do Clube Magia da Patina\u00e7\u00e3o t\u00eam o apoio do Governo do Estado do Rio Grande do Sul, por meio do Pr\u00f3-esporte RS LIE.<\/p>\n<p>O Clube Magia da Patina\u00e7\u00e3o agora volta todo seu esfor\u00e7o para os preparativos do Show de final de ano que ser\u00e1 realizado no dia 07 de dezembro \u00e0s 20 horas no Gin\u00e1sio do Itapag\u00e9. O Show intitulado Natureza em Cena: Equil\u00edbrio em movimento promete encantar o p\u00fablico. Os ingressos est\u00e3o dispon\u00edveis com os atletas do clube ao valor de R$ 20,00.<\/p>\n<p>&nbsp;<\/p>","protected":false},"excerpt":{"rendered":"<p>O ano de 2024 n\u00e3o poderia ter terminado melhor para a equipe de competi\u00e7\u00e3o do Clube Magia da Patina\u00e7\u00e3o de Frederico Westphalen. Entre os dias 6 e 17 de novembro,&#8230;<\/p>","protected":false},"author":2,"featured_media":67024,"comment_status":"closed","ping_status":"closed","sticky":false,"template":"","format":"standard","meta":{"ngg_post_thumbnail":0,"footnotes":""},"categories":[3593,6188,46,42,33],"tags":[1791,1914],"class_list":["post-67023","post","type-post","status-publish","format-standard","has-post-thumbnail","hentry","category-cultura","category-esporte","category-estado","category-fred-west","category-noticias","tag-patinacao","tag-torneio"],"amp_enabled":true,"_links":{"self":[{"href":"https:\/\/www2.comunitaria.com.br\/en\/wp-json\/wp\/v2\/posts\/67023","targetHints":{"allow":["GET"]}}],"collection":[{"href":"https:\/\/www2.comunitaria.com.br\/en\/wp-json\/wp\/v2\/posts"}],"about":[{"href":"https:\/\/www2.comunitaria.com.br\/en\/wp-json\/wp\/v2\/types\/post"}],"author":[{"embeddable":true,"href":"https:\/\/www2.comunitaria.com.br\/en\/wp-json\/wp\/v2\/users\/2"}],"replies":[{"embeddable":true,"href":"https:\/\/www2.comunitaria.com.br\/en\/wp-json\/wp\/v2\/comments?post=67023"}],"version-history":[{"count":0,"href":"https:\/\/www2.comunitaria.com.br\/en\/wp-json\/wp\/v2\/posts\/67023\/revisions"}],"wp:featuredmedia":[{"embeddable":true,"href":"https:\/\/www2.comunitaria.com.br\/en\/wp-json\/wp\/v2\/media\/67024"}],"wp:attachment":[{"href":"https:\/\/www2.comunitaria.com.br\/en\/wp-json\/wp\/v2\/media?parent=67023"}],"wp:term":[{"taxonomy":"category","embeddable":true,"href":"https:\/\/www2.comunitaria.com.br\/en\/wp-json\/wp\/v2\/categories?post=67023"},{"taxonomy":"post_tag","embeddable":true,"href":"https:\/\/www2.comunitaria.com.br\/en\/wp-json\/wp\/v2\/tags?post=67023"}],"curies":[{"name":"wp","href":"https:\/\/api.w.org\/{rel}","templated":true}]}}