{"id":67002,"date":"2024-11-18T11:08:04","date_gmt":"2024-11-18T13:08:04","guid":{"rendered":"https:\/\/www2.comunitaria.com.br\/?p=67002"},"modified":"2024-11-18T11:08:05","modified_gmt":"2024-11-18T13:08:05","slug":"ctg-rodeio-da-querencia-conquista-quinta-colocacao-nas-dancas-tradicionais-forca-b-do-enart-2024-2","status":"publish","type":"post","link":"https:\/\/www2.comunitaria.com.br\/en\/ctg-rodeio-da-querencia-conquista-quinta-colocacao-nas-dancas-tradicionais-forca-b-do-enart-2024-2\/","title":{"rendered":"CTG Rodeio da Quer\u00eancia conquista quinta coloca\u00e7\u00e3o nas Dan\u00e7as Tradicionais For\u00e7a B do Enart 2024"},"content":{"rendered":"<p style=\"text-align: justify;\">O CTG Rodeio da Quer\u00eancia de Frederico Westphalen ficou na quinta coloca\u00e7\u00e3o nas Dan\u00e7as Tradicionais For\u00e7a B, no Enart 2024. A decis\u00e3o ocorreu ap\u00f3s tr\u00eas dias de apresenta\u00e7\u00f5es, realizadas desde sexta-feira (15), no Parque Oktoberfest, em Santa Cruz do Sul.<\/p>\n<p style=\"text-align: justify;\">Nas modalidades individuais do Enart, &nbsp;Rodrigo Dessbesell Filho do CTG Rodeio da Quer\u00eancia, ficou na terceira coloca\u00e7\u00e3o no Viol\u00e3o solo.<\/p>\n<p style=\"text-align: justify;\">O CTG Ronda Charrua, da cidade de Farroupilha, conquistou, neste domingo (17), o t\u00edtulo de grande campe\u00e3o na categoria de Dan\u00e7as Tradicionais \u2013 For\u00e7a A do Enart 2024.&nbsp;<br \/>\nA categoria For\u00e7a B teve como vencedor o DTG Noel Guarani, de Santa Maria.&nbsp;<\/p>\n<p style=\"text-align: justify;\">O Enart 2024 reuniu 4,5 mil competidores. O evento, promovido pelo Movimento Tradicionalista Ga\u00facho (MTG), contou com a participa\u00e7\u00e3o de integrantes de 30 Regi\u00f5es Tradicionalistas do Rio Grande do Sul.<\/p>\n<p style=\"text-align: justify;\">Dan\u00e7as Tradicionais For\u00e7a A<br \/>\n1\u00ba lugar \u2013 CTG Ronda Charrua, de Farroupilha<br \/>\n2\u00ba lugar \u2013 CTG Tiarayu, de Porto Alegre<br \/>\n3\u00ba lugar \u2013 DTG Poncho Verde, de Panambi<br \/>\n4\u00ba lugar PTG \u2013 Bocal de Prata, de Os\u00f3rio<br \/>\n5\u00ba lugar CTG \u2013 Rancho da Saudade, de Cachoeirinha<\/p>\n<p style=\"text-align: justify;\">Dan\u00e7as tradicionais For\u00e7a B<br \/>\n1\u00ba lugar \u2013 DTG Noel Guarani, de Santa Maria<br \/>\n2\u00ba lugar \u2013 CTG Pedro Telles Touren, de S\u00e3o Francisco de Assis<br \/>\n3\u00ba lugar \u2013 DTG Piazito da Tradi\u00e7\u00e3o, de Ven\u00e2ncio Aires<br \/>\n4\u00ba lugar \u2013 Tropilha Crioula, de Get\u00falio Vargas<br \/>\n5\u00ba lugar \u2013 CTG Rodeio da Quer\u00eancia, de Frederico Westphalen<\/p>\n<p style=\"text-align: justify;\">Dan\u00e7a Ga\u00facha de Sal\u00e3o<br \/>\n&nbsp;Na solenidade de encerramento, tamb\u00e9m ocorreu o an\u00fancio dos vencedores da Dan\u00e7a Ga\u00facha de Sal\u00e3o. Lu\u00eds Felipe Pereira Arruda e J\u00e9ssica Maria Bresolin, do CTG Lalau Miranda 7\u00aa RT, sagraram-se vencedores:<br \/>\n1\u00ba lugar \u2013 Lu\u00eds Felipe Pereira Arruda e J\u00e9ssica Maria Bresolin \u2013 CTG Lalau Miranda<br \/>\n2\u00ba lugar \u2013 Felipe Caliari da Rosa e Tha\u00edssa de Freitas Bomm \u2013 CTG Ra\u00edzes do Sul<br \/>\n3\u00ba lugar \u2013 Gustavo Gassen Kaufmann e Milena Golbeich Bona \u2013 CTG Candeeiro da Amizade<\/p>\n<p style=\"text-align: justify;\">Vencedores da Chula<br \/>\nNa modalidade de chula, o vencedor foi Leonardo Mois\u00e9s Silvano, do CTG Rancho da Saudade (1\u00aa RT):&nbsp;<br \/>\n1\u00ba lugar \u2013 Leonardo Mois\u00e9s Silvano \u2013CTG Rancho da Saudade<br \/>\n2\u00ba lugar \u2013 Jean Marques da Rocha \u2013 CTG Gildo de Freitas<\/p>\n<p style=\"text-align: justify;\">Modalidades Individuais \u2013 Resultados<\/p>\n<p style=\"text-align: justify;\">Trova Mi Maior de Gavet\u00e3o<br \/>\n1\u00ba Lugar Dhiuliel Antunes Chaves, Rancho da Amizade (PTG) \u2013 2427 18\u00aa RT<br \/>\n2\u00ba Lugar Jonas Paim da Silveira, Pousada dos Tropeiros (CTG) \u2013 111 25\u00aa RT<br \/>\n3\u00ba Lugar Eron de Oliveira Zeferino Ruy Teixeira de Freitas (AT) \u2013 2613 18\u00aa RT<br \/>\nTrova de Martelo<br \/>\n1\u00ba Lugar Le\u00f4ncio Machado Amaral, Luiz Muller (AT) \u2013 1486 12\u00aa RT<br \/>\n2\u00ba Lugar Eriv\u00e9lton Trindade Dias, Zeferino Ruy Teixeira de Freitas (AT) \u2013 2613 18\u00aa RT<br \/>\n3\u00ba Lugar Nelson Oliveira da Luz, Eduardo Muller (CTG) \u2013 1161 7\u00aa RT<br \/>\nTrova Estilo Gildo de Freitas<br \/>\n1\u00ba Lugar Roger Josiel da Silva Chaves, Sentinela do Rio Grande (CTG) \u2013 1390 18\u00aa RT<br \/>\n2\u00ba Lugar Felipe Viola de Menezes, Quer\u00eancia da Serra (CTG) \u2013 110 9\u00aa RT<br \/>\n3\u00ba Lugar Darci Vieira, Pedro Vargas (CTG) \u2013 339 7\u00aa RT<br \/>\nTrovador Mais Popular<br \/>\n1\u00ba Lugar Maria Edi Malaquias de Lima, Clube Recreativo Juvenil (DT) \u2013 1765 7\u00aa RT<br \/>\nPajada<br \/>\n1\u00ba Lugar Eron de Oliveira Zeferino Ruy Teixeira de Freitas (AT) \u2013 2613 18\u00aa RT<br \/>\n2\u00ba Lugar Dhiuliel Antunes Chaves, Rancho da Amizade (PTG) \u2013 2427 18\u00aa RT<br \/>\n3\u00ba Lugar Le\u00f4ncio Machado Amaral, Luiz Muller (AT) \u2013 1486 12\u00aa RT<br \/>\nCauso<br \/>\n1\u00ba Lugar Igor Emanoel Gava, Felipe Portinho (CTG) \u2013 189 7\u00aa RT<br \/>\n2\u00ba Lugar Kelen Dewes, Chaleira Preta (CTG) \u2013 1614 24\u00aa RT<br \/>\n3\u00ba Lugar Gustavo Morais de Menezes, Tiaracy (CTG) \u2013 60 15\u00aa RT<br \/>\nGaita de Boca<br \/>\n1\u00ba Lugar: Nilson Arno Laabs (CTG Os\u00f3rio Porto \u2013 243 \/ 7\u00aa RT)<br \/>\n2\u00ba Lugar: Davi Le\u00e3o Braga (CN Boitat\u00e1 \u2013 383 \/ 3\u00aa RT)<br \/>\n3\u00ba Lugar: Silvio Jos\u00e9 de Vargas (GAN Anita Garibaldi \u2013 1663 \/ 24\u00aa RT)<br \/>\nBandoneon<br \/>\n1\u00ba Lugar: Bruno Ludtke (CTG Cel. Thomaz Luiz Os\u00f3rio \u2013 350 \/ 26\u00aa RT)<br \/>\n2\u00ba Lugar: F\u00e1bio Rafael Homm (CTG Fronteira da Amizade \u2013 409 \/ 3\u00aa RT)<br \/>\n3\u00ba Lugar: F\u00e1bio Pivetta Horbe (CTG Sentinela dos Pampas \u2013 787 \/ 5\u00aa RT)<br \/>\nAcordeon Crom\u00e1tico<br \/>\n1\u00ba Lugar: Gustavo Alves de Oliveira (Centro Farroupilha de Tradi\u00e7\u00f5es Ga\u00fachas \u2013 77 \/ 4\u00aa RT)<br \/>\n2\u00ba Lugar: Paulo Roberto Oliveira dos Santos (CTG Aldeia dos Anjos \u2013 405 \/ 1\u00aa RT)<br \/>\n3\u00ba Lugar: F\u00e1bio Rafael Homm (CTG Fronteira da Amizade \u2013 409 \/ 3\u00aa RT)<br \/>\nGaita Piano<br \/>\n1\u00ba Lugar: Isaque Barbosa Almeida (CTG Negrinho do Pastoreio \u2013 623 \/ 25\u00aa RT)<br \/>\n2\u00ba Lugar: Murilo Dassi (CTG Galp\u00e3o Campeiro \u2013 296 \/ 19\u00aa RT)<br \/>\n3\u00ba Lugar: Erik Fialho Hoffmann (CTG Os Desgarrados \u2013 1311 \/ 11\u00aa RT)<br \/>\nGaita de Bot\u00e3o at\u00e9 Oito Baixos<br \/>\n1\u00ba Lugar: Miguel Conrad Madri (CTG Tarum\u00e3 \u2013 130 \/ 18\u00aa RT)<br \/>\n2\u00ba Lugar: Thierry Monzon Robalo (CFTG Farroupilha \u2013 1761 \/ 3\u00aa RT)<br \/>\n3\u00ba Lugar: Eduardo Pozer (CTG Alexandre Pato \u2013 246 \/ 8\u00aa RT)<br \/>\nGaita de Bot\u00e3o mais de Oito Baixos<br \/>\n1\u00ba Lugar: Mauro Machado Severo (GAN Campo Aberto \u2013 1124 \/ 18\u00aa RT)<br \/>\n2\u00ba Lugar: Miguel Conrad Madri (CTG Tarum\u00e3 \u2013 130 \/ 18\u00aa RT)<br \/>\n3\u00ba Lugar: Thierry Monzon Robalo (CFTG Farroupilha \u2013 1761 \/ 3\u00aa RT)<br \/>\nGaita de Boca<br \/>\n1\u00ba Lugar: Nilson Arno Laabs (CTG Os\u00f3rio Porto \u2013 243 \/ 7\u00aa RT)<br \/>\n2\u00ba Lugar: Davi Le\u00e3o Braga (CN Boitat\u00e1 \u2013 383 \/ 3\u00aa RT)<br \/>\n3\u00ba Lugar: Silvio Jos\u00e9 de Vargas (GAN Anita Garibaldi \u2013 1663 \/ 24\u00aa RT)<br \/>\nViolino ou Rabeca<br \/>\n1\u00ba Lugar: Thiago Marini Woicolesko (CTG Tropilha Crioula \u2013 140 \/ 19\u00aa RT)<br \/>\n2\u00ba Lugar: Cristine Vasconcellos (CTG Quer\u00eancia do Arroio do Meio \u2013 905 \/ 24\u00aa RT)<br \/>\n3\u00ba Lugar: Leonardo Krewer Menin (DTG Noel Guarany \u2013 2336 \/ 13\u00aa RT)<br \/>\nViol\u00e3o<br \/>\n1\u00ba Lugar: Gabriel M. Mafalda (CTG Galp\u00e3o da Boa Vontade \u2013 343 \/ 17\u00aa RT)<br \/>\n2\u00ba Lugar: Andr\u00e9 Luis Meinen Schmitt (CTG Clube Farroupilha \u2013 191 \/ 9\u00aa RT)<br \/>\n3\u00ba Lugar: Rodrigo Dessbesell Filho (CTG Rodeio da Quer\u00eancia \u2013 629 \/ 28\u00aa RT)<br \/>\nViola<br \/>\n1\u00ba Lugar: Victor Renato Von Dentz (CTG Dom Luiz Felipe de Nadal \u2013 388 \/ 7\u00aa RT)<br \/>\n2\u00ba Lugar: Vanderlei Linassi Carniel (CTG Lalau Miranda \u2013 242 \/ 7\u00aa RT)<br \/>\nConjunto Instrumental<br \/>\n1\u00ba Lugar: DTG Noel Guarany \u2013 2336 (13\u00aa RT)<br \/>\n2\u00ba Lugar: GR Caami Folclore e Arte Nativa \u2013 2204 (13\u00aa RT)<br \/>\n3\u00ba Lugar: CTG Prov\u00edncia de S\u00e3o Pedro \u2013 197 (16\u00aa RT)<br \/>\nConjunto Vocal<br \/>\n1\u00ba Lugar: CTG Lanceiros da Zona Sul \u2013 608 (1\u00aa RT)<br \/>\n2\u00ba Lugar: CTG Charla Galponeira \u2013 2122 (15\u00aa RT)<br \/>\n3\u00ba Lugar: GAN Campo Aberto \u2013 1124 (18\u00aa RT)<br \/>\nPoesia \u2013 Concurso Liter\u00e1rio<br \/>\n1\u00ba Lugar: Ana Marcia Karin Mey \u2013 CTG Rinc\u00e3o da Amizade (15\u00aa RT)<br \/>\n2\u00ba Lugar: M\u00e1rcia Cristina Borges da Silva \u2013 CTG Tropeiros da Tradi\u00e7\u00e3o (1\u00aa RT)<br \/>\n3\u00ba Lugar: Luiz Paulo Pizolotto dos Santos \u2013 GAN Vaqueanos da Cultura (14\u00aa RT)<br \/>\nConto \u2013 Concurso Liter\u00e1rio<br \/>\n1\u00ba Lugar: Jonas Jos\u00e9 Viccari \u2013 CTG Trilha Serrana (11\u00aa RT)<br \/>\n2\u00ba Lugar: \u00c2ngelo Luiz Ribeiro Soares \u2013 CTG Est\u00e2ncia Velha da Tradi\u00e7\u00e3o (18\u00aa RT)<br \/>\n3\u00ba Lugar: Jos\u00e9 Ant\u00f4nio Borges \u2013 CTG Rinc\u00e3o da Amizade (1\u00aa RT)<br \/>\nInt\u00e9rprete Solista Vocal Masculino<br \/>\n1\u00ba Lugar: Jo\u00e3o Vitor Menezes de Oliveira \u2013 Quer\u00eancia das Dores (DT) (13\u00aa RT)<br \/>\n2\u00ba Lugar: Pablo Cardoso Machado \u2013 Quer\u00eancia das Dores (DT) (13\u00aa RT)<br \/>\n3\u00ba Lugar: Ismael Felipe Brandt \u2013 CTG Sentinela da Quer\u00eancia (13\u00aa RT)<br \/>\nInt\u00e9rprete Solista Vocal Feminino<br \/>\n1\u00ba Lugar: Tiane Tambara Sim\u00f5es \u2013 Quer\u00eancia das Dores (DT) (13\u00aa RT)<br \/>\n2\u00ba Lugar: K\u00e1ssia Maria Costa Schuquel \u2013 Rancho da Amizade (CTG) (1\u00aa RT)<br \/>\n3\u00ba Lugar: Caroline Sentena \u2013 Estirpe Ga\u00facha (CTG) (11\u00aa RT)<br \/>\nAmadrinhador Destaque na Declama\u00e7\u00e3o Masculina<br \/>\n1\u00ba Lugar: Fernando Graciolla<br \/>\nPoema: \u201cQuando um Domina o Outro\u201d \u2013 Maximiliano Alves de Moraes<br \/>\nAmadrinhador Destaque na Declama\u00e7\u00e3o Feminina<br \/>\n1\u00ba Lugar: Kaique Mello<br \/>\nPoema: \u201cRomance do Arrendador\u201d \u2013 Apar\u00edcio Silva Rillo<br \/>\nDeclama\u00e7\u00e3o Masculina<br \/>\n1\u00ba Lugar: William Andrade \u2013 Entidade: Lalau Miranda (CTG) \u2013 RT: 7\u00aa RT<br \/>\n2\u00ba Lugar: Elvio Sanhudo Morais \u2013 Entidade: Tiarayu (CTG) \u2013 RT: 1\u00aa RT<br \/>\n3\u00ba Lugar: Sedinei Antonio Richter \u2013 Entidade: Felipe Portinho (CTG) RT: 7\u00aa RT<br \/>\nPoesia \u2013 Concurso Liter\u00e1rio<br \/>\n1\u00ba Lugar Ana Marcia Karin Mey \u2013 CTG Rinc\u00e3o da Amizade \u2013 15\u00aa RT<br \/>\n2\u00ba Lugar Marcia Cristina Borges da Silva \u2013 CTG Tropeiros da Tradi\u00e7\u00e3o \u2013 1\u00aa RT<br \/>\n3\u00ba Lugar Luiz Paulo Pizolotto dos Santos \u2013 GAN Vaqueanos da Cultura \u2013 14\u00aa RT<br \/>\nConto \u2013 Concurso Liter\u00e1rio<br \/>\n1\u00ba Lugar Jonas Jos\u00e9 Viccari \u2013 CTG Trilha Serrana \u2013 11\u00aa RT<br \/>\n2\u00ba Lugar Angelo Luiz Ribeiro Soares \u2013 CTG Est\u00e2ncia Velha da Tradi\u00e7\u00e3o \u2013 18\u00aa RT<br \/>\n3\u00ba Lugar Jos\u00e9 Antonio Borges \u2013 CTG Rinc\u00e3o da Amizade \u2013 1\u00aa RT<br \/>\nDeclama\u00e7\u00e3o Feminina<br \/>\n1\u00ba Lugar Judite Luiza Brock Carlet \u2013 Sepe Tiaraju (GAN) \u2013 14\u00aa RT<br \/>\n2\u00ba Lugar Gabrielle Lopes Ribeiro \u2013 Farroupilha (CTG) \u2013 6\u00aa RT<br \/>\n3\u00ba Lugar Clara Lisiane Faccio \u2013 O Fog\u00e3o Ga\u00facho (CTG) \u2013 22\u00aa RT<\/p>\n<p style=\"text-align: justify;\">&nbsp;<\/p>\n<p style=\"text-align: justify;\"><em>Fonte: LA+<\/em><\/p>\n<p style=\"text-align: justify;\"><em>Foto: Divulga\u00e7\u00e3o<a href=\"https:\/\/www2.comunitaria.com.br\/en\/ctg-rodeio-da-querencia-conquista-quinta-colocacao-nas-dancas-tradicionais-forca-b-do-enart-2024-2\/e9dbca07f24c7bf5677f490995cf2bd9-2\/\" rel=\"attachment wp-att-67003\"><img loading=\"lazy\" decoding=\"async\" class=\"aligncenter size-full wp-image-67003\" src=\"http:\/\/www2.comunitaria.com.br\/wp-content\/uploads\/2024\/11\/e9dbca07f24c7bf5677f490995cf2bd9-1.jpeg\" alt=\"\" width=\"1600\" height=\"905\" srcset=\"https:\/\/www2.comunitaria.com.br\/wp-content\/uploads\/2024\/11\/e9dbca07f24c7bf5677f490995cf2bd9-1.jpeg 1600w, https:\/\/www2.comunitaria.com.br\/wp-content\/uploads\/2024\/11\/e9dbca07f24c7bf5677f490995cf2bd9-1-300x170.jpeg 300w, https:\/\/www2.comunitaria.com.br\/wp-content\/uploads\/2024\/11\/e9dbca07f24c7bf5677f490995cf2bd9-1-1024x579.jpeg 1024w, https:\/\/www2.comunitaria.com.br\/wp-content\/uploads\/2024\/11\/e9dbca07f24c7bf5677f490995cf2bd9-1-768x434.jpeg 768w, https:\/\/www2.comunitaria.com.br\/wp-content\/uploads\/2024\/11\/e9dbca07f24c7bf5677f490995cf2bd9-1-1536x869.jpeg 1536w, https:\/\/www2.comunitaria.com.br\/wp-content\/uploads\/2024\/11\/e9dbca07f24c7bf5677f490995cf2bd9-1-1200x679.jpeg 1200w\" sizes=\"auto, (max-width: 1600px) 100vw, 1600px\" \/><\/a><\/em><\/p>","protected":false},"excerpt":{"rendered":"<p>O CTG Rodeio da Quer\u00eancia de Frederico Westphalen ficou na quinta coloca\u00e7\u00e3o nas Dan\u00e7as Tradicionais For\u00e7a B, no Enart 2024. A decis\u00e3o ocorreu ap\u00f3s tr\u00eas dias de apresenta\u00e7\u00f5es, realizadas desde&#8230;<\/p>","protected":false},"author":2,"featured_media":67003,"comment_status":"closed","ping_status":"closed","sticky":false,"template":"","format":"standard","meta":{"ngg_post_thumbnail":0,"footnotes":""},"categories":[3593,42,28,33],"tags":[1318,6974,82,6462],"class_list":["post-67002","post","type-post","status-publish","format-standard","has-post-thumbnail","hentry","category-cultura","category-fred-west","category-destaque","category-noticias","tag-ctg-rodeio-da-querencia","tag-enart-2024","tag-frederico-westphalen","tag-santa-cruz-do-sul"],"amp_enabled":true,"_links":{"self":[{"href":"https:\/\/www2.comunitaria.com.br\/en\/wp-json\/wp\/v2\/posts\/67002","targetHints":{"allow":["GET"]}}],"collection":[{"href":"https:\/\/www2.comunitaria.com.br\/en\/wp-json\/wp\/v2\/posts"}],"about":[{"href":"https:\/\/www2.comunitaria.com.br\/en\/wp-json\/wp\/v2\/types\/post"}],"author":[{"embeddable":true,"href":"https:\/\/www2.comunitaria.com.br\/en\/wp-json\/wp\/v2\/users\/2"}],"replies":[{"embeddable":true,"href":"https:\/\/www2.comunitaria.com.br\/en\/wp-json\/wp\/v2\/comments?post=67002"}],"version-history":[{"count":0,"href":"https:\/\/www2.comunitaria.com.br\/en\/wp-json\/wp\/v2\/posts\/67002\/revisions"}],"wp:featuredmedia":[{"embeddable":true,"href":"https:\/\/www2.comunitaria.com.br\/en\/wp-json\/wp\/v2\/media\/67003"}],"wp:attachment":[{"href":"https:\/\/www2.comunitaria.com.br\/en\/wp-json\/wp\/v2\/media?parent=67002"}],"wp:term":[{"taxonomy":"category","embeddable":true,"href":"https:\/\/www2.comunitaria.com.br\/en\/wp-json\/wp\/v2\/categories?post=67002"},{"taxonomy":"post_tag","embeddable":true,"href":"https:\/\/www2.comunitaria.com.br\/en\/wp-json\/wp\/v2\/tags?post=67002"}],"curies":[{"name":"wp","href":"https:\/\/api.w.org\/{rel}","templated":true}]}}