{"id":66985,"date":"2024-11-18T10:26:47","date_gmt":"2024-11-18T12:26:47","guid":{"rendered":"https:\/\/www2.comunitaria.com.br\/?p=66985"},"modified":"2024-11-18T10:26:47","modified_gmt":"2024-11-18T12:26:47","slug":"portuguesa-e-condenada-por-racismo-contra-filhos-de-gio-ewbank-e-gagliasso","status":"publish","type":"post","link":"https:\/\/www2.comunitaria.com.br\/en\/portuguesa-e-condenada-por-racismo-contra-filhos-de-gio-ewbank-e-gagliasso\/","title":{"rendered":"Portuguesa \u00e9 condenada por racismo contra filhos de Gio Ewbank e Gagliasso"},"content":{"rendered":"<p>A<strong>&nbsp;Justi\u00e7a de Portugal<\/strong>&nbsp;condenou&nbsp;<strong>Ad\u00e9lia Barros<\/strong>, 59, por cometer um ato de racismo contra Titi, 11, e Bless, 9, filhos do casal&nbsp;<strong>Giovanna Ewbank<\/strong>, 38, e&nbsp;<strong>Bruno Gagliasso<\/strong>, 42, durante uma viagem da fam\u00edlia \u00e0 Costa da Caparica, em julho de 2022.<\/p>\n<div id=\"mid2\" class=\"custom__ad__element\" data-google-query-id=\"CLL_4Prv5YkDFZhM3QIdpIIglg\">O tribunal de Almada determinou que ela cumpra uma pena de oito meses de pris\u00e3o, que pode ser cumprida em liberdade, com a condi\u00e7\u00e3o de que n\u00e3o cometa outro crime durante os pr\u00f3ximos quatro anos. Al\u00e9m disso, ela foi condenada a pagar uma indeniza\u00e7\u00e3o de 14 mil euros (aproximadamente R$ 85 mil).<\/div>\n<div data-google-query-id=\"CLL_4Prv5YkDFZhM3QIdpIIglg\">\n<p>Ela tamb\u00e9m dever\u00e1 pagar 2.500 euros (cerca de R$ 15 mil) \u00e0 associa\u00e7\u00e3o SOS Racismo e se submeter a tratamento contra alcoolismo.<\/p>\n<p>O crime aconteceu em 2022, no restaurante Cl\u00e1ssico Beach Club, na Costa da Caparica, em&nbsp;Portugal, local onde a fam\u00edlia passava f\u00e9rias.&nbsp;Uma mulher branca, que passava na frente do restaurante,&nbsp;xingou as crian\u00e7as ofendeu uma fam\u00edlia de turistas angolanos que estavam no local&nbsp;\u2013 cerca de 15 pessoas.<\/p>\n<p>V\u00eddeos divulgados na internet mostram a atriz reagindo \u00e0 mulher: \u201cVai presa, racista\u201d. Ap\u00f3s o ocorrido, Gagliasso chamou a pol\u00edcia. A mulher foi levada do local escoltada por agentes.<\/p>\n<p>Na \u00e9poca,&nbsp;Bruno Gagliasso&nbsp;e Giovanna Ewbank prestaram queixa contra Ad\u00e9lia em uma delegacia portuguesa, o que levou ao in\u00edcio do processo judicial.<\/p>\n<div class=\"group\/conversation-turn relative flex w-full min-w-0 flex-col agent-turn\">\n<div class=\"flex-col gap-1 md:gap-3\">\n<div class=\"flex max-w-full flex-col flex-grow\">\n<div class=\"min-h-8 text-message flex w-full flex-col items-end gap-2 whitespace-normal break-words [.text-message+&amp;]:mt-5\" dir=\"auto\" data-message-author-role=\"assistant\" data-message-id=\"add1da56-ae9e-48e9-b629-65b75ca82a4a\" data-message-model-slug=\"gpt-4o-mini\">\n<div class=\"flex w-full flex-col gap-1 empty:hidden first:pt-[3px]\">\n<div class=\"markdown prose w-full break-words dark:prose-invert light\">\n<p>Al\u00e9m disso, em agosto, a influenciadora brasileira Dayane Alc\u00e2ntara foi condenada pela Justi\u00e7a Federal do Rio de Janeiro a 8 anos e 9 meses de pris\u00e3o por racismo contra Titi, que, na \u00e9poca do incidente, tinha apenas 4 anos. O caso de Dayane aconteceu em 2017 e tamb\u00e9m gerou grande repercuss\u00e3o.<\/p>\n<p><em>Fonte: CNN<\/em><\/p>\n<\/div>\n<\/div>\n<\/div>\n<\/div>\n<\/div>\n<\/div>\n<\/div>\n","protected":false},"excerpt":{"rendered":"<p>A&nbsp;Justi\u00e7a de Portugal&nbsp;condenou&nbsp;Ad\u00e9lia Barros, 59, por cometer um ato de racismo contra Titi, 11, e Bless, 9, filhos do casal&nbsp;Giovanna Ewbank, 38, e&nbsp;Bruno Gagliasso, 42, durante uma viagem da fam\u00edlia&#8230;<\/p>","protected":false},"author":2,"featured_media":66987,"comment_status":"closed","ping_status":"closed","sticky":false,"template":"","format":"standard","meta":{"ngg_post_thumbnail":0,"footnotes":""},"categories":[47,33],"tags":[4636],"class_list":["post-66985","post","type-post","status-publish","format-standard","has-post-thumbnail","hentry","category-brasil","category-noticias","tag-racismo"],"amp_enabled":true,"_links":{"self":[{"href":"https:\/\/www2.comunitaria.com.br\/en\/wp-json\/wp\/v2\/posts\/66985","targetHints":{"allow":["GET"]}}],"collection":[{"href":"https:\/\/www2.comunitaria.com.br\/en\/wp-json\/wp\/v2\/posts"}],"about":[{"href":"https:\/\/www2.comunitaria.com.br\/en\/wp-json\/wp\/v2\/types\/post"}],"author":[{"embeddable":true,"href":"https:\/\/www2.comunitaria.com.br\/en\/wp-json\/wp\/v2\/users\/2"}],"replies":[{"embeddable":true,"href":"https:\/\/www2.comunitaria.com.br\/en\/wp-json\/wp\/v2\/comments?post=66985"}],"version-history":[{"count":0,"href":"https:\/\/www2.comunitaria.com.br\/en\/wp-json\/wp\/v2\/posts\/66985\/revisions"}],"wp:featuredmedia":[{"embeddable":true,"href":"https:\/\/www2.comunitaria.com.br\/en\/wp-json\/wp\/v2\/media\/66987"}],"wp:attachment":[{"href":"https:\/\/www2.comunitaria.com.br\/en\/wp-json\/wp\/v2\/media?parent=66985"}],"wp:term":[{"taxonomy":"category","embeddable":true,"href":"https:\/\/www2.comunitaria.com.br\/en\/wp-json\/wp\/v2\/categories?post=66985"},{"taxonomy":"post_tag","embeddable":true,"href":"https:\/\/www2.comunitaria.com.br\/en\/wp-json\/wp\/v2\/tags?post=66985"}],"curies":[{"name":"wp","href":"https:\/\/api.w.org\/{rel}","templated":true}]}}