{"id":66982,"date":"2024-11-18T10:21:54","date_gmt":"2024-11-18T12:21:54","guid":{"rendered":"https:\/\/www2.comunitaria.com.br\/?p=66982"},"modified":"2024-11-18T10:21:55","modified_gmt":"2024-11-18T12:21:55","slug":"decreto-institui-comissao-de-transicao-de-governo","status":"publish","type":"post","link":"https:\/\/www2.comunitaria.com.br\/en\/decreto-institui-comissao-de-transicao-de-governo\/","title":{"rendered":"Decreto institui Comiss\u00e3o de Transi\u00e7\u00e3o de Governo"},"content":{"rendered":"<p style=\"text-align: justify;\">O Decreto n\u00ba 104, publicado na quarta-feira, 6, institui a Comiss\u00e3o de Transi\u00e7\u00e3o de Governo da Prefeitura de Frederico Westphalen. O documento, que \u00e9 acompanhado das Portarias n\u00ba 395 e n\u00ba 396, define as equipes que trabalhar\u00e3o at\u00e9 31 de dezembro na reorganiza\u00e7\u00e3o administrativa, para subsidiar as a\u00e7\u00f5es iniciais do prefeito eleito para o mandato 2025-2028.<\/p>\n<p style=\"text-align: justify;\">A Comiss\u00e3o de Transi\u00e7\u00e3o de Governo levantar\u00e1 documentos, como o Plano Plurianual 2022-2025, a Lei de Diretrizes Or\u00e7ament\u00e1rias (LDO), a Lei Or\u00e7ament\u00e1ria Anual (LOA), demonstrativos dos saldos financeiros, relat\u00f3rios sobre contratos, programas, conv\u00eanios, parcerias e outros instrumentos celebrados com a Uni\u00e3o, Estado, munic\u00edpios, cons\u00f3rcios p\u00fablicos e entidades, entre outros documentos necess\u00e1rios para que o prefeito eleito possa dar seguimento a trabalhos j\u00e1 iniciados e que devem ter sequ\u00eancia e possibilitar maior agilidade no in\u00edcio de novas a\u00e7\u00f5es.<\/p>\n<p style=\"text-align: justify;\">As atividades dos membros da Comiss\u00e3o de Transi\u00e7\u00e3o de Governo n\u00e3o ser\u00e3o remuneradas.<\/p>\n<p style=\"text-align: justify;\">Comiss\u00f5es de Transi\u00e7\u00e3o de Governo<br \/>\nElisabete Vera de Moura \u2013 Procuradora (Coordenadora da equipe)<br \/>\nMichele Donatti \u2013 Secret\u00e1ria da Fazenda<br \/>\nMarizete Lourdes Frozzi \u2013 Secret\u00e1ria da Administra\u00e7\u00e3o<br \/>\nTa\u00eds Candaten \u2013 Assistente Social<br \/>\nCarina da Silveira \u2013 Agente Administrativa Auxiliar<\/p>\n<p style=\"text-align: justify;\">Valmir Renato Mass \u2013 Coordenador da equipe<br \/>\nJos\u00e9 Armando Grassi<br \/>\nDiego Bertoletti da Rocha<br \/>\nLaudir Schittler<br \/>\nRosana Salton<a href=\"https:\/\/www2.comunitaria.com.br\/en\/decreto-institui-comissao-de-transicao-de-governo\/media_lsvj06yoapzgab2kfbnwq5jmaechlnnh\/\" rel=\"attachment wp-att-66983\"><img loading=\"lazy\" decoding=\"async\" class=\"aligncenter size-full wp-image-66983\" src=\"http:\/\/www2.comunitaria.com.br\/wp-content\/uploads\/2024\/11\/media_LSvJ06yoAPZGAB2kFBNwq5JmAechlNnh.png\" alt=\"\" width=\"821\" height=\"600\" srcset=\"https:\/\/www2.comunitaria.com.br\/wp-content\/uploads\/2024\/11\/media_LSvJ06yoAPZGAB2kFBNwq5JmAechlNnh.png 821w, https:\/\/www2.comunitaria.com.br\/wp-content\/uploads\/2024\/11\/media_LSvJ06yoAPZGAB2kFBNwq5JmAechlNnh-300x219.png 300w, https:\/\/www2.comunitaria.com.br\/wp-content\/uploads\/2024\/11\/media_LSvJ06yoAPZGAB2kFBNwq5JmAechlNnh-768x561.png 768w\" sizes=\"auto, (max-width: 821px) 100vw, 821px\" \/><\/a><\/p>","protected":false},"excerpt":{"rendered":"<p>O Decreto n\u00ba 104, publicado na quarta-feira, 6, institui a Comiss\u00e3o de Transi\u00e7\u00e3o de Governo da Prefeitura de Frederico Westphalen. O documento, que \u00e9 acompanhado das Portarias n\u00ba 395 e n\u00ba 396, define as equipes que trabalhar\u00e3o at\u00e9 31 de dezembro na reorganiza\u00e7\u00e3o administrativa, para subsidiar as a\u00e7\u00f5es iniciais do prefeito eleito para o mandato<\/p>\n<div class=\"read-more-wrapper\"><a class=\"read-more\" href=\"https:\/\/www2.comunitaria.com.br\/en\/decreto-institui-comissao-de-transicao-de-governo\/\" title=\"Read More\"> <span class=\"button\">Read More<\/span><\/a><\/div>","protected":false},"author":2,"featured_media":66983,"comment_status":"closed","ping_status":"closed","sticky":false,"template":"","format":"standard","meta":{"ngg_post_thumbnail":0,"footnotes":""},"categories":[42,33,38],"tags":[82],"class_list":["post-66982","post","type-post","status-publish","format-standard","has-post-thumbnail","hentry","category-fred-west","category-noticias","category-politica","tag-frederico-westphalen"],"amp_enabled":true,"_links":{"self":[{"href":"https:\/\/www2.comunitaria.com.br\/en\/wp-json\/wp\/v2\/posts\/66982","targetHints":{"allow":["GET"]}}],"collection":[{"href":"https:\/\/www2.comunitaria.com.br\/en\/wp-json\/wp\/v2\/posts"}],"about":[{"href":"https:\/\/www2.comunitaria.com.br\/en\/wp-json\/wp\/v2\/types\/post"}],"author":[{"embeddable":true,"href":"https:\/\/www2.comunitaria.com.br\/en\/wp-json\/wp\/v2\/users\/2"}],"replies":[{"embeddable":true,"href":"https:\/\/www2.comunitaria.com.br\/en\/wp-json\/wp\/v2\/comments?post=66982"}],"version-history":[{"count":0,"href":"https:\/\/www2.comunitaria.com.br\/en\/wp-json\/wp\/v2\/posts\/66982\/revisions"}],"wp:featuredmedia":[{"embeddable":true,"href":"https:\/\/www2.comunitaria.com.br\/en\/wp-json\/wp\/v2\/media\/66983"}],"wp:attachment":[{"href":"https:\/\/www2.comunitaria.com.br\/en\/wp-json\/wp\/v2\/media?parent=66982"}],"wp:term":[{"taxonomy":"category","embeddable":true,"href":"https:\/\/www2.comunitaria.com.br\/en\/wp-json\/wp\/v2\/categories?post=66982"},{"taxonomy":"post_tag","embeddable":true,"href":"https:\/\/www2.comunitaria.com.br\/en\/wp-json\/wp\/v2\/tags?post=66982"}],"curies":[{"name":"wp","href":"https:\/\/api.w.org\/{rel}","templated":true}]}}