{"id":66932,"date":"2024-11-12T18:06:50","date_gmt":"2024-11-12T20:06:50","guid":{"rendered":"https:\/\/www2.comunitaria.com.br\/?p=66932"},"modified":"2024-11-12T18:06:51","modified_gmt":"2024-11-12T20:06:51","slug":"vendas-no-comercio-crescem-05-em-setembro-e-igualam-patamar-recorde","status":"publish","type":"post","link":"https:\/\/www2.comunitaria.com.br\/en\/vendas-no-comercio-crescem-05-em-setembro-e-igualam-patamar-recorde\/","title":{"rendered":"Vendas no com\u00e9rcio crescem 0,5% em setembro e igualam patamar recorde"},"content":{"rendered":"<p style=\"text-align: justify;\">As vendas no com\u00e9rcio brasileiro cresceram 0,5% na passagem de agosto para setembro. Esse desempenho coloca o setor de volta ao n\u00edvel mais alto da s\u00e9rie, atingido anteriormente em maio de 2024.<img decoding=\"async\" src=\"https:\/\/agenciabrasil.ebc.com.br\/ebc.png?id=1619167&amp;o=node\"><img decoding=\"async\" src=\"https:\/\/agenciabrasil.ebc.com.br\/ebc.gif?id=1619167&amp;o=node\"><\/p>\n<p style=\"text-align: justify;\">A constata\u00e7\u00e3o faz parte da Pesquisa Mensal de Com\u00e9rcio, divulgada nesta ter\u00e7a-feira (12) pelo Instituto Brasileiro de Geografia e Estat\u00edstica (IBGE).<\/p>\n<p style=\"text-align: justify;\">O resultado positivo volta a colocar o com\u00e9rcio brasileiro no campo positivo na compara\u00e7\u00e3o entre meses imediatamente seguidos, uma vez que tinha recuado 0,2% na passagem de julho para agosto.<\/p>\n<p style=\"text-align: justify;\">Na compara\u00e7\u00e3o com setembro de 2023, o setor avan\u00e7ou 2,1%. No acumulado de 2024, o ganho somado \u00e9 de 4,8%. Em 12 meses, o setor cresce 3,9%. Observando dados trimestrais, o terceiro trimestre de 2024 se expandiu 0,3% ante o conjunto dos meses abril, maio e junho.&nbsp;Em rela\u00e7\u00e3o ao terceiro trimestre de 2023, a alta \u00e9 de 4%.<\/p>\n<h2 style=\"text-align: justify;\">Atividades<\/h2>\n<p style=\"text-align: justify;\">Quatro das oito atividades pesquisadas pelo IBGE apresentaram resultados positivos: outros artigos de uso pessoal e dom\u00e9stico (3,5%), combust\u00edveis e lubrificantes (2,3%), artigos farmac\u00eauticos, m\u00e9dicos, ortop\u00e9dicos, e de perfumaria (1,6%) e hiper, supermercados, produtos aliment\u00edcios, bebidas e fumo (0,3%).<\/p>\n<p style=\"text-align: justify;\">Por outro lado, m\u00f3veis e eletrodom\u00e9sticos (-2,9%), equipamentos e material para escrit\u00f3rio, inform\u00e1tica e comunica\u00e7\u00e3o (-1,8%), tecidos, vestu\u00e1rio e cal\u00e7ados (-1,7%) e livros, jornais, revistas e papelaria (-0,9%) tiveram queda.&nbsp;<\/p>\n<p style=\"text-align: justify;\">O IBGE destaca que, ao longo de 2024, o desempenho dos supermercados e artigos farmac\u00eauticos t\u00eam sustentado crescimento.<\/p>\n<p style=\"text-align: justify;\">As vendas nos supermercados t\u00eam o maior peso na pesquisa do IBGE, 55,6%. J\u00e1 os artigos farmac\u00eauticos figuram como terceiro maior peso (11%), perdendo para combust\u00edveis e lubrificantes.<\/p>\n<p style=\"text-align: justify;\">O gerente da pesquisa, Cristiano Santos, classifica o resultado como &#8220;bastante expressivo&#8221;. Ele enfatiza que o desempenho tira o com\u00e9rcio de uma zona de estabilidade em um n\u00edvel j\u00e1 alto.<\/p>\n<p style=\"text-align: justify;\">&#8220;Se a gente est\u00e1 circundando o n\u00edvel recorde, mais ou menos, desde maio, a gente est\u00e1 em uma base alta&#8221;, aponta.<\/p>\n<p style=\"text-align: justify;\">Ele explica que fatores como aumento de cr\u00e9dito para a pessoa f\u00edsica, expans\u00e3o do n\u00famero de pessoas ocupadas e crescimento da massa salarial dos trabalhadores ajudaram a impulsionar o com\u00e9rcio brasileiro. &#8220;Esse cen\u00e1rio vem puxando o ano de 2024.&#8221;<\/p>\n<h2 style=\"text-align: justify;\">Ve\u00edculos e motos<\/h2>\n<p style=\"text-align: justify;\">O IBGE tamb\u00e9m divulga dados do chamado varejo ampliado, que inclui as atividades de ve\u00edculos, motos, partes e pe\u00e7as; material de constru\u00e7\u00e3o; e atacado especializado de produtos aliment\u00edcios, bebidas e fumo. Com esses setores agregados, o com\u00e9rcio cresceu 1,8% na passagem de agosto para setembro, superando o maior patamar da s\u00e9rie hist\u00f3rica, atingido em agosto de 2013.<\/p>\n<p style=\"text-align: justify;\">&#8220;Tamb\u00e9m teve a quest\u00e3o do cr\u00e9dito para aquisi\u00e7\u00e3o de ve\u00edculos, que foi bastante forte, de 2,4% de agosto para setembro&#8221;, diz.<\/p>\n<p style=\"text-align: justify;\">Na compara\u00e7\u00e3o com setembro de 2023, o com\u00e9rcio ampliado se expandiu 3,9%. Em 12 meses, o ganho acumulado \u00e9 de 3,8%.<\/p>\n<p><em>Fonte: Ag\u00eancia Brasil<\/em><\/p>\n<p><em>Foto: Arquivo\/Elza Fi\u00faza\/Ag\u00eancia Brasil<a href=\"https:\/\/www2.comunitaria.com.br\/en\/vendas-no-comercio-crescem-05-em-setembro-e-igualam-patamar-recorde\/farmacias\/\" rel=\"attachment wp-att-66933\"><img loading=\"lazy\" decoding=\"async\" class=\"aligncenter size-full wp-image-66933\" src=\"http:\/\/www2.comunitaria.com.br\/wp-content\/uploads\/2024\/11\/farmacias.webp\" alt=\"\" width=\"1170\" height=\"700\" srcset=\"https:\/\/www2.comunitaria.com.br\/wp-content\/uploads\/2024\/11\/farmacias.webp 1170w, https:\/\/www2.comunitaria.com.br\/wp-content\/uploads\/2024\/11\/farmacias-300x179.webp 300w, https:\/\/www2.comunitaria.com.br\/wp-content\/uploads\/2024\/11\/farmacias-1024x613.webp 1024w, https:\/\/www2.comunitaria.com.br\/wp-content\/uploads\/2024\/11\/farmacias-768x459.webp 768w\" sizes=\"auto, (max-width: 1170px) 100vw, 1170px\" \/><\/a><\/em><\/p>","protected":false},"excerpt":{"rendered":"<p>As vendas no com\u00e9rcio brasileiro cresceram 0,5% na passagem de agosto para setembro. Esse desempenho coloca o setor de volta ao n\u00edvel mais alto da s\u00e9rie, atingido anteriormente em maio&#8230;<\/p>","protected":false},"author":2,"featured_media":66933,"comment_status":"closed","ping_status":"closed","sticky":false,"template":"","format":"standard","meta":{"ngg_post_thumbnail":0,"footnotes":""},"categories":[47,39,28,33],"tags":[6961,1445],"class_list":["post-66932","post","type-post","status-publish","format-standard","has-post-thumbnail","hentry","category-brasil","category-economia","category-destaque","category-noticias","tag-comercios","tag-vendas"],"amp_enabled":true,"_links":{"self":[{"href":"https:\/\/www2.comunitaria.com.br\/en\/wp-json\/wp\/v2\/posts\/66932","targetHints":{"allow":["GET"]}}],"collection":[{"href":"https:\/\/www2.comunitaria.com.br\/en\/wp-json\/wp\/v2\/posts"}],"about":[{"href":"https:\/\/www2.comunitaria.com.br\/en\/wp-json\/wp\/v2\/types\/post"}],"author":[{"embeddable":true,"href":"https:\/\/www2.comunitaria.com.br\/en\/wp-json\/wp\/v2\/users\/2"}],"replies":[{"embeddable":true,"href":"https:\/\/www2.comunitaria.com.br\/en\/wp-json\/wp\/v2\/comments?post=66932"}],"version-history":[{"count":0,"href":"https:\/\/www2.comunitaria.com.br\/en\/wp-json\/wp\/v2\/posts\/66932\/revisions"}],"wp:featuredmedia":[{"embeddable":true,"href":"https:\/\/www2.comunitaria.com.br\/en\/wp-json\/wp\/v2\/media\/66933"}],"wp:attachment":[{"href":"https:\/\/www2.comunitaria.com.br\/en\/wp-json\/wp\/v2\/media?parent=66932"}],"wp:term":[{"taxonomy":"category","embeddable":true,"href":"https:\/\/www2.comunitaria.com.br\/en\/wp-json\/wp\/v2\/categories?post=66932"},{"taxonomy":"post_tag","embeddable":true,"href":"https:\/\/www2.comunitaria.com.br\/en\/wp-json\/wp\/v2\/tags?post=66932"}],"curies":[{"name":"wp","href":"https:\/\/api.w.org\/{rel}","templated":true}]}}