{"id":66908,"date":"2024-11-12T13:37:59","date_gmt":"2024-11-12T15:37:59","guid":{"rendered":"https:\/\/www2.comunitaria.com.br\/?p=66908"},"modified":"2024-11-12T13:37:59","modified_gmt":"2024-11-12T15:37:59","slug":"governo-do-rs-abre-selecao-para-2-mil-vagas-temporarias-com-salarios-de-ate-r-108-mil-processo-nao-tera-aplicacao-de-prova","status":"publish","type":"post","link":"https:\/\/www2.comunitaria.com.br\/en\/governo-do-rs-abre-selecao-para-2-mil-vagas-temporarias-com-salarios-de-ate-r-108-mil-processo-nao-tera-aplicacao-de-prova\/","title":{"rendered":"Governo do RS abre sele\u00e7\u00e3o para 2 mil vagas tempor\u00e1rias com sal\u00e1rios de at\u00e9 R$ 10,8 mil; processo n\u00e3o ter\u00e1 aplica\u00e7\u00e3o de prova"},"content":{"rendered":"<p>O governo do Rio Grande do Sul publicou, nesta segunda-feira (11),&nbsp;<span class=\"highlight highlighted\">um edital de processo seletivo para 2.052 vagas tempor\u00e1rias<\/span>. O sal\u00e1rios variam de&nbsp;<strong>R$ 3,5 mil mensais<\/strong>, para cargos de ensino m\u00e9dio, a&nbsp;<strong>R$ 10,8 mil<\/strong>, para postos que exigem ensino superior.<\/p>\n<div id=\"chunk-9imfr\">\n<div class=\"mc-column content-text active-extra-styles\" data-block-type=\"unstyled\" data-block-weight=\"40\" data-block-id=\"5\">\n<p class=\"content-text__container\" data-track-category=\"Link no Texto\" data-track-links=\"\" data-mrf-recirculation=\"Artigo - Links Texto\">A contrata\u00e7\u00e3o dos selecionados tem prazo de&nbsp;<strong>24 meses<\/strong>&nbsp;e pode ser prorrogada por igual per\u00edodo. As vagas s\u00e3o para um cargo n\u00edvel m\u00e9dio e cinco cargos de n\u00edvel superior. Ao todo, s\u00e3o&nbsp;<strong>58 especialidades diferentes<\/strong>&nbsp;(<a class=\"\" href=\"https:\/\/g1.globo.com\/rs\/rio-grande-do-sul\/noticia\/2024\/11\/12\/governo-rs-selecao-2-mil-vagas-temporarias.ghtml#lista\" data-mrf-link=\"https:\/\/g1.globo.com\/rs\/rio-grande-do-sul\/noticia\/2024\/11\/12\/governo-rs-selecao-2-mil-vagas-temporarias.ghtml\"><strong><em>veja a lista abaixo<\/em><\/strong><\/a>).<\/p>\n<\/div>\n<\/div>\n<div id=\"chunk-48q0r\">\n<div class=\"mc-column content-text active-extra-styles\" data-block-type=\"unstyled\" data-block-weight=\"15\" data-block-id=\"6\">\n<p class=\"content-text__container\" data-track-category=\"Link no Texto\" data-track-links=\"\" data-mrf-recirculation=\"Artigo - Links Texto\">Al\u00e9m do sal\u00e1rio, os selecionados ter\u00e3o direito a um&nbsp;<strong>aux\u00edlio-refei\u00e7\u00e3o<\/strong>&nbsp;no valor de&nbsp;<strong>R$ 400<\/strong>.<\/p>\n<\/div>\n<\/div>\n<div id=\"chunk-9e2vl\">\n<div class=\"content-ads content-ads--reveal\" data-block-type=\"ads\" data-block-id=\"7\">&nbsp;<\/div>\n<\/div>\n<div id=\"chunk-b8mg6\">\n<div class=\"mc-column content-text active-extra-styles\" data-block-type=\"unstyled\" data-block-weight=\"34\" data-block-id=\"8\">\n<p class=\"content-text__container\" data-track-category=\"Link no Texto\" data-track-links=\"\" data-mrf-recirculation=\"Artigo - Links Texto\">As inscri\u00e7\u00f5es s\u00e3o gratuitas e ficam abertas entre 12 e 26 de novembro (<a class=\"\" href=\"https:\/\/www.institutoaocp.org.br\/concursos\/621\" target=\"_blank\" rel=\"noopener\" data-mrf-link=\"https:\/\/www.institutoaocp.org.br\/concursos\/621\"><em>clique aqui para se inscrever<\/em><\/a>). A sele\u00e7\u00e3o&nbsp;<strong>n\u00e3o contar\u00e1 com prova<\/strong>, apenas&nbsp;<span class=\"highlight highlighted\">avalia\u00e7\u00e3o de t\u00edtulos e de experi\u00eancia profissional dos inscritos<\/span>.<\/p>\n<\/div>\n<\/div>\n<div id=\"chunk-96dt1\">\n<div class=\"mc-column content-text active-extra-styles\" data-block-type=\"unstyled\" data-block-weight=\"90\" data-block-id=\"9\">\n<p class=\"content-text__container\" data-track-category=\"Link no Texto\" data-track-links=\"\" data-mrf-recirculation=\"Artigo - Links Texto\">Para&nbsp;<a class=\"\" href=\"https:\/\/g1.globo.com\/rs\/rio-grande-do-sul\/cidade\/porto-alegre\/\" data-mrf-link=\"https:\/\/g1.globo.com\/rs\/rio-grande-do-sul\/cidade\/porto-alegre\/\">Porto Alegre<\/a>, s\u00e3o&nbsp;<strong>1.779 vagas<\/strong>. As demais s\u00e3o distribu\u00eddas por munic\u00edpios do interior do estado: Soledade, Cruz Alta, Bag\u00e9, Hulha Negra, Vacaria, Tr\u00eas Passos, Santa Maria, Santa Rosa, Alegrete, Santana do Livramento, S\u00e3o Borja, S\u00e3o Gabriel, Uruguaiana, Cachoeira do Sul, Os\u00f3rio, Tramanda\u00ed, Frederico Westphalen, Eldorado do Sul, Gravata\u00ed, Gua\u00edba, Santo \u00c2ngelo, S\u00e3o Luiz Gonzaga, Lagoa Vermelha, Iju\u00ed, Erechim, Passo Fundo, Carazinho, Palmeira das Miss\u00f5es, Bento Gon\u00e7alves, Caxias do Sul, Veran\u00f3polis, Pelotas, Rio Grande, Montenegro, Canoas, Esteio, Novo Hamburgo, S\u00e3o Leopoldo, Rio Pardo, Santa Cruz do Sul, Estrela e Lajeado.<\/p>\n<\/div>\n<\/div>\n<div id=\"chunk-c5fvs\">\n<div class=\"mc-column content-text active-extra-styles\" data-block-type=\"unstyled\" data-block-weight=\"29\" data-block-id=\"10\">\n<p class=\"content-text__container\" data-track-category=\"Link no Texto\" data-track-links=\"\" data-mrf-recirculation=\"Artigo - Links Texto\">H\u00e1 reservas de vagas para&nbsp;<strong>pessoas com defici\u00eancia (10%)<\/strong>,&nbsp;<strong>negros (16%)<\/strong>,&nbsp;<strong>pessoas trans (1%)<\/strong>&nbsp;e&nbsp;<strong>ind\u00edgenas (1%)<\/strong>. A porcentagem \u00e9 referente ao total de vagas ofertadas para cada fun\u00e7\u00e3o.<\/p>\n<\/div>\n<\/div>\n<div id=\"chunk-89bka\">\n<div class=\"mc-column content-text active-extra-styles\" data-block-type=\"raw\" data-block-weight=\"6\" data-block-id=\"11\">\n<p class=\"content-text__container\" data-mrf-recirculation=\"Artigo - Links Texto\">&nbsp;<\/p>\n<ul class=\"content-unordered-list\">\n<li><a class=\"\" href=\"https:\/\/planejamento.rs.gov.br\/upload\/arquivos\/202411\/11090004-edital.pdf\" target=\"_blank\" rel=\"noopener\">Clique aqui e leia o edital<\/a><\/li>\n<\/ul>\n<p>&nbsp;<\/p>\n<\/div>\n<\/div>\n<div id=\"chunk-5j6bo\">\n<div class=\"mc-column content-text active-extra-styles\" data-block-type=\"raw\" data-block-weight=\"1\" data-block-id=\"12\">\n<p class=\"content-text__container\" data-mrf-recirculation=\"Artigo - Links Texto\">&nbsp;<\/p>\n<div class=\"content-intertitle\">\n<h2>Cronograma:<\/h2>\n<\/div>\n<p>&nbsp;<\/p>\n<\/div>\n<\/div>\n<div id=\"chunk-2umr4\">\n<div class=\"mc-column content-text active-extra-styles\" data-block-type=\"raw\" data-block-weight=\"34\" data-block-id=\"13\">\n<p class=\"content-text__container\" data-mrf-recirculation=\"Artigo - Links Texto\">&nbsp;<\/p>\n<ul class=\"content-unordered-list\">\n<li><strong>Inscri\u00e7\u00f5es:&nbsp;<\/strong>das 09h do dia 12\/11 at\u00e9 as 23h59 do dia 26\/11<\/li>\n<li><strong>Divulga\u00e7\u00e3o do resultado preliminar da prova de t\u00edtulos e experi\u00eancia profissional:&nbsp;<\/strong>18\/12<\/li>\n<li><strong>Divulga\u00e7\u00e3o da classifica\u00e7\u00e3o preliminar:&nbsp;<\/strong>15\/01\/2025<\/li>\n<li><strong>Homologa\u00e7\u00e3o do resultado final:&nbsp;<\/strong>28\/01<\/li>\n<\/ul>\n<p>&nbsp;<\/p>\n<\/div>\n<\/div>\n<div id=\"chunk-6v25d\">\n<div id=\"lista\" class=\"anchor-position\">&nbsp;<\/div>\n<\/div>\n<div id=\"chunk-9hibg\">\n<div class=\"content-ads content-ads--reveal\" data-block-type=\"ads\" data-block-id=\"14\">&nbsp;<\/div>\n<\/div>\n<div id=\"chunk-da3lv\">\n<div class=\"mc-column content-text active-extra-styles\" data-block-type=\"raw\" data-block-weight=\"1\" data-block-id=\"15\">\n<p class=\"content-text__container\" data-mrf-recirculation=\"Artigo - Links Texto\">&nbsp;<\/p>\n<div class=\"content-intertitle\">\n<h2>Vagas:<\/h2>\n<\/div>\n<p>&nbsp;<\/p>\n<\/div>\n<\/div>\n<div id=\"chunk-fpiqm\">\n<div class=\"mc-column content-text active-extra-styles\" data-block-type=\"unstyled\" data-block-weight=\"3\" data-block-id=\"16\">\n<p class=\"content-text__container\" data-track-category=\"Link no Texto\" data-track-links=\"\" data-mrf-recirculation=\"Artigo - Links Texto\"><strong>N\u00cdVEL M\u00c9DIO (40h\/semanais):<\/strong><\/p>\n<\/div>\n<\/div>\n<div id=\"chunk-d7op4\">\n<div class=\"mc-column content-text active-extra-styles\" data-block-type=\"raw\" data-block-weight=\"7\" data-block-id=\"17\">\n<p class=\"content-text__container\" data-mrf-recirculation=\"Artigo - Links Texto\">&nbsp;<\/p>\n<ul class=\"content-unordered-list\">\n<li><strong>Agente administrativo (102 vagas):<\/strong>&nbsp;R$ 3,5 mil<\/li>\n<\/ul>\n<p>&nbsp;<\/p>\n<\/div>\n<\/div>\n<div id=\"chunk-735eu\">\n<div class=\"mc-column content-text active-extra-styles\" data-block-type=\"unstyled\" data-block-weight=\"3\" data-block-id=\"18\">\n<p class=\"content-text__container\" data-track-category=\"Link no Texto\" data-track-links=\"\" data-mrf-recirculation=\"Artigo - Links Texto\"><strong>N\u00cdVEL SUPERIOR (40h\/semanais):<\/strong><\/p>\n<\/div>\n<\/div>\n<div id=\"chunk-3u4k6\">\n<div class=\"mc-column content-text active-extra-styles\" data-block-type=\"raw\" data-block-weight=\"456\" data-block-id=\"19\">\n<p class=\"content-text__container\" data-mrf-recirculation=\"Artigo - Links Texto\">&nbsp;<\/p>\n<ul class=\"content-unordered-list\">\n<li><strong>Administrador (326 vagas):&nbsp;<\/strong>R$ 9 mil<\/li>\n<li><strong>Contador (92 vagas):<\/strong>&nbsp;R$ 9 mil<\/li>\n<li><strong>Economista (53 vagas):&nbsp;<\/strong>R$ 9 mil<\/li>\n<li><strong>Gest\u00e3o p\u00fablica (96 vagas):<\/strong>&nbsp;R$ 9 mil<\/li>\n<li><strong>Arquivista (24 vagas):&nbsp;<\/strong>R$ 9 mil<\/li>\n<li><strong>Bibliotec\u00e1rio (12 vagas):&nbsp;<\/strong>R$ 9 mil<\/li>\n<li><strong>Estat\u00edstico (45 vagas):&nbsp;<\/strong>R$ 9 mil<\/li>\n<li><strong>Jornalista (49 vagas):&nbsp;<\/strong>R$ 9 mil<\/li>\n<li><strong>Psic\u00f3logo (61 vagas):<\/strong>&nbsp;R$ 9 mil<\/li>\n<li><strong>Soci\u00f3logo (13 vagas):<\/strong>&nbsp;R$ 9 mil<\/li>\n<li><strong>Arquiteto (67 vagas):<\/strong>&nbsp;R$ 10 mil<\/li>\n<li><strong>Analista Engenheiro &#8211; Engenharia Civil (152 vagas):&nbsp;<\/strong>R$ 10 mil<\/li>\n<li><strong>Analista Engenheiro &#8211; Engenharia El\u00e9trica (34 vagas):<\/strong>&nbsp;R$ 10 mil<\/li>\n<li><strong>Analista Engenheiro &#8211; Engenharia Mec\u00e2nica (15 vagas):&nbsp;<\/strong>R$ 10 mil<\/li>\n<li><strong>Analista Engenheiro &#8211; Engenharia de Minas (2 vagas):&nbsp;<\/strong>R$ 10 mil<\/li>\n<li><strong>Analista Engenheiro &#8211; Engenharia Rodovi\u00e1ria (14 vagas):<\/strong>&nbsp;R$ 10 mil<\/li>\n<li><strong>Analista Engenheiro &#8211; Engenharia de Produ\u00e7\u00e3o (23 vagas):&nbsp;<\/strong>R$ 10 mil<\/li>\n<li><strong>Analista Engenheiro &#8211; Engenharia do Trabalho (8 vagas):<\/strong>&nbsp;R$ 10 mil<\/li>\n<li><strong>Analista Engenheiro &#8211; Engenharia de Agrimensura (19 vagas):<\/strong>&nbsp;R$ 10 mil<\/li>\n<li><strong>Analista Engenheiro &#8211; Engenharia Ambiental (16 vagas):<\/strong>&nbsp;R$ 10 mil<\/li>\n<li><strong>Analista de Sistemas (112 vagas):&nbsp;<\/strong>R$ 10 mil<\/li>\n<li><strong>Analista Bi\u00f3logo (11 vagas):&nbsp;<\/strong>R$ 9 mil<\/li>\n<li><strong>Analista Ge\u00f3grafo (17 vagas):<\/strong>&nbsp;R$ 10 mil<\/li>\n<li><strong>Analista Ambiental &#8211; Biologia (9 vagas):&nbsp;<\/strong>R$ 9 mil<\/li>\n<li><strong>Analista Ambiental &#8211; Ecologia (4 vagas):&nbsp;<\/strong>R$ 9 mil<\/li>\n<li><strong>Analista Ambiental &#8211; Engenharia Agron\u00f4mica (50 vagas):&nbsp;<\/strong>R$ 10 mil<\/li>\n<li><strong>Analista Ambiental &#8211; Engenharia Florestal (6 vagas):&nbsp;<\/strong>R$ 10 mil<\/li>\n<li><strong>Analista Ambiental &#8211; Geologia (18 vagas):<\/strong>&nbsp;R$ 10 mil<\/li>\n<li><strong>Analista Ambiental &#8211; Geoprocessamento (18 vagas):&nbsp;<\/strong>R$ 10 mil<\/li>\n<li><strong>Analista Ambiental &#8211; Hidrologia (18 vagas):&nbsp;<\/strong>R$ 9 mil<\/li>\n<li><strong>Analista Ambiental &#8211; Meteorologia (6 vagas):&nbsp;<\/strong>R$ 10 mil<\/li>\n<li><strong>Analista em Assuntos Culturais &#8211; Antropologia (4 vagas):&nbsp;<\/strong>R$ 9 mil<\/li>\n<li><strong>Analista em Assuntos Culturais &#8211; Museologia (12 vagas):&nbsp;<\/strong>R$ 9 mil<\/li>\n<li><strong>Analista em Educa\u00e7\u00e3o (57 vagas):&nbsp;<\/strong>R$ 9 mil<\/li>\n<li><strong>Analista em Turismo (17 vagas):&nbsp;<\/strong>R$ 9 mil<\/li>\n<li><strong>M\u00e9dico de Per\u00edcia e An\u00e1lise &#8211; Psiquiatra (13 vagas):<\/strong>&nbsp;R$ 8 mil<\/li>\n<li><strong>M\u00e9dico de Per\u00edcia e An\u00e1lise &#8211; Cl\u00ednica Geral (6 vagas):<\/strong>&nbsp;R$ 8 mil<\/li>\n<li><strong>Nutricionista (11 vagas):&nbsp;<\/strong>R$ 8 mil<\/li>\n<li><strong>Analista de Planejamento, Or\u00e7amento e Gest\u00e3o (50 vagas):&nbsp;<\/strong>R$ 10,8 mil<\/li>\n<li><strong>Analista Pesquisador &#8211; Administra\u00e7\u00e3o e Pol\u00edticas P\u00fablicas (1 vaga):&nbsp;<\/strong>R$ 10 mil<\/li>\n<li><strong>Analista Pesquisador &#8211; Economia (5 vagas):&nbsp;<\/strong>R$ 10 mil<\/li>\n<li><strong>Analista Pesquisador &#8211; Estat\u00edstica (4 vagas):&nbsp;<\/strong>R$ 10 mil<\/li>\n<li><strong>Analista Pesquisador &#8211; Geografia (2 vagas):&nbsp;<\/strong>R$ 10 mil<\/li>\n<li><strong>Analista Pesquisador &#8211; Hist\u00f3ria (1 vaga):&nbsp;<\/strong>R$ 10 mil<\/li>\n<li><strong>Analista Pesquisador &#8211; Sociologia (1 vaga):&nbsp;<\/strong>R$ 10 mil<\/li>\n<li><strong>Analista Pesquisador &#8211; Rela\u00e7\u00f5es e Assuntos Internacionais (1 vaga):&nbsp;<\/strong>R$ 10 mil<\/li>\n<li><strong>Especialista em Sa\u00fade &#8211; M\u00e9dico (6 vagas):&nbsp;<\/strong>R$ 8 mil<\/li>\n<li><strong>Especialista em Sa\u00fade &#8211; Sanitarista (5 vagas):&nbsp;<\/strong>R$ 9 mil<\/li>\n<li><strong>Especialista em Sa\u00fade &#8211; Fisioterapeuta (2 vagas):<\/strong>&nbsp;R$ 9 mil<\/li>\n<li><strong>Especialista em Sa\u00fade &#8211; Farmac\u00eautico (9 vagas):&nbsp;<\/strong>R$ 9 mil<\/li>\n<li><strong>Especialista em Sa\u00fade &#8211; Enfermeiro (24 vagas):&nbsp;<\/strong>R$ 9 mil<\/li>\n<\/ul>\n<p><em>Fonte: g1 RS<\/em><\/p>\n<p><em>Foto: Jurgen Mayrhofer\/Secom<a href=\"https:\/\/www2.comunitaria.com.br\/en\/governo-do-rs-abre-selecao-para-2-mil-vagas-temporarias-com-salarios-de-ate-r-108-mil-processo-nao-tera-aplicacao-de-prova\/53835801187-2d14ce6ae8-k\/\" rel=\"attachment wp-att-66909\"><img loading=\"lazy\" decoding=\"async\" class=\"aligncenter size-full wp-image-66909\" src=\"http:\/\/www2.comunitaria.com.br\/wp-content\/uploads\/2024\/11\/53835801187-2d14ce6ae8-k.avif\" alt=\"\" width=\"640\" height=\"428\"><\/a><\/em><\/p>\n<\/div>\n<\/div>","protected":false},"excerpt":{"rendered":"<p>O governo do Rio Grande do Sul publicou, nesta segunda-feira (11),&nbsp;um edital de processo seletivo para 2.052 vagas tempor\u00e1rias. O sal\u00e1rios variam de&nbsp;R$ 3,5 mil mensais, para cargos de ensino&#8230;<\/p>","protected":false},"author":2,"featured_media":66909,"comment_status":"closed","ping_status":"closed","sticky":false,"template":"","format":"standard","meta":{"ngg_post_thumbnail":0,"footnotes":""},"categories":[39,46,28,33],"tags":[6224,1528,127],"class_list":["post-66908","post","type-post","status-publish","format-standard","has-post-thumbnail","hentry","category-economia","category-estado","category-destaque","category-noticias","tag-governo-do-rs","tag-oportunidade","tag-vagas"],"amp_enabled":true,"_links":{"self":[{"href":"https:\/\/www2.comunitaria.com.br\/en\/wp-json\/wp\/v2\/posts\/66908","targetHints":{"allow":["GET"]}}],"collection":[{"href":"https:\/\/www2.comunitaria.com.br\/en\/wp-json\/wp\/v2\/posts"}],"about":[{"href":"https:\/\/www2.comunitaria.com.br\/en\/wp-json\/wp\/v2\/types\/post"}],"author":[{"embeddable":true,"href":"https:\/\/www2.comunitaria.com.br\/en\/wp-json\/wp\/v2\/users\/2"}],"replies":[{"embeddable":true,"href":"https:\/\/www2.comunitaria.com.br\/en\/wp-json\/wp\/v2\/comments?post=66908"}],"version-history":[{"count":0,"href":"https:\/\/www2.comunitaria.com.br\/en\/wp-json\/wp\/v2\/posts\/66908\/revisions"}],"wp:featuredmedia":[{"embeddable":true,"href":"https:\/\/www2.comunitaria.com.br\/en\/wp-json\/wp\/v2\/media\/66909"}],"wp:attachment":[{"href":"https:\/\/www2.comunitaria.com.br\/en\/wp-json\/wp\/v2\/media?parent=66908"}],"wp:term":[{"taxonomy":"category","embeddable":true,"href":"https:\/\/www2.comunitaria.com.br\/en\/wp-json\/wp\/v2\/categories?post=66908"},{"taxonomy":"post_tag","embeddable":true,"href":"https:\/\/www2.comunitaria.com.br\/en\/wp-json\/wp\/v2\/tags?post=66908"}],"curies":[{"name":"wp","href":"https:\/\/api.w.org\/{rel}","templated":true}]}}