{"id":66906,"date":"2024-11-12T13:34:17","date_gmt":"2024-11-12T15:34:17","guid":{"rendered":"https:\/\/www2.comunitaria.com.br\/?p=66906"},"modified":"2024-11-12T13:34:18","modified_gmt":"2024-11-12T15:34:18","slug":"cantor-paulinho-dill-esta-entubado-apos-sofrer-acidente-de-carro-em-santa-rosa-diz-diretor-de-banda","status":"publish","type":"post","link":"https:\/\/www2.comunitaria.com.br\/en\/cantor-paulinho-dill-esta-entubado-apos-sofrer-acidente-de-carro-em-santa-rosa-diz-diretor-de-banda\/","title":{"rendered":"Cantor Paulinho Dill est\u00e1 entubado ap\u00f3s sofrer acidente de carro em Santa Rosa, diz diretor de banda"},"content":{"rendered":"<div id=\"chunk-38sgq\">\n<div class=\"mc-column content-text active-extra-styles\" data-block-type=\"unstyled\" data-block-weight=\"63\" data-block-id=\"2\">\n<p class=\"content-text__container\" style=\"text-align: justify;\" data-track-category=\"Link no Texto\" data-track-links=\"\" data-mrf-recirculation=\"Artigo - Links Texto\">O cantor&nbsp;<strong>Paulinho Dill<\/strong>, da banda Os Atuais, sofreu um grave acidente de tr\u00e2nsito na segunda-feira (11). Conforme o Comando Rodovi\u00e1rio da Brigada Militar (CRBM), o m\u00fasico de 38 anos&nbsp;<span class=\"highlight highlighted\">perdeu o controle do ve\u00edculo na altura do km 50 da ERS-307, em&nbsp;<\/span><span class=\"highlight highlighted\">Santa Rosa<\/span><span class=\"highlight highlighted\">, e acabou capotando<\/span>. Ele est\u00e1&nbsp;<strong>internado na<\/strong>&nbsp;<strong>Unidade de Tratamento Intensivo (UTI)<\/strong>&nbsp;e&nbsp;<strong>seu estado \u00e9 considerado grave<\/strong>.<\/p>\n<\/div>\n<\/div>\n<div class=\"wall protected-content\">\n<div id=\"chunk-29tr7\">\n<blockquote>\n<div class=\"mc-column content-text active-extra-styles\" data-block-type=\"raw\" data-block-weight=\"36\" data-block-id=\"4\">&#8220;Foi muito grave. Neste momento, ele est\u00e1 hospitalizado em Santa Rosa. Ele est\u00e1 entubado, respirando por aparelhos. Neste momento, a gente quer muita ora\u00e7\u00e3o, pedir o carinho de todos&#8221;, afirmou Jacke Tolfo, diretor do grupo musical.<\/div>\n<\/blockquote>\n<div data-block-type=\"raw\" data-block-weight=\"36\" data-block-id=\"4\">\n<div id=\"chunk-chm0n\" style=\"text-align: justify;\">\n<div class=\"mc-column content-text active-extra-styles\" data-block-type=\"unstyled\" data-block-weight=\"34\" data-block-id=\"7\">\n<p class=\"content-text__container\" data-track-category=\"Link no Texto\" data-track-links=\"\" data-mrf-recirculation=\"Artigo - Links Texto\">O vocalista e um amigo, que estava na carona, foram socorridos pelo Servi\u00e7o de Atendimento M\u00f3vel de Urg\u00eancia (Samu) e encaminhados ao Hospital Vida e Sa\u00fade.&nbsp;<span class=\"highlight highlighted\">O passageiro n\u00e3o teve ferimentos de maior gravidade.<\/span><\/p>\n<\/div>\n<\/div>\n<div id=\"chunk-adplm\">\n<div class=\"mc-column content-text active-extra-styles\" data-block-type=\"unstyled\" data-block-weight=\"35\" data-block-id=\"8\">\n<p class=\"content-text__container\" style=\"text-align: justify;\" data-track-category=\"Link no Texto\" data-track-links=\"\" data-mrf-recirculation=\"Artigo - Links Texto\">Em comunicado publicado nas redes sociais na manh\u00e3 desta ter\u00e7a-feira (12), o perfil da banda agradeceu as mensagens de apoio recebidas. &#8220;Continuamos contando com a for\u00e7a e as ora\u00e7\u00f5es de cada um de voc\u00eas&#8221;, publicou.<\/p>\n<p style=\"text-align: justify;\" data-track-category=\"Link no Texto\" data-track-links=\"\" data-mrf-recirculation=\"Artigo - Links Texto\"><em>Fonte: g1<\/em><\/p>\n<p style=\"text-align: justify;\" data-track-category=\"Link no Texto\" data-track-links=\"\" data-mrf-recirculation=\"Artigo - Links Texto\"><em>Foto: Arquivo pessoal e reprodu\u00e7\u00e3o<a href=\"https:\/\/www2.comunitaria.com.br\/en\/cantor-paulinho-dill-esta-entubado-apos-sofrer-acidente-de-carro-em-santa-rosa-diz-diretor-de-banda\/g1-2024-11-12t090224-639\/\" rel=\"attachment wp-att-66907\"><img loading=\"lazy\" decoding=\"async\" class=\"aligncenter size-full wp-image-66907\" src=\"http:\/\/www2.comunitaria.com.br\/wp-content\/uploads\/2024\/11\/g1-2024-11-12t090224.639.avif\" alt=\"\" width=\"984\" height=\"554\"><\/a><\/em><\/p>\n<\/div>\n<\/div>\n<\/div>\n<\/div>\n<\/div>","protected":false},"excerpt":{"rendered":"<p>O cantor&nbsp;Paulinho Dill, da banda Os Atuais, sofreu um grave acidente de tr\u00e2nsito na segunda-feira (11). Conforme o Comando Rodovi\u00e1rio da Brigada Militar (CRBM), o m\u00fasico de 38 anos&nbsp;perdeu o&#8230;<\/p>","protected":false},"author":2,"featured_media":66907,"comment_status":"closed","ping_status":"closed","sticky":false,"template":"","format":"standard","meta":{"ngg_post_thumbnail":0,"footnotes":""},"categories":[28,33],"tags":[2378,6955,75],"class_list":["post-66906","post","type-post","status-publish","format-standard","has-post-thumbnail","hentry","category-destaque","category-noticias","tag-os-atuais","tag-paulinho-dill","tag-santa-rosa"],"amp_enabled":true,"_links":{"self":[{"href":"https:\/\/www2.comunitaria.com.br\/en\/wp-json\/wp\/v2\/posts\/66906","targetHints":{"allow":["GET"]}}],"collection":[{"href":"https:\/\/www2.comunitaria.com.br\/en\/wp-json\/wp\/v2\/posts"}],"about":[{"href":"https:\/\/www2.comunitaria.com.br\/en\/wp-json\/wp\/v2\/types\/post"}],"author":[{"embeddable":true,"href":"https:\/\/www2.comunitaria.com.br\/en\/wp-json\/wp\/v2\/users\/2"}],"replies":[{"embeddable":true,"href":"https:\/\/www2.comunitaria.com.br\/en\/wp-json\/wp\/v2\/comments?post=66906"}],"version-history":[{"count":0,"href":"https:\/\/www2.comunitaria.com.br\/en\/wp-json\/wp\/v2\/posts\/66906\/revisions"}],"wp:featuredmedia":[{"embeddable":true,"href":"https:\/\/www2.comunitaria.com.br\/en\/wp-json\/wp\/v2\/media\/66907"}],"wp:attachment":[{"href":"https:\/\/www2.comunitaria.com.br\/en\/wp-json\/wp\/v2\/media?parent=66906"}],"wp:term":[{"taxonomy":"category","embeddable":true,"href":"https:\/\/www2.comunitaria.com.br\/en\/wp-json\/wp\/v2\/categories?post=66906"},{"taxonomy":"post_tag","embeddable":true,"href":"https:\/\/www2.comunitaria.com.br\/en\/wp-json\/wp\/v2\/tags?post=66906"}],"curies":[{"name":"wp","href":"https:\/\/api.w.org\/{rel}","templated":true}]}}