{"id":66883,"date":"2024-11-11T10:07:44","date_gmt":"2024-11-11T12:07:44","guid":{"rendered":"https:\/\/www2.comunitaria.com.br\/?p=66883"},"modified":"2024-11-11T10:07:44","modified_gmt":"2024-11-11T12:07:44","slug":"bombeiros-seguem-procurando-empresario-que-se-afogou-em-campos-borges","status":"publish","type":"post","link":"https:\/\/www2.comunitaria.com.br\/en\/bombeiros-seguem-procurando-empresario-que-se-afogou-em-campos-borges\/","title":{"rendered":"Bombeiros seguem procurando empres\u00e1rio que se afogou em Campos Borges"},"content":{"rendered":"<div class=\"article-paragraph\">\n<p style=\"text-align: justify;\">Seguem, nesta segunda-feira (11),&nbsp;<strong>as buscas pelo empres\u00e1rio Paulo \u00c1ustria Pimentel, 52 anos<\/strong>, que se afogou no domingo (10) no Lago Dourado, em Campos Borges, no norte do Estado.<\/p>\n<\/div>\n<div class=\"article-paragraph\" style=\"text-align: justify;\">\n<p>Conforme o Corpo de Bombeiros de Tapera, Pimentel pescava em uma \u00e1rea alagada do Passo Real, no interior de Campos Borges, em cima de um barco.&nbsp;<\/p>\n<\/div>\n<div class=\"article-paragraph\">\n<p style=\"text-align: justify;\"><strong>Ap\u00f3s cair na \u00e1gua, por motivos ainda desconhecidos, ele n\u00e3o foi mais visto.<\/strong><\/p>\n<p style=\"text-align: justify;\">Segundo os bombeiros, as buscas seguem desde as 14h40min de domingo.&nbsp;<strong>Mergulhadores da guarni\u00e7\u00e3o de Passo Fundo est\u00e3o em deslocamento a Campos Borges para auxiliar nos trabalhos.<\/strong><\/p>\n<p style=\"text-align: justify;\"><em>Fonte: GZH<\/em><\/p>\n<p style=\"text-align: justify;\"><em>Foto: Corpo de Bombeiros de Tapera\/Divulga\u00e7\u00e3o<a href=\"https:\/\/www2.comunitaria.com.br\/en\/bombeiros-seguem-procurando-empresario-que-se-afogou-em-campos-borges\/5063984_dfc40e6fd9e6c3c\/\" rel=\"attachment wp-att-66884\"><img loading=\"lazy\" decoding=\"async\" class=\"aligncenter size-full wp-image-66884\" src=\"http:\/\/www2.comunitaria.com.br\/wp-content\/uploads\/2024\/11\/5063984_dfc40e6fd9e6c3c.jpg\" alt=\"\" width=\"600\" height=\"400\" srcset=\"https:\/\/www2.comunitaria.com.br\/wp-content\/uploads\/2024\/11\/5063984_dfc40e6fd9e6c3c.jpg 600w, https:\/\/www2.comunitaria.com.br\/wp-content\/uploads\/2024\/11\/5063984_dfc40e6fd9e6c3c-300x200.jpg 300w\" sizes=\"auto, (max-width: 600px) 100vw, 600px\" \/><\/a><\/em><\/p>\n<\/div>","protected":false},"excerpt":{"rendered":"<p>Seguem, nesta segunda-feira (11),&nbsp;as buscas pelo empres\u00e1rio Paulo \u00c1ustria Pimentel, 52 anos, que se afogou no domingo (10) no Lago Dourado, em Campos Borges, no norte do Estado. Conforme o&#8230;<\/p>","protected":false},"author":2,"featured_media":66884,"comment_status":"closed","ping_status":"closed","sticky":false,"template":"","format":"standard","meta":{"ngg_post_thumbnail":0,"footnotes":""},"categories":[46,33,43],"tags":[6952,469],"class_list":["post-66883","post","type-post","status-publish","format-standard","has-post-thumbnail","hentry","category-estado","category-noticias","category-regiao","tag-campos-borges","tag-passo-fundo"],"amp_enabled":true,"_links":{"self":[{"href":"https:\/\/www2.comunitaria.com.br\/en\/wp-json\/wp\/v2\/posts\/66883","targetHints":{"allow":["GET"]}}],"collection":[{"href":"https:\/\/www2.comunitaria.com.br\/en\/wp-json\/wp\/v2\/posts"}],"about":[{"href":"https:\/\/www2.comunitaria.com.br\/en\/wp-json\/wp\/v2\/types\/post"}],"author":[{"embeddable":true,"href":"https:\/\/www2.comunitaria.com.br\/en\/wp-json\/wp\/v2\/users\/2"}],"replies":[{"embeddable":true,"href":"https:\/\/www2.comunitaria.com.br\/en\/wp-json\/wp\/v2\/comments?post=66883"}],"version-history":[{"count":0,"href":"https:\/\/www2.comunitaria.com.br\/en\/wp-json\/wp\/v2\/posts\/66883\/revisions"}],"wp:featuredmedia":[{"embeddable":true,"href":"https:\/\/www2.comunitaria.com.br\/en\/wp-json\/wp\/v2\/media\/66884"}],"wp:attachment":[{"href":"https:\/\/www2.comunitaria.com.br\/en\/wp-json\/wp\/v2\/media?parent=66883"}],"wp:term":[{"taxonomy":"category","embeddable":true,"href":"https:\/\/www2.comunitaria.com.br\/en\/wp-json\/wp\/v2\/categories?post=66883"},{"taxonomy":"post_tag","embeddable":true,"href":"https:\/\/www2.comunitaria.com.br\/en\/wp-json\/wp\/v2\/tags?post=66883"}],"curies":[{"name":"wp","href":"https:\/\/api.w.org\/{rel}","templated":true}]}}