{"id":66838,"date":"2024-11-08T15:12:30","date_gmt":"2024-11-08T17:12:30","guid":{"rendered":"https:\/\/www2.comunitaria.com.br\/?p=66838"},"modified":"2024-11-08T15:12:31","modified_gmt":"2024-11-08T17:12:31","slug":"pet-de-comunicacao-ja-e-realidade-na-ufsm-fw","status":"publish","type":"post","link":"https:\/\/www2.comunitaria.com.br\/en\/pet-de-comunicacao-ja-e-realidade-na-ufsm-fw\/","title":{"rendered":"PET de Comunica\u00e7\u00e3o j\u00e1 \u00e9 realidade na UFSM-FW"},"content":{"rendered":"<p style=\"text-align: justify;\">O PET de Comunica\u00e7\u00e3o j\u00e1 \u00e9 uma realidade no campus da UFSM-FW. Com atividades marcadas para o&nbsp;<b>in\u00edcio de dezembro<\/b>&nbsp;de 2024, o grupo&nbsp;<em>PET Educom Clima<\/em>&nbsp;far\u00e1 sua estreia sob a tutoria da Prof\u00aa. Dr\u00aa. Claudia Hertes de Morais, contando com nove integrantes do corpo discente (bolsistas e n\u00e3o-bolsistas). Mas antes de tudo,&nbsp;<b>voc\u00ea sabe o que significa PET<\/b>?<\/p>\n<p style=\"text-align: justify;\">O&nbsp;<em>Programa de Educa\u00e7\u00e3o Tutorial<\/em>&nbsp;(PET) \u00e9 desenvolvido em grupos organizados a partir de cursos de gradua\u00e7\u00e3o das institui\u00e7\u00f5es de ensino superior do pa\u00eds, orientados pelo princ\u00edpio da indissociabilidade entre ensino, pesquisa e extens\u00e3o.<\/p>\n<p style=\"text-align: justify;\"><strong>Objetivos do PET<\/strong>:<\/p>\n<ol style=\"text-align: justify;\">\n<li>Desenvolver atividades acad\u00eamicas com padr\u00f5es de qualidade de excel\u00eancia, por meio de grupos de aprendizagem tutorial de natureza coletiva e interdisciplinar.<\/li>\n<li>Contribuir para a eleva\u00e7\u00e3o da qualidade da forma\u00e7\u00e3o acad\u00eamica dos alunos de gradua\u00e7\u00e3o.<\/li>\n<li>Estimular a forma\u00e7\u00e3o de profissionais e docentes de elevada qualifica\u00e7\u00e3o t\u00e9cnica, cient\u00edfica, tecnol\u00f3gica e acad\u00eamica.<\/li>\n<li>Formular novas estrat\u00e9gias de desenvolvimento e moderniza\u00e7\u00e3o do ensino superior no pa\u00eds.<\/li>\n<li>Estimular o esp\u00edrito cr\u00edtico e a atua\u00e7\u00e3o profissional pautada pela cidadania e pela fun\u00e7\u00e3o social da educa\u00e7\u00e3o superior.<\/li>\n<li>Introduzir novas pr\u00e1ticas pedag\u00f3gicas na gradua\u00e7\u00e3o.<\/li>\n<li>Contribuir para a consolida\u00e7\u00e3o e difus\u00e3o da educa\u00e7\u00e3o tutorial como pr\u00e1tica de forma\u00e7\u00e3o na gradua\u00e7\u00e3o.<\/li>\n<li>Contribuir com a pol\u00edtica de diversidade na institui\u00e7\u00e3o de ensino superior (IES), por meio de a\u00e7\u00f5es afirmativas em defesa da equidade socioecon\u00f4mica, \u00e9tnico-racial e de g\u00eanero.<\/li>\n<\/ol>\n<p style=\"text-align: justify;\">O&nbsp;<i>PET Educom Clima<\/i>&nbsp;atender\u00e1 a esses requisitos utilizando a&nbsp;<b>Educomunica\u00e7\u00e3o<\/b>, uma abordagem educacional que combina processos de comunica\u00e7\u00e3o e educa\u00e7\u00e3o. O objetivo \u00e9 promover a constru\u00e7\u00e3o do conhecimento de forma colaborativa e participativa, desenvolvendo o pensamento cr\u00edtico, a criatividade e estimulando os estudantes a enfrentarem os desafios contempor\u00e2neos da comunica\u00e7\u00e3o em meio \u00e0 crise clim\u00e1tica.<\/p>\n<p style=\"text-align: justify;\">As atividades planejadas para o grupo envolvem as \u00e1reas de ensino, pesquisa e extens\u00e3o, contribuindo para a interdisciplinaridade. Isso permitir\u00e1 que os alunos explorem temas de diferentes disciplinas em um mesmo trabalho enquanto atuam no grupo PET.<\/p>\n<p style=\"text-align: justify;\">Conversamos com a Prof\u00aa Cl\u00e1udia, que nos contou&nbsp;<strong>quais atividades j\u00e1 est\u00e3o listadas<\/strong>&nbsp;como compromissos dos futuros petianos:<\/p>\n<ul style=\"text-align: justify;\">\n<li>Oficinas de educomunica\u00e7\u00e3o socioambiental;<\/li>\n<li>Grupo de pesquisas sobre comunica\u00e7\u00e3o e meio ambiente;<\/li>\n<li>Organiza\u00e7\u00e3o de eventos para refor\u00e7ar as habilidades de jornalistas e rela\u00e7\u00f5es p\u00fablicas, como jornalismo digital, intelig\u00eancia artificial, produ\u00e7\u00e3o midi\u00e1tica, carreira profissional e de pesquisa, entre outros.<\/li>\n<\/ul>\n<p style=\"text-align: justify;\">O grupo PET busca a autonomia dos estudantes participantes, que ser\u00e3o respons\u00e1veis por organizar as atividades, bem como divulgar e mobilizar os demais estudantes dos cursos para qualificar a forma\u00e7\u00e3o nas duas carreiras.<\/p>\n<p style=\"text-align: justify;\"><strong>O per\u00edodo de inscri\u00e7\u00e3o<\/strong><strong>&nbsp;para participar do grupo PET Educom Clima est\u00e1 aberto do dia 7 ao dia 12 de novembro<\/strong>. Ser\u00e3o ofertadas seis (06) vagas para estudantes bolsistas, das quais quatro (04) vagas ser\u00e3o destinadas aos estudantes de jornalismo e duas (02) vagas aos estudantes de rela\u00e7\u00f5es p\u00fablicas. Al\u00e9m disso, o projeto conta com mais tr\u00eas (03) vagas para estudantes n\u00e3o bolsistas, sendo duas (02) para estudantes de jornalismo e uma (01) para estudantes de rela\u00e7\u00f5es p\u00fablicas.<\/p>\n<p style=\"text-align: justify;\"><strong>Para participar<\/strong>, os estudantes devem atender aos requisitos listados no Edital\/117\/2024:&nbsp;<\/p>\n<ol style=\"text-align: justify;\">\n<li>Estar matriculado entre o 2\u00ba e o 6\u00ba semestres em um dos dois Cursos com vagas dispon\u00edveis:&nbsp;<strong>Jornalismo ou Rela\u00e7\u00f5es P\u00fablicas, no&nbsp;<em>campus<\/em>&nbsp;Frederico Westphalen<\/strong>;&nbsp;<\/li>\n<li>Ter disponibilidade para dedicar&nbsp;<strong>vinte horas semanais<\/strong>&nbsp;ao Programa de Educa\u00e7\u00e3o Tutorial, nas atividades de Ensino, Pesquisa e Extens\u00e3o, reuni\u00f5es e demais atividades do grupo;&nbsp;<\/li>\n<li>N\u00e3o ser bolsista de outro programa no momento de assumir a vaga como bolsista.<\/li>\n<\/ol>\n<p style=\"text-align: justify;\">O(a) estudante bolsista do grupo PET receber\u00e1, mensalmente,&nbsp;<strong>uma bolsa no valor de R$700,00<\/strong>. As bolsas de tutor(a) e estudantes ser\u00e3o pagas pelo Fundo Nacional de Desenvolvimento da Educa\u00e7\u00e3o (FNDE).&nbsp;Candidatos(as) contemplados(as) com o Benef\u00edcio Socioecon\u00f4mico fornecido pela UFSM ter\u00e3o prioridade na classifica\u00e7\u00e3o para o recebimento da bolsa.<\/p>\n<p style=\"text-align: justify;\">Al\u00e9m disso, do total de vagas,&nbsp;<b>20% ser\u00e3o destinadas a autodeclarados pretos, pardos e ind\u00edgenas<\/b>, utilizando por analogia a Lei 12.711, de 29 de agosto de 2012, que rege o Sisu. O PET Educom Clima, junto \u00e0 Pr\u00f3-Reitoria de Gradua\u00e7\u00e3o (PROGRAD), far\u00e1 a confer\u00eancia da autodeclara\u00e7\u00e3o de preto, pardo ou ind\u00edgena, mediante o n\u00famero de matr\u00edcula. A autodeclara\u00e7\u00e3o para concorrer \u00e0s vagas deste edital deve coincidir com a forma de ingresso na UFSM (ingressantes da cota racial).<\/p>\n<p style=\"text-align: justify;\"><strong>O processo seletivo conta com tr\u00eas fases<\/strong>:<\/p>\n<ol style=\"text-align: justify;\">\n<li>Avalia\u00e7\u00e3o das informa\u00e7\u00f5es da inscri\u00e7\u00e3o e do hist\u00f3rico escolar.<\/li>\n<li>Entrevistas (presenciais) com a comiss\u00e3o de sele\u00e7\u00e3o, composta pela Prof.\u00aa Dr.\u00aa Cl\u00e1udia Hertes de Moraes, futura tutora do grupo PET, e pela Prof.\u00aa Dr.\u00aa Lana Campanella, docente convidada da \u00e1rea de Comunica\u00e7\u00e3o Social.<\/li>\n<li>Prova de texto (presencial) que contar\u00e1 com reda\u00e7\u00e3o sobre tema atual (o tema ser\u00e1 proposto no dia da prova).<\/li>\n<\/ol>\n<p style=\"text-align: justify;\"><strong>Como se inscrever?<\/strong><\/p>\n<ol style=\"text-align: justify;\">\n<li>Fazer o preenchimento do formul\u00e1rio de inscri\u00e7\u00e3o (entrar com o e-mail do google, de prefer\u00eancia o e-mail institucional \u2013 acad.ufsm).&nbsp;<strong>Link do formul\u00e1rio:&nbsp;<a href=\"https:\/\/forms.gle\/H35vo6afjT15U6wE8\" target=\"_blank\" rel=\"noopener\">https:\/\/forms.gle\/H35vo6afjT15U6wE8<\/a><\/strong><\/li>\n<li>No formul\u00e1rio,<strong>&nbsp;\u00e9 necess\u00e1rio subir (anexar) os seguintes documentos em PDF<\/strong>: 1) Atestado de v\u00ednculo com o Curso de Gradua\u00e7\u00e3o (emitido pelo Portal do Aluno); 2) Comprovante de Benef\u00edcio Socioecon\u00f4mico (quanto houver); 3) Hist\u00f3rico Escolar (emitido pelo Portal do Aluno); 4) Documento de Identifica\u00e7\u00e3o oficial, com foto; 5) Autodeclara\u00e7\u00e3o (quando da concorr\u00eancia em vagas reservadas, conforme item 2.2 no edital).<\/li>\n<\/ol>\n<p style=\"text-align: justify;\"><strong>O resultado final da sele\u00e7\u00e3o ser\u00e1 divulgado no dia 26 de novembro de 2024<\/strong>.<\/p>\n<p style=\"text-align: justify;\"><a href=\"https:\/\/www.ufsm.br\/pro-reitorias\/prograd\/editais\/117-2024\" target=\"_blank\" rel=\"noopener\"><strong>Acesse o edital<\/strong><\/a>.<\/p>\n<p style=\"text-align: justify;\">Informa\u00e7\u00f5es adicionais poder\u00e3o ser obtidas pelo e-mail&nbsp;<a class=\"notranslate\" href=\"mailto:claudia.moraes@ufsm.br\"><strong>claudia.moraes@ufsm.br<\/strong><\/a>.<\/p>\n<p style=\"text-align: justify;\"><em>Fonte: Maria Lu\u00edsa Lima e Mariana Mar\u00e7al<a href=\"https:\/\/www2.comunitaria.com.br\/en\/pet-de-comunicacao-ja-e-realidade-na-ufsm-fw\/ressocializar-um-ato-de-amor-1-1-768x768\/\" rel=\"attachment wp-att-66839\"><img loading=\"lazy\" decoding=\"async\" class=\"aligncenter size-full wp-image-66839\" src=\"http:\/\/www2.comunitaria.com.br\/wp-content\/uploads\/2024\/11\/Ressocializar-um-ato-de-amor-1-1-768x768-1.jpg\" alt=\"\" width=\"768\" height=\"768\" srcset=\"https:\/\/www2.comunitaria.com.br\/wp-content\/uploads\/2024\/11\/Ressocializar-um-ato-de-amor-1-1-768x768-1.jpg 768w, https:\/\/www2.comunitaria.com.br\/wp-content\/uploads\/2024\/11\/Ressocializar-um-ato-de-amor-1-1-768x768-1-300x300.jpg 300w, https:\/\/www2.comunitaria.com.br\/wp-content\/uploads\/2024\/11\/Ressocializar-um-ato-de-amor-1-1-768x768-1-150x150.jpg 150w\" sizes=\"auto, (max-width: 768px) 100vw, 768px\" \/><\/a><\/em><\/p>","protected":false},"excerpt":{"rendered":"<p>O PET de Comunica\u00e7\u00e3o j\u00e1 \u00e9 uma realidade no campus da UFSM-FW. Com atividades marcadas para o&nbsp;in\u00edcio de dezembro&nbsp;de 2024, o grupo&nbsp;PET Educom Clima&nbsp;far\u00e1 sua estreia sob a tutoria da Prof\u00aa. Dr\u00aa. Claudia Hertes de Morais, contando com nove integrantes do corpo discente (bolsistas e n\u00e3o-bolsistas). Mas antes de tudo,&nbsp;voc\u00ea sabe o que significa PET?<\/p>\n<div class=\"read-more-wrapper\"><a class=\"read-more\" href=\"https:\/\/www2.comunitaria.com.br\/en\/pet-de-comunicacao-ja-e-realidade-na-ufsm-fw\/\" title=\"Read More\"> <span class=\"button\">Read More<\/span><\/a><\/div>","protected":false},"author":2,"featured_media":66839,"comment_status":"closed","ping_status":"closed","sticky":false,"template":"","format":"standard","meta":{"ngg_post_thumbnail":0,"footnotes":""},"categories":[44,42,3615,28,33],"tags":[413,1528,6946,1428],"class_list":["post-66838","post","type-post","status-publish","format-standard","has-post-thumbnail","hentry","category-educacao","category-fred-west","category-meio-ambiente","category-destaque","category-noticias","tag-educacao-2","tag-oportunidade","tag-pet-de-comunicacao","tag-ufsmfw"],"amp_enabled":true,"_links":{"self":[{"href":"https:\/\/www2.comunitaria.com.br\/en\/wp-json\/wp\/v2\/posts\/66838","targetHints":{"allow":["GET"]}}],"collection":[{"href":"https:\/\/www2.comunitaria.com.br\/en\/wp-json\/wp\/v2\/posts"}],"about":[{"href":"https:\/\/www2.comunitaria.com.br\/en\/wp-json\/wp\/v2\/types\/post"}],"author":[{"embeddable":true,"href":"https:\/\/www2.comunitaria.com.br\/en\/wp-json\/wp\/v2\/users\/2"}],"replies":[{"embeddable":true,"href":"https:\/\/www2.comunitaria.com.br\/en\/wp-json\/wp\/v2\/comments?post=66838"}],"version-history":[{"count":0,"href":"https:\/\/www2.comunitaria.com.br\/en\/wp-json\/wp\/v2\/posts\/66838\/revisions"}],"wp:featuredmedia":[{"embeddable":true,"href":"https:\/\/www2.comunitaria.com.br\/en\/wp-json\/wp\/v2\/media\/66839"}],"wp:attachment":[{"href":"https:\/\/www2.comunitaria.com.br\/en\/wp-json\/wp\/v2\/media?parent=66838"}],"wp:term":[{"taxonomy":"category","embeddable":true,"href":"https:\/\/www2.comunitaria.com.br\/en\/wp-json\/wp\/v2\/categories?post=66838"},{"taxonomy":"post_tag","embeddable":true,"href":"https:\/\/www2.comunitaria.com.br\/en\/wp-json\/wp\/v2\/tags?post=66838"}],"curies":[{"name":"wp","href":"https:\/\/api.w.org\/{rel}","templated":true}]}}