{"id":66832,"date":"2024-11-08T14:46:05","date_gmt":"2024-11-08T16:46:05","guid":{"rendered":"https:\/\/www2.comunitaria.com.br\/?p=66832"},"modified":"2024-11-08T14:46:06","modified_gmt":"2024-11-08T16:46:06","slug":"37o-bpm-realiza-a-entrega-de-medalhas-por-tempo-de-servico-aos-policiais-militares-com-10-20-e-30-anos-de-servico-na-corporacao","status":"publish","type":"post","link":"https:\/\/www2.comunitaria.com.br\/en\/37o-bpm-realiza-a-entrega-de-medalhas-por-tempo-de-servico-aos-policiais-militares-com-10-20-e-30-anos-de-servico-na-corporacao\/","title":{"rendered":"37\u00ba BPM realiza a entrega de medalhas por tempo de servi\u00e7o aos policiais militares com 10, 20 e 30 anos de servi\u00e7o na Corpora\u00e7\u00e3o"},"content":{"rendered":"<p style=\"text-align: justify;\">Na tarde desta quinta-feira (07\/11), ocorreu a solenidade de entrega de medalhas de servi\u00e7o policial militar, conferida aos policiais militares que completaram 10, 20 e 30 anos de efetivo servi\u00e7o na corpora\u00e7\u00e3o e foram considerados merecedores da referida honraria, sendo eles:<\/p>\n<p style=\"text-align: justify;\">Medalha de Bronze \u2013 10 anos de servi\u00e7o na Brigada Militar:<br \/>\n2\u00ba Sargento PM Jhonatan Felipe Vargas Ellwanger&nbsp;<br \/>\n2\u00ba Sargento PM Samuel Rigo&nbsp;<br \/>\n2\u00ba Sargento PM Francis Junian Arboit&nbsp;<br \/>\n2\u00ba Sargento PM Dalvane Vicente<br \/>\nSoldado Pm Arlei Marcos Reis&nbsp;<\/p>\n<p style=\"text-align: justify;\">Medalha de Prata \u2013 20 anos de servi\u00e7o na Brigada Militar:<\/p>\n<p style=\"text-align: justify;\">1\u00ba Tenente PM Marcio Paulo Zonin;<br \/>\n1\u00ba Tenente PM Marcio Andr\u00e9 Mezzaroba;<br \/>\n1\u00ba Sargento PM Vanderlei Outeiro;<br \/>\n1\u00ba Sargento PM Ricardo Vanelli;<br \/>\nSoldado PM Cristiano Teis Tibola;<\/p>\n<p style=\"text-align: justify;\">Medalha de Ouro \u2013 30 anos de servi\u00e7o na Brigada Militar:<br \/>\n2\u00ba Sargento PM Luis Roberto Melo.<\/p>\n<p style=\"text-align: justify;\">Medalha da Brigada Militar: concedida aos Policiais Militares com no m\u00ednimo, 10 anos de efetivo servi\u00e7o na Brigada Militar; estando em pleno exerc\u00edcio da atividade policial militar; comportamento disciplinar \u00f3timo, que no exerc\u00edcio de suas fun\u00e7\u00f5es tenham contribu\u00eddo efetivamente para o desenvolvimento, o aperfei\u00e7oamento e o aprimoramento das atividades da Brigada Militar.<\/p>\n<p style=\"text-align: justify;\">Soldado PM Fabio Tomaz Bilibiu &#8211; Medalha da Brigada Militar&nbsp;<\/p>\n<p style=\"text-align: justify;\"><em>Com informa\u00e7\u00f5es do 37\u00ba BPM\/Comunica\u00e7\u00e3o&nbsp;Social<\/em><\/p>\n<p style=\"text-align: justify;\"><em>Fonte: LA+<a href=\"https:\/\/www2.comunitaria.com.br\/en\/37o-bpm-realiza-a-entrega-de-medalhas-por-tempo-de-servico-aos-policiais-militares-com-10-20-e-30-anos-de-servico-na-corporacao\/90170888f6eb3a024f23bfc4adfe949a\/\" rel=\"attachment wp-att-66833\"><img loading=\"lazy\" decoding=\"async\" class=\"aligncenter size-full wp-image-66833\" src=\"http:\/\/www2.comunitaria.com.br\/wp-content\/uploads\/2024\/11\/90170888f6eb3a024f23bfc4adfe949a.jpeg\" alt=\"\" width=\"1680\" height=\"1176\" srcset=\"https:\/\/www2.comunitaria.com.br\/wp-content\/uploads\/2024\/11\/90170888f6eb3a024f23bfc4adfe949a.jpeg 1680w, https:\/\/www2.comunitaria.com.br\/wp-content\/uploads\/2024\/11\/90170888f6eb3a024f23bfc4adfe949a-300x210.jpeg 300w, https:\/\/www2.comunitaria.com.br\/wp-content\/uploads\/2024\/11\/90170888f6eb3a024f23bfc4adfe949a-1024x717.jpeg 1024w, https:\/\/www2.comunitaria.com.br\/wp-content\/uploads\/2024\/11\/90170888f6eb3a024f23bfc4adfe949a-768x538.jpeg 768w, https:\/\/www2.comunitaria.com.br\/wp-content\/uploads\/2024\/11\/90170888f6eb3a024f23bfc4adfe949a-1536x1075.jpeg 1536w, https:\/\/www2.comunitaria.com.br\/wp-content\/uploads\/2024\/11\/90170888f6eb3a024f23bfc4adfe949a-1200x840.jpeg 1200w\" sizes=\"auto, (max-width: 1680px) 100vw, 1680px\" \/><\/a><\/em><\/p>","protected":false},"excerpt":{"rendered":"<p>Na tarde desta quinta-feira (07\/11), ocorreu a solenidade de entrega de medalhas de servi\u00e7o policial militar, conferida aos policiais militares que completaram 10, 20 e 30 anos de efetivo servi\u00e7o&#8230;<\/p>","protected":false},"author":2,"featured_media":66833,"comment_status":"closed","ping_status":"closed","sticky":false,"template":"","format":"standard","meta":{"ngg_post_thumbnail":0,"footnotes":""},"categories":[42,33,36],"tags":[82],"class_list":["post-66832","post","type-post","status-publish","format-standard","has-post-thumbnail","hentry","category-fred-west","category-noticias","category-policia","tag-frederico-westphalen"],"amp_enabled":true,"_links":{"self":[{"href":"https:\/\/www2.comunitaria.com.br\/en\/wp-json\/wp\/v2\/posts\/66832","targetHints":{"allow":["GET"]}}],"collection":[{"href":"https:\/\/www2.comunitaria.com.br\/en\/wp-json\/wp\/v2\/posts"}],"about":[{"href":"https:\/\/www2.comunitaria.com.br\/en\/wp-json\/wp\/v2\/types\/post"}],"author":[{"embeddable":true,"href":"https:\/\/www2.comunitaria.com.br\/en\/wp-json\/wp\/v2\/users\/2"}],"replies":[{"embeddable":true,"href":"https:\/\/www2.comunitaria.com.br\/en\/wp-json\/wp\/v2\/comments?post=66832"}],"version-history":[{"count":0,"href":"https:\/\/www2.comunitaria.com.br\/en\/wp-json\/wp\/v2\/posts\/66832\/revisions"}],"wp:featuredmedia":[{"embeddable":true,"href":"https:\/\/www2.comunitaria.com.br\/en\/wp-json\/wp\/v2\/media\/66833"}],"wp:attachment":[{"href":"https:\/\/www2.comunitaria.com.br\/en\/wp-json\/wp\/v2\/media?parent=66832"}],"wp:term":[{"taxonomy":"category","embeddable":true,"href":"https:\/\/www2.comunitaria.com.br\/en\/wp-json\/wp\/v2\/categories?post=66832"},{"taxonomy":"post_tag","embeddable":true,"href":"https:\/\/www2.comunitaria.com.br\/en\/wp-json\/wp\/v2\/tags?post=66832"}],"curies":[{"name":"wp","href":"https:\/\/api.w.org\/{rel}","templated":true}]}}