{"id":66821,"date":"2024-11-07T18:00:47","date_gmt":"2024-11-07T20:00:47","guid":{"rendered":"https:\/\/www2.comunitaria.com.br\/?p=66821"},"modified":"2024-11-07T18:00:47","modified_gmt":"2024-11-07T20:00:47","slug":"legislativo-entrega-merito-farroupilha-barril-ao-casal-marcelino-e-alda-rizzotto","status":"publish","type":"post","link":"https:\/\/www2.comunitaria.com.br\/en\/legislativo-entrega-merito-farroupilha-barril-ao-casal-marcelino-e-alda-rizzotto\/","title":{"rendered":"Legislativo entrega M\u00e9rito Farroupilha Barril ao casal Marcelino e Alda Rizzotto"},"content":{"rendered":"<p style=\"text-align: justify;\"><span style=\"font-weight: 400;\">O casal tradicionalista Marcelino e Alda Rizzotto foi homenageado pelo Poder Legislativo de Frederico Westphalen na ter\u00e7a-feira, 5, em ato realizado no Plen\u00e1rio Hil\u00e1rio Piovesan. Na oportunidade, foi entregue a Condecora\u00e7\u00e3o M\u00e9rito Farroupilha Barril, em reconhecimento \u00e0s contribui\u00e7\u00f5es do casal \u00e0 preserva\u00e7\u00e3o, valoriza\u00e7\u00e3o e desenvolvimento da cultura e tradi\u00e7\u00e3o ga\u00facha no munic\u00edpio.&nbsp;<\/span><\/p>\n<p style=\"text-align: justify;\"><span style=\"font-weight: 400;\">Seu Marcelino e Dona Alda estiveram entre os cinco indicados \u00e0 premia\u00e7\u00e3o deste ano, que foi entregue pela C\u00e2mara em Sess\u00e3o Ordin\u00e1ria realizada no Parque de Exposi\u00e7\u00f5es, no m\u00eas de setembro, durante o 44\u00ba Acampamento Farrapo. Na ocasi\u00e3o, o casal n\u00e3o conseguiu estar presente por motivos de sa\u00fade e a entrega precisou ser remarcada para nova data.&nbsp;<\/span><\/p>\n<p style=\"text-align: justify;\"><span style=\"font-weight: 400;\">Al\u00e9m das placas, entregues pelo presidente Leandro Mazzutti e o vereador Jacques Douglas de Oliveira, dona Alda tamb\u00e9m recebeu um buqu\u00ea de flores das m\u00e3os da vereadora Aline Ferrari Caeran e Seu Marcelino uma cuia do vereador Raul Pazuch da Silva. Os parlamentares representaram todas as quatro bancadas da Casa Legislativa. \u201c\u00c9 uma alegria enorme recebermos voc\u00eas na C\u00e2mara, para celebrarmos a vida, uma vida de dedica\u00e7\u00e3o ao tradicionalismo e fortalecimento da cultura ga\u00facha. Deixamos aqui, em nome de todos os vereadores, o nosso muito obrigado\u201d, disse Mazzutti. \u201cPrecisamos continuar trabalhando para levar o tradicionalismo em frente, ajudando as comunidade e entidades no que elas precisarem. Estamos de bra\u00e7os abertos. Gratid\u00e3o pela homenagem\u201d, agradeceu Rizzotto.<\/span><\/p>\n<p style=\"text-align: justify;\">&nbsp;<\/p>\n<p style=\"text-align: justify;\"><b>Um legado ao tradicionalismo<\/b><\/p>\n<p style=\"text-align: justify;\"><span style=\"font-weight: 400;\">Marcelino Rizzotto nasceu em 09 de agosto de 1941, em Passo Fundo, mas \u00e9 frederiquense de cora\u00e7\u00e3o. Filho de Angelo Rizzotto e Dileta Enderle Rizzotto, foi pe\u00e3o do CTG P\u00e9 no Ch\u00e3o, duas vezes patr\u00e3o do CTG Rodeio da Quer\u00eancia, em 1995 e 1996, do qual por anos participou da patronagem da entidade gauchesca. Ao lado de sua esposa, Alda Pazuch Rizzotto, foi professor de dan\u00e7a de sal\u00e3o gauchesca por mais de 30 anos, formando cerca de 5 mil alunos.&nbsp;<\/span><\/p>\n<p style=\"text-align: justify;\"><span style=\"font-weight: 400;\">Em 2023, foram os patronos do 43\u00ba Acampamento Farrapo de Frederico Westphalen. Seu Marcelino tamb\u00e9m foi presidente da APAE por seis anos, entre 2008 e 2013. Ainda como contribui\u00e7\u00e3o, fez parte da Comiss\u00e3o que adquiriu a sede da campeira, juntamente de outros tradicionalistas ga\u00fachos na d\u00e9cada de 1990.<\/span><\/p>\n<p style=\"text-align: justify;\"><span style=\"font-weight: 400;\">J\u00e1 Alda Pazuch Rizzotto nasceu em 06 de fevereiro de 1949, em Frederico Westphalen, filha de Luiz Pazuch Sobrinho e Onorina Girardi Pazuch. Conheceu o CTG somente depois de casada, quando Seu Marcelino j\u00e1 fazia parte do tradicionalismo. Foi a\u00ed que a Dona Alda come\u00e7ou a fazer a sua pilcha e foi no primeiro jantar gauchesco no Clube Harmonia. Amante da dan\u00e7a, sempre participou dos cursos de dan\u00e7a do CTG.<\/span><\/p>\n<p style=\"text-align: justify;\"><span style=\"font-weight: 400;\">Tamb\u00e9m fez parte da patronagem do CTG Rodeio da Quer\u00eancia, como patroa, ao lado de Marcelino, al\u00e9m de participar na organiza\u00e7\u00e3o e vivenciar o Sarau de Prendas do CTG. Alda conta que participava de muito bailes de CTG da regi\u00e3o, juntamente da gauchada que se locomovia atrav\u00e9s de \u00f4nibus para participar das festividades.<\/span><\/p>\n<p style=\"text-align: justify;\"><span style=\"font-weight: 400;\">Casados h\u00e1 quase 60 anos, tiveram duas filhas Marcia Regina e Andrea, al\u00e9m de tem tr\u00eas netos, La\u00eds e Pedro e Dora.&nbsp;<\/span><\/p>\n<p style=\"text-align: justify;\"><span style=\"font-weight: 400;\">Nascido e criado em uma fam\u00edlia apaixonada pelo tradicionalismo ga\u00facho, Marcelino Rizzotto come\u00e7ou como frequentador de bailes, rodeios e demais eventos e hoje, ao lado da sua esposa Alda, o casal em si \u00e9 reconhecido no cen\u00e1rio gauchesco inspirando outros a seguirem o mesmo caminho de cultuar o tradicionalismo da cultura ga\u00facha. <a href=\"https:\/\/www2.comunitaria.com.br\/en\/legislativo-entrega-merito-farroupilha-barril-ao-casal-marcelino-e-alda-rizzotto\/entrega-merito-farroupilha-barril-marcelino-e-alda-rizzotto-6\/\" rel=\"attachment wp-att-66822\"><img loading=\"lazy\" decoding=\"async\" class=\"aligncenter size-full wp-image-66822\" src=\"http:\/\/www2.comunitaria.com.br\/wp-content\/uploads\/2024\/11\/Entrega-Merito-Farroupilha-Barril-Marcelino-e-Alda-Rizzotto-6.jpg\" alt=\"\" width=\"1260\" height=\"1680\" srcset=\"https:\/\/www2.comunitaria.com.br\/wp-content\/uploads\/2024\/11\/Entrega-Merito-Farroupilha-Barril-Marcelino-e-Alda-Rizzotto-6.jpg 1260w, https:\/\/www2.comunitaria.com.br\/wp-content\/uploads\/2024\/11\/Entrega-Merito-Farroupilha-Barril-Marcelino-e-Alda-Rizzotto-6-225x300.jpg 225w, https:\/\/www2.comunitaria.com.br\/wp-content\/uploads\/2024\/11\/Entrega-Merito-Farroupilha-Barril-Marcelino-e-Alda-Rizzotto-6-768x1024.jpg 768w, https:\/\/www2.comunitaria.com.br\/wp-content\/uploads\/2024\/11\/Entrega-Merito-Farroupilha-Barril-Marcelino-e-Alda-Rizzotto-6-1152x1536.jpg 1152w, https:\/\/www2.comunitaria.com.br\/wp-content\/uploads\/2024\/11\/Entrega-Merito-Farroupilha-Barril-Marcelino-e-Alda-Rizzotto-6-900x1200.jpg 900w, https:\/\/www2.comunitaria.com.br\/wp-content\/uploads\/2024\/11\/Entrega-Merito-Farroupilha-Barril-Marcelino-e-Alda-Rizzotto-6-1024x1365.jpg 1024w\" sizes=\"auto, (max-width: 1260px) 100vw, 1260px\" \/><\/a><\/span><\/p>","protected":false},"excerpt":{"rendered":"<p>O casal tradicionalista Marcelino e Alda Rizzotto foi homenageado pelo Poder Legislativo de Frederico Westphalen na ter\u00e7a-feira, 5, em ato realizado no Plen\u00e1rio Hil\u00e1rio Piovesan. Na oportunidade, foi entregue a&#8230;<\/p>","protected":false},"author":2,"featured_media":66822,"comment_status":"closed","ping_status":"closed","sticky":false,"template":"","format":"standard","meta":{"ngg_post_thumbnail":0,"footnotes":""},"categories":[3593,42,28,33],"tags":[5963],"class_list":["post-66821","post","type-post","status-publish","format-standard","has-post-thumbnail","hentry","category-cultura","category-fred-west","category-destaque","category-noticias","tag-camara-de-vereadores-fw"],"amp_enabled":true,"_links":{"self":[{"href":"https:\/\/www2.comunitaria.com.br\/en\/wp-json\/wp\/v2\/posts\/66821","targetHints":{"allow":["GET"]}}],"collection":[{"href":"https:\/\/www2.comunitaria.com.br\/en\/wp-json\/wp\/v2\/posts"}],"about":[{"href":"https:\/\/www2.comunitaria.com.br\/en\/wp-json\/wp\/v2\/types\/post"}],"author":[{"embeddable":true,"href":"https:\/\/www2.comunitaria.com.br\/en\/wp-json\/wp\/v2\/users\/2"}],"replies":[{"embeddable":true,"href":"https:\/\/www2.comunitaria.com.br\/en\/wp-json\/wp\/v2\/comments?post=66821"}],"version-history":[{"count":0,"href":"https:\/\/www2.comunitaria.com.br\/en\/wp-json\/wp\/v2\/posts\/66821\/revisions"}],"wp:featuredmedia":[{"embeddable":true,"href":"https:\/\/www2.comunitaria.com.br\/en\/wp-json\/wp\/v2\/media\/66822"}],"wp:attachment":[{"href":"https:\/\/www2.comunitaria.com.br\/en\/wp-json\/wp\/v2\/media?parent=66821"}],"wp:term":[{"taxonomy":"category","embeddable":true,"href":"https:\/\/www2.comunitaria.com.br\/en\/wp-json\/wp\/v2\/categories?post=66821"},{"taxonomy":"post_tag","embeddable":true,"href":"https:\/\/www2.comunitaria.com.br\/en\/wp-json\/wp\/v2\/tags?post=66821"}],"curies":[{"name":"wp","href":"https:\/\/api.w.org\/{rel}","templated":true}]}}